{"id":7978,"date":"2016-07-01T03:54:42","date_gmt":"2016-07-01T06:54:42","guid":{"rendered":"https:\/\/blogs.correiobraziliense.com.br\/aricunha\/?p=7978"},"modified":"2016-07-01T05:55:53","modified_gmt":"2016-07-01T08:55:53","slug":"estatais-para-que","status":"publish","type":"post","link":"https:\/\/blogs.correiobraziliense.com.br\/aricunha\/estatais-para-que\/","title":{"rendered":"Estatais para qu\u00ea?"},"content":{"rendered":"<p><i>DESDE 1960<\/i><\/p>\n<p>aricunha@dabr.com.br<\/p>\n<p>com Circe Cunha \/\/ circecunha.df@dabr.com.br com MAMFIL<\/p>\n<p>&nbsp;<\/p>\n<p>&nbsp;<\/p>\n<p>Tirem o mel da vista que os ursos param de vir roubar. A senten\u00e7a, v\u00e1lida nos parques naturais do Hemisf\u00e9rio Norte para manter os perigosos mam\u00edferos longe dos acampamentos humanos, serve tamb\u00e9m para o caso brasileiro das estatais.<\/p>\n<p>Afastando os pol\u00edticos e seus clubes partid\u00e1rios das empresas p\u00fablicas, estar\u00e1 resolvida boa parte dos flagelos da corrup\u00e7\u00e3o que se abatem sobre as estatais. Mas, numa linha direta de racioc\u00ednio, melhor mesmo \u00e9 vend\u00ea-las a quem possui o perfil correto para administr\u00e1-las dentro das regras de mercado: a iniciativa privada.<\/p>\n<p>Para um Estado que n\u00e3o consegue administrar e prover, com um m\u00ednimo de qualidade, os setores de sa\u00fade e educa\u00e7\u00e3o, que s\u00e3o obriga\u00e7\u00f5es constitucionais, n\u00e3o faz sentido que detenha o controle de enormes empresas apenas para produzir bens de consumo.<\/p>\n<p>Ao Estado interessa produzir seguran\u00e7a previdenci\u00e1ria, bem-estar social, amparo e prote\u00e7\u00e3o jur\u00eddica dos seus cidad\u00e3os, e n\u00e3o gasolina e lingotes de ferro. A Lei Geral das Estatais, em gesta\u00e7\u00e3o suspensa agora no Congresso, reflete bem o efeito nefasto da inger\u00eancia pol\u00edtica em cargos e diretorias de estatais e fundos de pens\u00e3o.<\/p>\n<p>Com os superesc\u00e2ndalos de corrup\u00e7\u00e3o que v\u00e3o sendo levantados paulatinamente pelas investiga\u00e7\u00f5es da Opera\u00e7\u00e3o Lava-Jato, foi preciso a confec\u00e7\u00e3o de um conjunto de normas, que, em outras palavras, visam unicamente conter a razia sobre uma centena de empresas p\u00fablicas. Est\u00e1 mais do que confirmado que as indica\u00e7\u00f5es pol\u00edticas est\u00e3o entre as principais causas das centenas de casos de corrup\u00e7\u00e3o chegam , a todo momento ao conhecimento do p\u00fablico.<\/p>\n<p>Nos \u00faltimos anos, chegou-se ao requinte que colocar essas empresas e seus fundos de pens\u00e3o a servi\u00e7o dos interesses direto dos partidos. Somente no setor das estatais, h\u00e1 uma m\u00e9dia de 400 diretorias que s\u00e3o preenchidas de acordo com a necessidade dos 40 partidos existentes. Outros 700 cargos, em empresas e \u00f3rg\u00e3os p\u00fablicos, aguardam o mesmo destino.<\/p>\n<p>N\u00e3o adiante, nesses casos, antepor mecanismos de controle nessas empresas. Eles simplesmente n\u00e3o funcionam a contento quando quem est\u00e1 no lado de dentro do balc\u00e3o \u00e9 algu\u00e9m blindado pela chamada prerrogativa de foro.<\/p>\n<p>A denominada governan\u00e7a se mostrou in\u00f3cua quando a empresa, no caso, \u00e9 p\u00fablica. Os casos que mostram os estragos feitos por esse tipo de gest\u00e3o em empresas como a Petrobras e Eletrobras s\u00e3o exemplares e n\u00e3o devem ser esquecidos sob pena de virmos a repetir n\u00e3o apenas os mesmos erros e deslizes \u00e9ticos de sempre, mas sobretudo perpetuar os preju\u00edzos bilion\u00e1rios em cima de uma sociedade j\u00e1 exangue.<\/p>\n<p>&nbsp;<\/p>\n<p><b>A frase que foi pronunciada<\/b><\/p>\n<p><i>\u201cNo famoso quadro de Pedro Am\u00e9rico, que glorifica o Grito do Ipiranga, aparece a figura at\u00f4nita e circunstancial do tropeiro, s\u00edmbolo do povo, que via, mas n\u00e3o participava do acontecimento.\u201d<\/i><\/p>\n<p>Ulysses Guimar\u00e3es<\/p>\n<p>&nbsp;<\/p>\n<p><b>Dan\u00e7a<\/b><\/p>\n<p>De 11 a 31 de julho, Bras\u00edlia recebe a 26\u00aa edi\u00e7\u00e3o do Semin\u00e1rio Internacional de Dan\u00e7a de Bras\u00edlia. Neste ano, a homenagem ser\u00e1 em mem\u00f3ria do dramaturgo ingl\u00eas William Shakespeare e dos 400 anos da morte do romancista castelhano Miguel de Cervantes. Inscri\u00e7\u00f5es no portal www.dancebrasil.art.br.<\/p>\n<p>&nbsp;<\/p>\n<p><b>Sonhos<\/b><\/p>\n<p>Os 25 anos de dedica\u00e7\u00e3o da bailarina, core\u00f3grafa e professora Gis\u00e8le Santoro a tornaram refer\u00eancia nacional e internacional. O festival contempla os amantes da cultura e da dan\u00e7a com espet\u00e1culos gratuitos, al\u00e9m de dar oportunidade para que as \u201cpratas da casa\u201d entrem em companhias renomadas mundialmente.<\/p>\n<p><b>Release<\/b><\/p>\n<p>Solidariedade \u2014 Com o frio quem tem feito, os mais necessitados poder\u00e3o contar com a doa\u00e7\u00e3o de cobertores e agasalhos feita por estudantes interessados no aul\u00e3o beneficente de Reda\u00e7\u00e3o Oficial, do IMP Concursos, no s\u00e1bado (9\/7), das14h15 \u00e0s 17h15, na 603 Sul. Para participar, basta fazer a inscri\u00e7\u00e3o pelo site, e confirma\u00e7\u00e3o antecipada mediante a doa\u00e7\u00e3o na secretaria de alguma unidade.<\/p>\n<p>&nbsp;<\/p>\n<p><b>Hist\u00f3ria de Bras\u00edlia<\/b><\/p>\n<p>A luta pelo minist\u00e9rio tem sido uma esp\u00e9cie de \u201cqueda de corpo\u201d, capoeira, e rebanada, cada um puxando a brasa para a sua sardinha, vendo-se que o braseiro \u00e9 t\u00e3o pequeno&#8230; (Publicado em 9\/9\/1961)<\/p>\n","protected":false},"excerpt":{"rendered":"<p>DESDE 1960 aricunha@dabr.com.br com Circe Cunha \/\/ circecunha.df@dabr.com.br com MAMFIL &nbsp; &nbsp; Tirem o mel da vista que os ursos param de vir roubar. A senten\u00e7a, v\u00e1lida nos parques naturais do Hemisf\u00e9rio Norte para manter os perigosos mam\u00edferos longe dos acampamentos humanos, serve tamb\u00e9m para o caso brasileiro das estatais. Afastando os pol\u00edticos e seus clubes partid\u00e1rios das empresas p\u00fablicas, [&hellip;]<\/p>\n","protected":false},"author":34,"featured_media":0,"comment_status":"closed","ping_status":"closed","sticky":false,"template":"","format":"standard","meta":{"footnotes":""},"categories":[23],"tags":[],"class_list":["post-7978","post","type-post","status-publish","format-standard","hentry","category-integra"],"_links":{"self":[{"href":"https:\/\/blogs.correiobraziliense.com.br\/aricunha\/wp-json\/wp\/v2\/posts\/7978","targetHints":{"allow":["GET"]}}],"collection":[{"href":"https:\/\/blogs.correiobraziliense.com.br\/aricunha\/wp-json\/wp\/v2\/posts"}],"about":[{"href":"https:\/\/blogs.correiobraziliense.com.br\/aricunha\/wp-json\/wp\/v2\/types\/post"}],"author":[{"embeddable":true,"href":"https:\/\/blogs.correiobraziliense.com.br\/aricunha\/wp-json\/wp\/v2\/users\/34"}],"replies":[{"embeddable":true,"href":"https:\/\/blogs.correiobraziliense.com.br\/aricunha\/wp-json\/wp\/v2\/comments?post=7978"}],"version-history":[{"count":2,"href":"https:\/\/blogs.correiobraziliense.com.br\/aricunha\/wp-json\/wp\/v2\/posts\/7978\/revisions"}],"predecessor-version":[{"id":7980,"href":"https:\/\/blogs.correiobraziliense.com.br\/aricunha\/wp-json\/wp\/v2\/posts\/7978\/revisions\/7980"}],"wp:attachment":[{"href":"https:\/\/blogs.correiobraziliense.com.br\/aricunha\/wp-json\/wp\/v2\/media?parent=7978"}],"wp:term":[{"taxonomy":"category","embeddable":true,"href":"https:\/\/blogs.correiobraziliense.com.br\/aricunha\/wp-json\/wp\/v2\/categories?post=7978"},{"taxonomy":"post_tag","embeddable":true,"href":"https:\/\/blogs.correiobraziliense.com.br\/aricunha\/wp-json\/wp\/v2\/tags?post=7978"}],"curies":[{"name":"wp","href":"https:\/\/api.w.org\/{rel}","templated":true}]}}