{"id":7972,"date":"2016-06-30T03:15:09","date_gmt":"2016-06-30T06:15:09","guid":{"rendered":"https:\/\/blogs.correiobraziliense.com.br\/aricunha\/?p=7972"},"modified":"2016-06-30T05:15:56","modified_gmt":"2016-06-30T08:15:56","slug":"atencao-primaria-e-saida","status":"publish","type":"post","link":"https:\/\/blogs.correiobraziliense.com.br\/aricunha\/atencao-primaria-e-saida\/","title":{"rendered":"Aten\u00e7\u00e3o prim\u00e1ria \u00e9 a sa\u00edda"},"content":{"rendered":"<p><i>DESDE 1960<\/i><\/p>\n<p>aricunha@dabr.com.br<\/p>\n<p>com Circe Cunha \/\/ circecunha.df@dabr.com.br com MAMFIL<\/p>\n<p>&nbsp;<\/p>\n<p>&nbsp;<\/p>\n<p>Territorializar o atendimento \u00e0 sa\u00fade da fam\u00edlia, dando aten\u00e7\u00e3o prim\u00e1ria in loco aos casos de menor complexidade e, assim, desafogar as emerg\u00eancias dos hospitais p\u00fablicos. Esse \u00e9 o novo modelo de sa\u00fade que o GDF tem procurado implantar para conter a crise avassaladora que h\u00e1 anos acomete o setor de sa\u00fade p\u00fablica na capital. O secret\u00e1rio de Sa\u00fade do DF, Humberto Fonseca, especialista em medicina da fam\u00edlia, traz, paulatinamente, para Bras\u00edlia modelo parecido que funciona, h\u00e1 alguns anos e com certo sucesso, na cidade do Rio de Janeiro.<\/p>\n<p>A ideia do titular da pasta \u00e9 driblar a falta cr\u00f4nica de recursos e partir para modelo de atendimento alternativo de assist\u00eancia \u00e0 sa\u00fade, fazendo dos atuais Centros de Sa\u00fade porta de entrada da popula\u00e7\u00e3o que busca atendimento m\u00e9dico. A falta de m\u00e9dicos e de recursos, somada ao aumento exponencial na demanda, tem lotado emerg\u00eancias e hospitais, prejudicando a todos indistintamente.<\/p>\n<p>Governos passados tentaram a implanta\u00e7\u00e3o da f\u00f3rmula de sa\u00fade da fam\u00edlia a fim de antecipar o atendimento, filtrar casos e orientar as pessoas sobre procedimentos b\u00e1sicos de sa\u00fade e higiene. Motivos de ordem pol\u00edtica e m\u00e1 vontade de sindicatos fizeram desandar o projeto, que foi simplesmente abandonado, depois de desperdi\u00e7arem grandes somas de recursos p\u00fablicos.<\/p>\n<p>Por esse motivo, o novo modelo trazido agora desperta reservas, n\u00e3o pela qualidade do projeto em si, que parece sensato e adequado, mas pelas d\u00favidas quanto ao seu prosseguimento nos pr\u00f3ximos governos, j\u00e1 que na \u00e1rea o tempo de matura\u00e7\u00e3o de qualquer modelo \u00e9 que confirmar\u00e1 se ele \u00e9 ou n\u00e3obom para a popula\u00e7\u00e3o.<\/p>\n<p>&nbsp;<\/p>\n<p><b>A frase que n\u00e3o foi pronunciada<\/b><\/p>\n<p><i>\u201cA per\u00edcia da comiss\u00e3o do impeachment parecia mais uma perip\u00e9cia do que per\u00edcia.\u201d<\/i><\/p>\n<p>Jornalista no corredor das comiss\u00f5es<\/p>\n<p>&nbsp;<\/p>\n<p><b>Bate-papo<\/b><\/p>\n<p>Na parada do Pal\u00e1cio do Planalto, a conversa era a sa\u00edda da Inglaterra da Uni\u00e3o Europeia. A amiga perguntou para a outra: E agora? O que ser\u00e1 que vai acontecer? A resposta: Fia, reza para n\u00e3o pegar dengue nem ser assaltada l\u00e1 no Jardim Ing\u00e1 que j\u00e1 est\u00e1 de bom tamanho.<\/p>\n<p>&nbsp;<\/p>\n<p><b>Autoescola<\/b><\/p>\n<p>H\u00e1 uma explica\u00e7\u00e3o para a imprud\u00eancia dos motoqueiros na cidade. No momento da pr\u00e1tica, falta um est\u00e1gio nos hospitais na ala dos motoqueiros acidentados. Com certeza seria um est\u00edmulo ao ju\u00edzo.<\/p>\n<p>&nbsp;<\/p>\n<p><b>Sil\u00eancio<\/b><\/p>\n<p>Grupo de pesquisa c\u00eanica do Sesc apresenta at\u00e9 3 de julho, \u00e0s 20h, no Teatro Sesc Garagem da 913 Sul uma hist\u00f3ria real que revolucionou a comunica\u00e7\u00e3o e ensinou que tudo \u00e9 poss\u00edvel: O milagre das m\u00e3os.<\/p>\n<p>&nbsp;<\/p>\n<p><b>Cr\u00e9dito<\/b><\/p>\n<p>Agricultores rurais recebem mais de R$ 300 mil em cartas de cr\u00e9dito do Prospera DF. A not\u00edcia \u00e9 do Twitter do GDF.<\/p>\n<p>&nbsp;<\/p>\n<p><b>Release<\/b><\/p>\n<p>Elijonas Maia informa que o secret\u00e1rio adjunto do Trabalho do DF, Thiago Jarjour, recebeu, ontem, a medalha Alferes Joaquim Jos\u00e9 da Silva Xavier \u2014 Medalha Tiradentes. Essa \u00e9 a mais importante distin\u00e7\u00e3o honrosa da Pol\u00edcia Militar. Na solenidade, na Academia da PMDF, foram agraciados policiais, servidores da Seguran\u00e7a, secret\u00e1rios de Estado e parlamentares. Jarjour recebeu a medalha, no grau comendador, das m\u00e3os do governador Rodrigo Rollemberg pelos servi\u00e7os prestados \u00e0 sociedade.<\/p>\n<p>&nbsp;<\/p>\n<p><b>Laborat\u00f3rio<\/b><\/p>\n<p>CNJ usa como instrumento de media\u00e7\u00e3o a Constela\u00e7\u00e3o Familiar, t\u00e9cnica desenvolvida pelo terapeuta e pedagogo alem\u00e3o Bert Hellinger. Por tr\u00e1s das demandas judiciais, h\u00e1 raz\u00f5es que s\u00e3o destrinchadas com a t\u00e9cnica. Al\u00e9m da solu\u00e7\u00e3o da lide, a paz social \u00e9 alcan\u00e7ada.<\/p>\n<p>&nbsp;<\/p>\n<p><b>Hist\u00f3ria de Bras\u00edlia<\/b><\/p>\n<p>O que \u00e9 fato \u00e9 que todo o mundo votou o parlamentarismo, e, nos dias de posse, nenhum dos parlamentaristas soube explicar \u00e0 reportagem o mecanismo do regime, o que aconteceria, como deveria ser resolvido este e aquele caso. (Publicado em 9\/9\/1961)<\/p>\n","protected":false},"excerpt":{"rendered":"<p>DESDE 1960 aricunha@dabr.com.br com Circe Cunha \/\/ circecunha.df@dabr.com.br com MAMFIL &nbsp; &nbsp; Territorializar o atendimento \u00e0 sa\u00fade da fam\u00edlia, dando aten\u00e7\u00e3o prim\u00e1ria in loco aos casos de menor complexidade e, assim, desafogar as emerg\u00eancias dos hospitais p\u00fablicos. Esse \u00e9 o novo modelo de sa\u00fade que o GDF tem procurado implantar para conter a crise avassaladora que h\u00e1 anos acomete o [&hellip;]<\/p>\n","protected":false},"author":34,"featured_media":0,"comment_status":"closed","ping_status":"closed","sticky":false,"template":"","format":"standard","meta":{"footnotes":""},"categories":[23],"tags":[],"class_list":["post-7972","post","type-post","status-publish","format-standard","hentry","category-integra"],"_links":{"self":[{"href":"https:\/\/blogs.correiobraziliense.com.br\/aricunha\/wp-json\/wp\/v2\/posts\/7972","targetHints":{"allow":["GET"]}}],"collection":[{"href":"https:\/\/blogs.correiobraziliense.com.br\/aricunha\/wp-json\/wp\/v2\/posts"}],"about":[{"href":"https:\/\/blogs.correiobraziliense.com.br\/aricunha\/wp-json\/wp\/v2\/types\/post"}],"author":[{"embeddable":true,"href":"https:\/\/blogs.correiobraziliense.com.br\/aricunha\/wp-json\/wp\/v2\/users\/34"}],"replies":[{"embeddable":true,"href":"https:\/\/blogs.correiobraziliense.com.br\/aricunha\/wp-json\/wp\/v2\/comments?post=7972"}],"version-history":[{"count":1,"href":"https:\/\/blogs.correiobraziliense.com.br\/aricunha\/wp-json\/wp\/v2\/posts\/7972\/revisions"}],"predecessor-version":[{"id":7974,"href":"https:\/\/blogs.correiobraziliense.com.br\/aricunha\/wp-json\/wp\/v2\/posts\/7972\/revisions\/7974"}],"wp:attachment":[{"href":"https:\/\/blogs.correiobraziliense.com.br\/aricunha\/wp-json\/wp\/v2\/media?parent=7972"}],"wp:term":[{"taxonomy":"category","embeddable":true,"href":"https:\/\/blogs.correiobraziliense.com.br\/aricunha\/wp-json\/wp\/v2\/categories?post=7972"},{"taxonomy":"post_tag","embeddable":true,"href":"https:\/\/blogs.correiobraziliense.com.br\/aricunha\/wp-json\/wp\/v2\/tags?post=7972"}],"curies":[{"name":"wp","href":"https:\/\/api.w.org\/{rel}","templated":true}]}}