{"id":7967,"date":"2016-06-29T03:36:08","date_gmt":"2016-06-29T06:36:08","guid":{"rendered":"https:\/\/blogs.correiobraziliense.com.br\/aricunha\/?p=7967"},"modified":"2016-06-29T06:38:57","modified_gmt":"2016-06-29T09:38:57","slug":"um-forum-mundial-para-agua","status":"publish","type":"post","link":"https:\/\/blogs.correiobraziliense.com.br\/aricunha\/um-forum-mundial-para-agua\/","title":{"rendered":"Um f\u00f3rum mundial para a \u00e1gua"},"content":{"rendered":"<p>Desde 1960<\/p>\n<p>aricunha@dabr.com.br com<\/p>\n<p>Circe Cunha \/\/ circecunha.df@dabr.com.br e MAMFIL<\/p>\n<p>&nbsp;<\/p>\n<p>Promover a conscientiza\u00e7\u00e3o, construir compromissos pol\u00edticos e provocar a\u00e7\u00f5es em temas cr\u00edticos relacionados \u00e0 \u00e1gua para facilitar a sua conserva\u00e7\u00e3o, prote\u00e7\u00e3o, desenvolvimento, planejamento, gest\u00e3o e uso eficiente, em todas as dimens\u00f5es, com base na sustentabilidade ambiental, para o benef\u00edcio de toda a vida na Terra. A partir desse ide\u00e1rio, a organiza\u00e7\u00e3o internacional conhecida por Conselho Mundial da \u00c1gua vem chamando a aten\u00e7\u00e3o dos pa\u00edses para a urg\u00eancia em debater estrat\u00e9gias para a preserva\u00e7\u00e3o desse importante e vital recurso mineral para a humanidade. Em 2018, ser\u00e1 a vez de Bras\u00edlia sediar o 8\u00ba F\u00f3rum Mundial da \u00c1gua. Ser\u00e3o mais de 70 pa\u00edses representados, com a expectativa de que mais de 30 mil pessoas participem das diversas reuni\u00f5es e debates.<\/p>\n<p>Com um tema atual\u00edssimo, o conselho vem despertando preocupa\u00e7\u00f5es em todo o planeta, sobretudo pelos alertas feitos pela comunidade cient\u00edfica internacional acerca da intensifica\u00e7\u00e3o dos fen\u00f4menos clim\u00e1ticos decorrentes do aquecimento global.<\/p>\n<p>O fen\u00f4meno, causado pela grande queima de combust\u00edveis f\u00f3sseis e outros fatores provocados pela a\u00e7\u00e3o do ser humano, vem sendo sentido de forma cada vez mais intensa em todo o planeta. Secas e inunda\u00e7\u00f5es. Ondas de calor e frio intensos. Tornados e ciclones gigantes, inclusive em \u00e1reas antes livres desses fen\u00f4menos, v\u00eam ocorrendo com frequ\u00eancia cada vez maior e com resultados s\u00e9rios para a economia mundial e a pr\u00f3pria vida sobre o planeta.<\/p>\n<p>Especialistas concordam que os desafios para garantir o acesso \u00e0 \u00e1gua pot\u00e1vel nas pr\u00f3ximas d\u00e9cadas ser\u00e3o imensos, por isso \u00e9 preciso a ado\u00e7\u00e3o de a\u00e7\u00f5es preventivas imediatas, com grandes investimentos em reservas h\u00eddricas, principalmente em barragens, saneamento com coleta e tratamento de esgoto e m\u00e9todos mais atuais de dessaliniza\u00e7\u00e3o da \u00e1gua mar\u00edtima.<\/p>\n<p>Com a escassez crescente da \u00e1gua em todo o mundo, um novo tema foi introduzido nos debates e vem causando pol\u00eamicas. Trata-se do compartilhamento de rios. Temas como a conveni\u00eancia da transposi\u00e7\u00e3o do Rio S\u00e3o Francisco, defendido por muitos, ser\u00e3o abordados, principalmente agora quando o Nordeste brasileiro \u00e9 castigado pela maior seca dos \u00faltimos 50 anos. O pior \u00e9 que os progn\u00f3sticos feitos por cientistas renomados s\u00e3o de que os per\u00edodos de estiagem ser\u00e3o ainda mais severos nos pr\u00f3ximos anos e com consequ\u00eancias imprevis\u00edveis.<\/p>\n<p>&nbsp;<\/p>\n<p><b>A frase que foi pronunciada<\/b><\/p>\n<p><i>\u201cA omiss\u00e3o \u00e9 uma motiva\u00e7\u00e3o branda e um convite \u00e0 corrup\u00e7\u00e3o.\u201d<\/i><\/p>\n<p>Clodomir Padilha Alves da Silva, economista, meteorologista e meu amigo<\/p>\n<p>&nbsp;<\/p>\n<p><b>Margarita Morales<\/b><\/p>\n<p>Amanh\u00e3 conhe\u00e7a a viv\u00eancia de constela\u00e7\u00e3o familiar. Ser\u00e1 no espa\u00e7o Aliah, na 303 Norte, \u00e0s 19h30. R$ 20. Margarita Morales \u00e9 coach ontol\u00f3gica h\u00e1 mais de 15 anos. Atua em terapias integrativas a exemplo de constela\u00e7\u00f5es familiares e consci\u00eancia corporal. Vale conhecer.<\/p>\n<p>&nbsp;<\/p>\n<p><b>Sustente-se<\/b><\/p>\n<p>Quando falam em sustentabilidade, parece que \u00e9 uma coisa de outro mundo. Ningu\u00e9m percebe que para plantar uma \u00e1rvore bastam terra, semente e chuva? \u00c9 de gra\u00e7a. Agora na estiagem \u00e9 o momento de plantar nos saquinhos para passar para o ch\u00e3o com a vinda das \u00e1guas. T\u00e3o simples. Frutas e flores cabem em qualquer lugar.<\/p>\n<p>&nbsp;<\/p>\n<p><b>Ah t\u00e1!<\/b><\/p>\n<p>Esta foi boa. Chega de Washington a not\u00edcia que garante que a atividade dos hackers chineses diminuiu. Eles tentam menos burlar o sigilo comercial norte-americano. Mas se o procurador-geral assistente John Carlin tivesse certeza disso, n\u00e3o haveria hackers.<\/p>\n<p>&nbsp;<\/p>\n<p><b>Portugu\u00eas<\/b><\/p>\n<p>Propaganda \u00e9 mesmo a alma do neg\u00f3cio. \u00a0Vejo o t\u00edtulo da correspond\u00eancia na mesa. \u201cAjude a fundar o partido do pequeno e microempres\u00e1rio brasileiro no seu munic\u00edpio\u201d. Afundar? Mais? O pequeno e microempres\u00e1rio brasileiros est\u00e3o afogados h\u00e1 muito tempo.<\/p>\n<p>&nbsp;<\/p>\n<p><b>Hist\u00f3ria de Bras\u00edlia<\/b><\/p>\n<p>Isto quer dizer que qualquer dia o sr. Esmerino Arruda poder\u00e1 obter uma vit\u00f3ria, com a sua emenda, desde que o Congresso a tanto seja constrangido. (Publicado em 9\/9\/1961)<\/p>\n","protected":false},"excerpt":{"rendered":"<p>Desde 1960 aricunha@dabr.com.br com Circe Cunha \/\/ circecunha.df@dabr.com.br e MAMFIL &nbsp; Promover a conscientiza\u00e7\u00e3o, construir compromissos pol\u00edticos e provocar a\u00e7\u00f5es em temas cr\u00edticos relacionados \u00e0 \u00e1gua para facilitar a sua conserva\u00e7\u00e3o, prote\u00e7\u00e3o, desenvolvimento, planejamento, gest\u00e3o e uso eficiente, em todas as dimens\u00f5es, com base na sustentabilidade ambiental, para o benef\u00edcio de toda a vida na Terra. A partir desse ide\u00e1rio, [&hellip;]<\/p>\n","protected":false},"author":34,"featured_media":0,"comment_status":"closed","ping_status":"closed","sticky":false,"template":"","format":"standard","meta":{"footnotes":""},"categories":[23],"tags":[],"class_list":["post-7967","post","type-post","status-publish","format-standard","hentry","category-integra"],"_links":{"self":[{"href":"https:\/\/blogs.correiobraziliense.com.br\/aricunha\/wp-json\/wp\/v2\/posts\/7967","targetHints":{"allow":["GET"]}}],"collection":[{"href":"https:\/\/blogs.correiobraziliense.com.br\/aricunha\/wp-json\/wp\/v2\/posts"}],"about":[{"href":"https:\/\/blogs.correiobraziliense.com.br\/aricunha\/wp-json\/wp\/v2\/types\/post"}],"author":[{"embeddable":true,"href":"https:\/\/blogs.correiobraziliense.com.br\/aricunha\/wp-json\/wp\/v2\/users\/34"}],"replies":[{"embeddable":true,"href":"https:\/\/blogs.correiobraziliense.com.br\/aricunha\/wp-json\/wp\/v2\/comments?post=7967"}],"version-history":[{"count":1,"href":"https:\/\/blogs.correiobraziliense.com.br\/aricunha\/wp-json\/wp\/v2\/posts\/7967\/revisions"}],"predecessor-version":[{"id":7968,"href":"https:\/\/blogs.correiobraziliense.com.br\/aricunha\/wp-json\/wp\/v2\/posts\/7967\/revisions\/7968"}],"wp:attachment":[{"href":"https:\/\/blogs.correiobraziliense.com.br\/aricunha\/wp-json\/wp\/v2\/media?parent=7967"}],"wp:term":[{"taxonomy":"category","embeddable":true,"href":"https:\/\/blogs.correiobraziliense.com.br\/aricunha\/wp-json\/wp\/v2\/categories?post=7967"},{"taxonomy":"post_tag","embeddable":true,"href":"https:\/\/blogs.correiobraziliense.com.br\/aricunha\/wp-json\/wp\/v2\/tags?post=7967"}],"curies":[{"name":"wp","href":"https:\/\/api.w.org\/{rel}","templated":true}]}}