{"id":7964,"date":"2016-06-28T04:26:49","date_gmt":"2016-06-28T07:26:49","guid":{"rendered":"https:\/\/blogs.correiobraziliense.com.br\/aricunha\/?p=7964"},"modified":"2016-06-28T06:28:10","modified_gmt":"2016-06-28T09:28:10","slug":"nova-uniao-iberica","status":"publish","type":"post","link":"https:\/\/blogs.correiobraziliense.com.br\/aricunha\/nova-uniao-iberica\/","title":{"rendered":"Nova Uni\u00e3o Ib\u00e9rica"},"content":{"rendered":"<p>Desde 1960<\/p>\n<p>aricunha@dabr.com.br<\/p>\n<p>com Circe Cunha \/\/ circecunha.df@dabr.com.br e MAMFIL<\/p>\n<p>Com a debanda do Reino Unido da Uni\u00e3o Europeia, os formuladores do bloco foram, de certa forma, apanhados de surpresa. Ao que parece, na arquitetura do grupo comum, n\u00e3o havia mecanismos pr\u00e9vios de separa\u00e7\u00e3o e desmembramento abruptos. A sa\u00edda ligeira de um membro importante retirou um dos p\u00e9s de sustenta\u00e7\u00e3o do bloco, o que pode dar in\u00edcio a um processo de esfacelamento em cadeia de toda a Uni\u00e3o.<\/p>\n<p>Trata-se de um momento marcante de nossa hist\u00f3ria contempor\u00e2nea. O que para uns significa o in\u00edcio de uma crise sem precedentes, para outros, \u00e9 o sinal de que novas oportunidades e lucrativos rearranjos est\u00e3o se formando. Esse pode ser o caso da Am\u00e9rica Latina e de seu incipiente mercado comum, o Mercosul.<\/p>\n<p>As oportunidades se abrem, n\u00e3o s\u00f3 para todo o continente, mas para parte significativa da pr\u00f3pria Europa \u2014 principalmente para aqueles pa\u00edses que sempre foram alijados e tratados como perif\u00e9ricos da Uni\u00e3o Europeia. \u00c9 sabido que a entrada de pa\u00edses, como Portugal e Espanha no bloco, sempre foi vista com desconfian\u00e7a e retardada o m\u00e1ximo poss\u00edvel.<\/p>\n<p>O soci\u00f3logo Gilberto Freyre costumava afirmar que Portugal, por sua posi\u00e7\u00e3o geogr\u00e1fica e sua forma\u00e7\u00e3o hist\u00f3rica, era muito mais \u00c1frica do que Europa. Havia, em sua vis\u00e3o, uma certa \u201creverbera\u00e7\u00e3o lusotropical\u201d que incidia sobre os portugueses. Tamb\u00e9m a Espanha, por suas idiossincrasias hist\u00f3ricas, possui fortes liga\u00e7\u00f5es com os tr\u00f3picos.<\/p>\n<p>Talvez esteja nas caracter\u00edsticas formativas desses dois povos a oportunidade de nova reedi\u00e7\u00e3o da Uni\u00e3o Ib\u00e9rica, como ocorrida entre os anos 1580 a 1640, s\u00f3 que, agora, reformuladas dentro de uma perspectiva democr\u00e1tica de mercado comum. Nesse caso, imaginem o potencial fabuloso de um mercado comum ou um bloco do g\u00eanero formado por Portugal, Espanha e toda a Am\u00e9rica Latina. Que a Europa resistiria a um portento dessa magnitude. Se Espanha e Portugal s\u00e3o os primos pobres da Uni\u00e3o Europeia, o mesmo ocorre com a Am\u00e9rica Latina, tratada igualmente pelos \u201cirm\u00e3os do Norte\u201d (EUA e Canad\u00e1).<\/p>\n<p>A forma\u00e7\u00e3o de um mercado comum transoce\u00e2nico desse porte poderia se constituir num conjunto de for\u00e7as nunca antes experimentado, mas que permitiria aos pa\u00edses ib\u00e9ricos se transformarem numa nova pot\u00eancia dentro de uma Europa que os trata como membros de segunda categoria. Da mesma forma, a Am\u00e9rica Latina, uma vez superadas certas quest\u00f5es pol\u00edticas, como o bolivarianismo e outros vezos primitivos, se beneficiaria tremendamente. O que pode parecer um projeto ut\u00f3pico, com enormes barreiras a serem transpostas, pode ser t\u00e3o irreal, como foi um dia a ideia de um mercado comum europeu.<\/p>\n<p>&nbsp;<\/p>\n<p><b>A frase que n\u00e3o foi pronunciada<\/b><\/p>\n<p><i>\u201cDiz-me com quem andas e eu te direi se vou contigo.\u201d<\/i><\/p>\n<p>Bar\u00e3o de Itarar\u00e9<\/p>\n<p>&nbsp;<\/p>\n<p><b>Cuidado<\/b><\/p>\n<p>Mobilidade na Feira dos Importados e arredores \u00e9 palavra desconhecida. Cal\u00e7adas e desn\u00edveis tornam perigoso o trajeto at\u00e9 para atletas.<\/p>\n<p>&nbsp;<\/p>\n<p><b>Decib\u00e9is<\/b><\/p>\n<p>Ibram, o instituto respons\u00e1vel em manter a paz noturna dos cidad\u00e3os, n\u00e3o trabalha a contento. Se n\u00e3o h\u00e1 um n\u00famero telef\u00f4nico que atenda as liga\u00e7\u00f5es dos desesperados pelo sil\u00eancio na madrugada, de que adianta?<\/p>\n<p>&nbsp;<\/p>\n<p><b>Abuso<\/b><\/p>\n<p>\u201cA partir de agora voc\u00ea passa a receber mensagens publicit\u00e1rias com novidades e ofertas da Claro e de seus parceiros.\u201d Era s\u00f3 o que faltava. O cliente que n\u00e3o quiser essa superoferta precisa dedicar o seu tempo para cancelar o brinde.<\/p>\n<p>&nbsp;<\/p>\n<p><b>Futuro<\/b><\/p>\n<p>Almir Barbio, do Departamento Cultural da Portela; Luiz Carlos Magalh\u00e3es, vice-presidente da Portela; Moacyr Oliveira Filho, presidente da Aruc e do Consulado da Portela no DF; M\u00e1rcio Martins, do Consulado da Portela em Florian\u00f3polis (em forma\u00e7\u00e3o); e Rog\u00e9rio Rodrigues, diretor Cultural da Portela, se reuniram em um comit\u00ea alegre e descontra\u00eddo. No momento mais s\u00e9rio, o assunto discutido e mediado por Lu\u00eds Carlos Magalh\u00e3es foi o Carnaval al\u00e9m da Sapuca\u00ed.<\/p>\n<p>&nbsp;<\/p>\n<p><b>Hist\u00f3ria de Bras\u00edlia<\/b><\/p>\n<p>Igualmente, o mesmo Congresso vem, h\u00e1 16 anos, rejeitando a emenda do sr. Raul Pilla, que, ultimamente, vinha tendo, entre os deputados e senadores, a mesma considera\u00e7\u00e3o da emenda do sr. Esmerino Arruda, sobre a coincid\u00eancia de mandatos. (Publicado em 9\/9\/1961)<\/p>\n","protected":false},"excerpt":{"rendered":"<p>Desde 1960 aricunha@dabr.com.br com Circe Cunha \/\/ circecunha.df@dabr.com.br e MAMFIL Com a debanda do Reino Unido da Uni\u00e3o Europeia, os formuladores do bloco foram, de certa forma, apanhados de surpresa. Ao que parece, na arquitetura do grupo comum, n\u00e3o havia mecanismos pr\u00e9vios de separa\u00e7\u00e3o e desmembramento abruptos. A sa\u00edda ligeira de um membro importante retirou um dos p\u00e9s de sustenta\u00e7\u00e3o [&hellip;]<\/p>\n","protected":false},"author":34,"featured_media":0,"comment_status":"closed","ping_status":"closed","sticky":false,"template":"","format":"standard","meta":{"footnotes":""},"categories":[23],"tags":[],"class_list":["post-7964","post","type-post","status-publish","format-standard","hentry","category-integra"],"_links":{"self":[{"href":"https:\/\/blogs.correiobraziliense.com.br\/aricunha\/wp-json\/wp\/v2\/posts\/7964","targetHints":{"allow":["GET"]}}],"collection":[{"href":"https:\/\/blogs.correiobraziliense.com.br\/aricunha\/wp-json\/wp\/v2\/posts"}],"about":[{"href":"https:\/\/blogs.correiobraziliense.com.br\/aricunha\/wp-json\/wp\/v2\/types\/post"}],"author":[{"embeddable":true,"href":"https:\/\/blogs.correiobraziliense.com.br\/aricunha\/wp-json\/wp\/v2\/users\/34"}],"replies":[{"embeddable":true,"href":"https:\/\/blogs.correiobraziliense.com.br\/aricunha\/wp-json\/wp\/v2\/comments?post=7964"}],"version-history":[{"count":1,"href":"https:\/\/blogs.correiobraziliense.com.br\/aricunha\/wp-json\/wp\/v2\/posts\/7964\/revisions"}],"predecessor-version":[{"id":7965,"href":"https:\/\/blogs.correiobraziliense.com.br\/aricunha\/wp-json\/wp\/v2\/posts\/7964\/revisions\/7965"}],"wp:attachment":[{"href":"https:\/\/blogs.correiobraziliense.com.br\/aricunha\/wp-json\/wp\/v2\/media?parent=7964"}],"wp:term":[{"taxonomy":"category","embeddable":true,"href":"https:\/\/blogs.correiobraziliense.com.br\/aricunha\/wp-json\/wp\/v2\/categories?post=7964"},{"taxonomy":"post_tag","embeddable":true,"href":"https:\/\/blogs.correiobraziliense.com.br\/aricunha\/wp-json\/wp\/v2\/tags?post=7964"}],"curies":[{"name":"wp","href":"https:\/\/api.w.org\/{rel}","templated":true}]}}