{"id":7962,"date":"2016-06-26T11:06:44","date_gmt":"2016-06-26T14:06:44","guid":{"rendered":"https:\/\/blogs.correiobraziliense.com.br\/aricunha\/?p=7962"},"modified":"2016-06-27T11:07:16","modified_gmt":"2016-06-27T14:07:16","slug":"saida-pela-direita","status":"publish","type":"post","link":"https:\/\/blogs.correiobraziliense.com.br\/aricunha\/saida-pela-direita\/","title":{"rendered":"Sa\u00edda pela direita"},"content":{"rendered":"<p>DESDE 1960 \u00bb<\/p>\n<p>aricunha@dabr.com.br<\/p>\n<p>com Circe Cunha \/\/ circecunha.df@dabr.com.br<\/p>\n<p>&nbsp;<\/p>\n<p>Com a constru\u00e7\u00e3o do Eurot\u00fanel em 1994, ligando a Fran\u00e7a \u00e0 Inglaterra, a verve t\u00edpica dos ingleses produziu um coment\u00e1rio que traduz muito a vis\u00e3o daquele povo sobre o restante dos habitantes do planeta: \u201cAgora o continente n\u00e3o se encontra mais isolado\u201d. Individualismos \u00e0 parte, o certo \u00e9 que as fronteiras, todas elas, s\u00e3o arbitr\u00e1rias, e resultam de decis\u00f5es temporais e humanas e servem, em \u00faltima an\u00e1lise, para impedir que pessoas de outras culturas adentrem o territ\u00f3rio. No caso da decis\u00e3o agora, tomada por consulta popular, do Reino Unido abandonar a Uni\u00e3o Europeia, as consequ\u00eancias, como diria o fil\u00f3sofo de Mondubim, vir\u00e3o a posteriori e trar\u00e3o reflexos n\u00e3o s\u00f3 para a Inglaterra e UE, mas para o mundo Ocidental.<\/p>\n<p>Como se trata de decis\u00e3o soberana, oriunda de vontade livre de cidad\u00e3os que se manifestaram por meio de plebiscito, n\u00e3o h\u00e1 o que contestar. Ocorre que esse resultado veio muito em cima do calor do momento, quando a Europa sente os efeitos da chegada repentina de uma leva de quase 1 milh\u00e3o de migrantes desesperados, procedentes de regi\u00f5es pobres do planeta, assoladas por guerras e fome. Um novo mundo est\u00e1 se desenhando. Nem t\u00e3o novo assim, mas que parece se encaminhar de volta ao pr\u00f3prio umbigo.<\/p>\n<p>Para alguns analistas, dentro do ciclo perp\u00e9tuo da s\u00edstole e di\u00e1stole, o processo da globaliza\u00e7\u00e3o come\u00e7a a dar sinais de esgotamento e uma tend\u00eancia que vem acompanhando esse movimento de retorno para dentro das fronteiras, \u00e9 precisamente o fortalecimento de uma direita conservadora e xen\u00f3foba, para quem os males da Europa decorrem da excessiva permissividade para a entrada e tr\u00e2nsito de estrangeiros no continente.<\/p>\n<p>Com a sa\u00edda dos ingleses, h\u00e1 o risco dessa decis\u00e3o se repetir com outros membros do bloco, catalisando um processo que pode levar a fal\u00eancia da Uni\u00e3o. \u00c9 preciso lembrar que a Inglaterra, assim como a Fran\u00e7a nunca viu com bons olhos a entrada para o bloco de pa\u00edses perif\u00e9ricos como Portugal, Gr\u00e9cia, Espanha e outros. Em sua concep\u00e7\u00e3o original, a Uni\u00e3o seria representada unicamente pelos pa\u00edses mais pr\u00f3speros do continente, numa esp\u00e9cie de clube dos ricos.<\/p>\n<p>Para o Brasil, as consequ\u00eancias vir\u00e3o com efeitos dessa decis\u00e3o sobre os mercados mundiais e que as bolsas de valores come\u00e7aram a refletir, com a despencar da libra. Em menor escala, o Brasil ensaia, com o ministro das Rela\u00e7\u00f5es Exteriores, Jos\u00e9 Serra, tomar certo distanciamento do Mercosul, para que o pa\u00eds possa negociar acordos bilaterais de livre-com\u00e9rcio, amarrados desde o ano 2000, quando o Bloco decidiu que esse acordos s\u00f3 poderiam ser firmados de forma conjunta.<\/p>\n<p>O determinismo geogr\u00e1fico tem sido a sorte e a ru\u00edna da Inglaterra ao longo de sua exist\u00eancia, protegendo-a das ambi\u00e7\u00f5es de Napole\u00e3o e de Hitler. Mas o fato de ser uma ilha, num mundo conturbado como o atual, n\u00e3o \u00e9, por si, garantia de um futuro pr\u00f3spero. Quando protagonizou a Revolu\u00e7\u00e3o Industrial, base e origem de sua riqueza, a Inglaterra teve que buscar, al\u00e9m-mar as mat\u00e9rias-primas que necessitava para sua empreitada. Quando necessitou de mercado consumidor para os produtos que fabricava, tamb\u00e9m foi alhures onde buscou compradores. De fato \u00e9 preciso ressaltar que, \u00e0 semelhan\u00e7a do homem, nenhum pa\u00eds \u00e9 uma ilha.<\/p>\n<p>A frase que n\u00e3o foi pronunciada<\/p>\n<p>\u201c\u00c9 preciso usar o lobo frontal para legislar. \u201c<\/p>\n<p>Pensamento de um certo ju\u00edz<\/p>\n<p>Deu bode<\/p>\n<p>Falta pouco tempo para a abertura das Olimp\u00edadas 2016. Fato novo preocupa os organizadores. O controle do doping brasileiro foi suspenso. As amostras do laborat\u00f3rio ser\u00e3o transferidas para um outro instituto credenciado pela Ag\u00eancia Mundial Antidopping. Faltava o cumprimento \u00e0s normas internacionais.<\/p>\n<p>Concurseiros<\/p>\n<p>Vai ser na pr\u00f3xima semana a vota\u00e7\u00e3o no plen\u00e1rio do Senado Federal sobre a Medida Provis\u00f3ria 714\/2016. Ela amplia a participa\u00e7\u00e3o de capital estrangeiro de 20% para 100% em empresas a\u00e9reas brasileiras com direito a voto.<\/p>\n<p>Vagas<\/p>\n<p>Concurso da Abin promete. J\u00e1 foi feito o pedido ao Minist\u00e9rio do Planejamento, Or\u00e7amento e Gest\u00e3o. S\u00e3o 650 vagas. Ano passado foram 470.<\/p>\n<p>Juntos<\/p>\n<p>N\u00e3o \u00e9 s\u00f3 o Minist\u00e9rio P\u00fablico do Brasil que est\u00e1 resignado a acabar com a corrup\u00e7\u00e3o. O MP da Su\u00ed\u00e7a tem enviado ao pa\u00eds documentos importantes sobre endere\u00e7os luxuosos dos nossos pol\u00edticos.<\/p>\n<p>Hist\u00f3ria de Bras\u00edlia<\/p>\n<p>Esta atual legislatura, os mesmos deputados j\u00e1 haviam, no Rio, rejeitado a mesma emenda que foi aprovada \u00e0s pressas, no auge da crise pol\u00edtico-militar do fim do m\u00eas passado. (Publicado em 9\/9\/1961)<\/p>\n","protected":false},"excerpt":{"rendered":"<p>DESDE 1960 \u00bb aricunha@dabr.com.br com Circe Cunha \/\/ circecunha.df@dabr.com.br &nbsp; Com a constru\u00e7\u00e3o do Eurot\u00fanel em 1994, ligando a Fran\u00e7a \u00e0 Inglaterra, a verve t\u00edpica dos ingleses produziu um coment\u00e1rio que traduz muito a vis\u00e3o daquele povo sobre o restante dos habitantes do planeta: \u201cAgora o continente n\u00e3o se encontra mais isolado\u201d. Individualismos \u00e0 parte, o certo \u00e9 que as [&hellip;]<\/p>\n","protected":false},"author":34,"featured_media":0,"comment_status":"closed","ping_status":"closed","sticky":false,"template":"","format":"standard","meta":{"footnotes":""},"categories":[23],"tags":[],"class_list":["post-7962","post","type-post","status-publish","format-standard","hentry","category-integra"],"_links":{"self":[{"href":"https:\/\/blogs.correiobraziliense.com.br\/aricunha\/wp-json\/wp\/v2\/posts\/7962","targetHints":{"allow":["GET"]}}],"collection":[{"href":"https:\/\/blogs.correiobraziliense.com.br\/aricunha\/wp-json\/wp\/v2\/posts"}],"about":[{"href":"https:\/\/blogs.correiobraziliense.com.br\/aricunha\/wp-json\/wp\/v2\/types\/post"}],"author":[{"embeddable":true,"href":"https:\/\/blogs.correiobraziliense.com.br\/aricunha\/wp-json\/wp\/v2\/users\/34"}],"replies":[{"embeddable":true,"href":"https:\/\/blogs.correiobraziliense.com.br\/aricunha\/wp-json\/wp\/v2\/comments?post=7962"}],"version-history":[{"count":1,"href":"https:\/\/blogs.correiobraziliense.com.br\/aricunha\/wp-json\/wp\/v2\/posts\/7962\/revisions"}],"predecessor-version":[{"id":7963,"href":"https:\/\/blogs.correiobraziliense.com.br\/aricunha\/wp-json\/wp\/v2\/posts\/7962\/revisions\/7963"}],"wp:attachment":[{"href":"https:\/\/blogs.correiobraziliense.com.br\/aricunha\/wp-json\/wp\/v2\/media?parent=7962"}],"wp:term":[{"taxonomy":"category","embeddable":true,"href":"https:\/\/blogs.correiobraziliense.com.br\/aricunha\/wp-json\/wp\/v2\/categories?post=7962"},{"taxonomy":"post_tag","embeddable":true,"href":"https:\/\/blogs.correiobraziliense.com.br\/aricunha\/wp-json\/wp\/v2\/tags?post=7962"}],"curies":[{"name":"wp","href":"https:\/\/api.w.org\/{rel}","templated":true}]}}