{"id":7960,"date":"2016-06-25T10:59:22","date_gmt":"2016-06-25T13:59:22","guid":{"rendered":"https:\/\/blogs.correiobraziliense.com.br\/aricunha\/?p=7960"},"modified":"2016-06-27T11:08:18","modified_gmt":"2016-06-27T14:08:18","slug":"revolucao-economica-dos-aplicativos","status":"publish","type":"post","link":"https:\/\/blogs.correiobraziliense.com.br\/aricunha\/revolucao-economica-dos-aplicativos\/","title":{"rendered":"A revolu\u00e7\u00e3o econ\u00f4mica dos aplicativos"},"content":{"rendered":"<p><i>DESDE 1960 \u00bb<\/i><\/p>\n<p>aricunha@dabr.com.br<\/p>\n<p>com Circe Cunha \/\/ circecunha.df@dabr.com.br com MAMFIL<\/p>\n<p>25<\/p>\n<p>Com a interconex\u00e3o do planeta via internet, o que parecia ser sonho distante de uma aldeia global vem se tornando, a cada dia, realidade e com reflexos diretos e profundos nas rela\u00e7\u00f5es econ\u00f4micas. Aos m\u00faltiplos servi\u00e7os, proporcionados pelos meios digitais, seguem-se novos outros continuamente, num ciclo t\u00e3o veloz e inesperado, que n\u00e3o ser\u00e1 surpresa nenhuma se as teorias econ\u00f4micas que conhecemos hoje virarem p\u00f3 logo ali adiante.<\/p>\n<p>O caso do aplicativo Uber e UberX, em pauta agora na capital, ilustra bem essa revolu\u00e7\u00e3o silenciosa que presenciamos. Aprovado em primeiro turno pela C\u00e2mara Legislativa, o projeto que regulamenta os aplicativos de transporte individual de passageiros disponibilizado via celular veio para ficar, independentemente de governos ou de pol\u00edticos, simplesmente porque est\u00e3o ao alcance da m\u00e3o de qualquer cidad\u00e3o.<\/p>\n<p>A concorr\u00eancia do tipo eletr\u00f4nica e instant\u00e2nea, com as facilidades dos mapas de percurso via sat\u00e9lite, tornou o servi\u00e7o racional e poderosamente barato e acess\u00edvel. Aplicativos outros, como o site de aluguel de im\u00f3veis Airbnb, permite que o indiv\u00edduo alugue o que quiser em qualquer parte do planeta por pre\u00e7os menores que dos hot\u00e9is tradicionais. Mesmo as compras via internet, pela comodidade, v\u00e3o avan\u00e7ando no mercado tradicional das lojas.<\/p>\n<p>A chamada economia colaborativa, com o apoio da tecnologia est\u00e1 mudando a cara do mundo e, por tabela, do pr\u00f3prio capitalismo. Trata-se na vis\u00e3o de especialistas de novo ciclo econ\u00f4mico que vem surgindo no seio capitalista, aprimorando as rela\u00e7\u00f5es econ\u00f4micas. A redu\u00e7\u00e3o dos custos, proporcionada pelas transa\u00e7\u00f5es on-line, \u00e9 bem-vinda e evita burocracias desnecess\u00e1rias.<\/p>\n<p>Essas mudan\u00e7as, l\u00f3gico, ter\u00e3o impactos, num primeiro momento, em rela\u00e7\u00e3o ao capital humano ou \u00e0 m\u00e3o de obra. Em mar\u00e7o \u00faltimo, o Minist\u00e9rio da Justi\u00e7a lan\u00e7ou concurso para premiar aplicativos (apps) que possibilitem dar maior transpar\u00eancia aos repasses de recursos p\u00fablicos e, com isso,\u00a0 contribuir para o combate \u00e0 corrup\u00e7\u00e3o. Exemplos de apps que facilitem a vida das pessoas surgem a cada instante e v\u00e3o pavimentando o caminho para a consolida\u00e7\u00e3o n\u00e3o s\u00f3 da economia colaborativa, mas tamb\u00e9m da economia compartilhada, que \u00e9 feita a partir de bens excedentes e que vem se espalhando com rapidez pelo planeta. Ao lado dessas mudan\u00e7as, outras transforma\u00e7\u00f5es paralelas surgem num processo em cadeia.<\/p>\n<p>O mundo moderno come\u00e7a a entender a import\u00e2ncia de novos conceitos econ\u00f4micos como o co-working, que \u00e9 compartilhamento de espa\u00e7os e recursos. Nesse caso, uma sala comercial serve a v\u00e1rios profissionais ao mesmo tempo. Os custos s\u00e3o repartidos e todos lucram. Num planeta onde os recursos naturais come\u00e7am a dar sinais preocupantes de esgotamento acelerado, o uso das novas tecnologias poder\u00e1 levar \u00e0 nova mentalidade de consumo, com resultados satisfat\u00f3rios para todos.<\/p>\n<p>&nbsp;<\/p>\n<p><b>A frase que foi pronunciada<\/b><\/p>\n<p><i>\u201cNunca vivi um momento t\u00e3o constrangedor: uma presidente eleita pelo voto popular ser afastada de forma t\u00e3o truculenta\u201d.<\/i><\/p>\n<p>Disse o senador Paulo Paim, querido de verdade pelo povo trabalhador e vacinado contra os males da mosca azul<\/p>\n<p>&nbsp;<\/p>\n<p><b>Tecnologia<\/b><\/p>\n<p>Lockheed Martin e a Bravo Industries passam a manter as turbinas a\u00e9reas em uma base no Recife. O senador Armando Monteiro recebeu o m\u00e9rito pelo presidente da Bravo, JR Pereira, e vice-presidente da Lockheed, Raymond Fajay, que j\u00e1 o chamam de padrinho do projeto.<\/p>\n<p>&nbsp;<\/p>\n<p><b>No Brasil<\/b><\/p>\n<p>A Lockheed \u00e9 conhecida como a mais avan\u00e7ada ind\u00fastria de tecnologia a\u00e9rea e defesa mundial. Duas raz\u00f5es para a escolha por Pernambuco. Ser um centro de log\u00edstica e pela proximidade do Porto Digital. Am\u00e9rica Latina e \u00c1frica ser\u00e3o atendidas pela base.<\/p>\n<p>&nbsp;<\/p>\n<p><b>Guerra<\/b><\/p>\n<p>Lockheed Martin ganhou um contrato naval com o Jap\u00e3o de apoio ao sistema de guerra submarina por US$ 169,5 milh\u00f5es, de acordo com relat\u00f3rios de m\u00eddia dos EUA na quinta-feira.<\/p>\n<p>&nbsp;<\/p>\n<p><b>Hist\u00f3ria de Bras\u00edlia<\/b><\/p>\n<p>Nos estatutos do PSD, da UDN ou do PTB n\u00e3o se encontra um \u00fanico artigo que defenda esse sistema de governo. Entretanto, todos os partidos votaram a favor, para \u201cacabar logo com a hist\u00f3ria\u201d. (Publicado em 9\/9\/1961)<\/p>\n<p>&nbsp;<\/p>\n","protected":false},"excerpt":{"rendered":"<p>DESDE 1960 \u00bb aricunha@dabr.com.br com Circe Cunha \/\/ circecunha.df@dabr.com.br com MAMFIL 25 Com a interconex\u00e3o do planeta via internet, o que parecia ser sonho distante de uma aldeia global vem se tornando, a cada dia, realidade e com reflexos diretos e profundos nas rela\u00e7\u00f5es econ\u00f4micas. Aos m\u00faltiplos servi\u00e7os, proporcionados pelos meios digitais, seguem-se novos outros continuamente, num ciclo t\u00e3o veloz [&hellip;]<\/p>\n","protected":false},"author":34,"featured_media":0,"comment_status":"closed","ping_status":"closed","sticky":false,"template":"","format":"standard","meta":{"footnotes":""},"categories":[23],"tags":[],"class_list":["post-7960","post","type-post","status-publish","format-standard","hentry","category-integra"],"_links":{"self":[{"href":"https:\/\/blogs.correiobraziliense.com.br\/aricunha\/wp-json\/wp\/v2\/posts\/7960","targetHints":{"allow":["GET"]}}],"collection":[{"href":"https:\/\/blogs.correiobraziliense.com.br\/aricunha\/wp-json\/wp\/v2\/posts"}],"about":[{"href":"https:\/\/blogs.correiobraziliense.com.br\/aricunha\/wp-json\/wp\/v2\/types\/post"}],"author":[{"embeddable":true,"href":"https:\/\/blogs.correiobraziliense.com.br\/aricunha\/wp-json\/wp\/v2\/users\/34"}],"replies":[{"embeddable":true,"href":"https:\/\/blogs.correiobraziliense.com.br\/aricunha\/wp-json\/wp\/v2\/comments?post=7960"}],"version-history":[{"count":1,"href":"https:\/\/blogs.correiobraziliense.com.br\/aricunha\/wp-json\/wp\/v2\/posts\/7960\/revisions"}],"predecessor-version":[{"id":7961,"href":"https:\/\/blogs.correiobraziliense.com.br\/aricunha\/wp-json\/wp\/v2\/posts\/7960\/revisions\/7961"}],"wp:attachment":[{"href":"https:\/\/blogs.correiobraziliense.com.br\/aricunha\/wp-json\/wp\/v2\/media?parent=7960"}],"wp:term":[{"taxonomy":"category","embeddable":true,"href":"https:\/\/blogs.correiobraziliense.com.br\/aricunha\/wp-json\/wp\/v2\/categories?post=7960"},{"taxonomy":"post_tag","embeddable":true,"href":"https:\/\/blogs.correiobraziliense.com.br\/aricunha\/wp-json\/wp\/v2\/tags?post=7960"}],"curies":[{"name":"wp","href":"https:\/\/api.w.org\/{rel}","templated":true}]}}