{"id":7955,"date":"2016-06-24T10:34:04","date_gmt":"2016-06-24T13:34:04","guid":{"rendered":"https:\/\/blogs.correiobraziliense.com.br\/aricunha\/?p=7955"},"modified":"2016-06-24T10:34:35","modified_gmt":"2016-06-24T13:34:35","slug":"mirem-se-no-exemplo-daquelas-senhoras","status":"publish","type":"post","link":"https:\/\/blogs.correiobraziliense.com.br\/aricunha\/mirem-se-no-exemplo-daquelas-senhoras\/","title":{"rendered":"Mirem-se \u00a0no exemplo \u00a0daquelas \u00a0senhoras"},"content":{"rendered":"<p><i>DESDE 1960 \u00bb<\/i><\/p>\n<p>aricunha@dabr.com.br<\/p>\n<p>com Circe Cunha \/\/ circecunha.df@dabr.com.br e MAMFIL<\/p>\n<p>&nbsp;<\/p>\n<p>&nbsp;<\/p>\n<p>Defenestrada do mais alto cargo da Rep\u00fablica, nem mesmo o tombo majestoso que lan\u00e7ou Dilma Rousseff ao ch\u00e3o, apeando-lhe do poder quase imperial que desfrutava, serviu-lhe de li\u00e7\u00e3o para conter o gigantismo de seu ego. Talvez a rudeza de seu car\u00e1ter ou intelecto pouco ilustrado tenha ofuscado a vis\u00e3o da realidade \u00e0 sua volta, fazendo-a prisioneira dos pr\u00f3prios limites. Essas restri\u00e7\u00f5es pessoais, somadas `ss distor\u00e7\u00f5es dos fatos trazidas diariamente por uma assessoria med\u00edocre e amedrontada, turvaram irreversivelmente sua compreens\u00e3o sobre os acontecimentos que rolavam al\u00e9m das janelas do Pal\u00e1cio do Planalto.<\/p>\n<p>Desorientada pelo desmoronamento de seu mundo, Dilma n\u00e3o se deu conta do t\u00e9rmino abrupto de sua jornada. Tanto que escolheu para si aguardar na resid\u00eancia oficial do Alvorada o desfecho final de seus dias como chefe do Executivo. Em situa\u00e7\u00f5es semelhantes, manda a prud\u00eancia que o melhor \u00e9 reconhecer a ocasi\u00e3o desfavor\u00e1vel e promover, o quanto antes, recuo estrat\u00e9gico. No caso da quase ex-presidente, o mais sensato seria o retorno para sua resid\u00eancia particular, onde \u00e9 senhora absoluta de seus dom\u00ednios. Imporia a si uma esp\u00e9cie de sil\u00eancio obsequioso, aguardando, estoicamente, o descerrar das cortinas.<\/p>\n<p>Caso optasse pelo caminho do deprendimento e da abnega\u00e7\u00e3o, aguardando com serenidade os derradeiros atos pol\u00edticos, boa parcela da opini\u00e3o p\u00fablica lhe seria solid\u00e1ria. Ao contr\u00e1rio, a escolha infeliz de ir morar no mesmo Pal\u00e1cio dos tempos de fausto passou para a popula\u00e7\u00e3o a impress\u00e3o de apego desmensurado as benesses do cargo e outras deformidades humanas.<\/p>\n<p>Das muitas imagens que registram os derradeiros momentos de Dilma no Poder, nenhuma \u00e9 mais ilustrativa do que a foto em que ela e seu chefe gabinete, Jaques Wagner, est\u00e3o espreitando, com os olhos arregalados, por tr\u00e1s das cortinas do Pal\u00e1cio do Planalto, a multid\u00e3o crescente e insatisfeita que se aglomerava ali defronte. Situa\u00e7\u00e3o parecida deve ter ocorrido no long\u00ednquo 14 de julho de 1789 na Fran\u00e7a.<\/p>\n<p>O fato de os Estados Unidos n\u00e3o terem experimentado o regime mon\u00e1rquico, como o Brasil, talvez explique a exig\u00eancia, naquele rico pa\u00eds, de os presidentes serem obrigados a pagar para ter suas roupas lavadas e passadas. Na Alemanha, a chanceler, Angela Merkel, de longe a mais respeitada l\u00edder pol\u00edtica da Europa, vai todas as semanas pessoalmente ao mercado fazer compras, carregando suas sacolas, seguindo sua rotina antiga como uma leg\u00edtima dona de casa.<\/p>\n<p>A rainha da Inglaterra, com todo os salamaleques da fun\u00e7\u00e3o, \u00e9 vista constantemente cuidando de seu cotidiano com simplicidade. Os 127 anos que nos separam da Proclama\u00e7\u00e3o da Rep\u00fablica ainda n\u00e3o foram suficientes para mudar h\u00e1bitos herdados e incrustados desde o per\u00edodo mon\u00e1rquico. Agarrada ao que ainda resta de mordomias, bancada pelo cidad\u00e3o, Dilma demonstra que n\u00e3o aprendeu nada, n\u00e3o esqueceu nada.<\/p>\n<p>&nbsp;<\/p>\n<p><b>A frase que n\u00e3o foi pronunciada<\/b><\/p>\n<p><i>\u201cUm mosquito n\u00e3o \u00e9 mais forte que um pa\u00eds inteiro, mas a mosca azul \u00e9.\u201d<\/i><\/p>\n<p>Jarbas Passarinho, de onde estiver, avaliando a situa\u00e7\u00e3o da vida nacional<\/p>\n<p>&nbsp;<\/p>\n<p><b>Hoje<\/b><\/p>\n<p>O dr. Paulo Hoff, diretor-geral do Centro de Oncologia do Hospital S\u00edrio-Liban\u00eas, e o diretor t\u00e9cnico de Bras\u00edlia, dr. Gustavo Fernandes, convidam a comunidade m\u00e9dica e representantes das operadoras de planos de sa\u00fade para celebrar oficialmente a amplia\u00e7\u00e3o do servi\u00e7o de radioterapia.<\/p>\n<p>&nbsp;<\/p>\n<p><b>Caf\u00e9<\/b><\/p>\n<p>Dr. Pierre Marraccini, pesquisador do Cirad Embrapa respeitad\u00edssimo no Brasil pelo seu trabalho com caf\u00e9, \u00e9 uma pessoa que aparece pouco apesar da extens\u00e3o e da import\u00e2ncia do trabalho cient\u00edfico que desenvolve sobre o caf\u00e9 brasileiro como parte de uma parceria entre Brasil e Fran\u00e7a.<\/p>\n<p>&nbsp;<\/p>\n<p><b>Release<\/b><\/p>\n<p>Com palestras sobre o cen\u00e1rio pol\u00edtico no Brasil, a segunda edi\u00e7\u00e3o do Roda de Debate, organizado pelo grupo Visamos \u2014Pelo futuro do Brasil, traz ao Teatro do Bras\u00edlia Shopping os convidados Alexandre Borges e Beatriz Kicis Torrents De Sordi.<\/p>\n<p>&nbsp;<\/p>\n<p><b>Continua<\/b><\/p>\n<p>Com o tema \u201cPol\u00edtica, imprensa e ideologia\u201d, o publicit\u00e1rio, articulista e diretor do Instituto Liberal, Alexandre Borges, abrir\u00e1 o evento. A palestra ser\u00e1 seguida de conversa e debate. Na sequ\u00eancia, Beatriz de Sordi. Ela \u00e9 procuradora de Justi\u00e7a do Distrito Federal, aposentada e fundadora do Instituto Resgata Brasil. Dia 27 pr\u00f3ximo, \u00e0s 19h, no Audit\u00f3rio do Bras\u00edlia Shopping. Por R$ 40.<\/p>\n<p>&nbsp;<\/p>\n<p><b>Hist\u00f3ria de Bras\u00edlia<\/b><\/p>\n<p>Hoje \u00e9 7 de Setembro, dia da Independ\u00eancia. Discutida, maltratada, combatida, manchada, mas \u00e9 independ\u00eancia. \u00c9 independ\u00eancia do povo, independ\u00eancia do pensamento, independ\u00eancia de jugos. Relativa, mas \u00e9. (Publicado em 7\/9\/1961)<\/p>\n","protected":false},"excerpt":{"rendered":"<p>DESDE 1960 \u00bb aricunha@dabr.com.br com Circe Cunha \/\/ circecunha.df@dabr.com.br e MAMFIL &nbsp; &nbsp; Defenestrada do mais alto cargo da Rep\u00fablica, nem mesmo o tombo majestoso que lan\u00e7ou Dilma Rousseff ao ch\u00e3o, apeando-lhe do poder quase imperial que desfrutava, serviu-lhe de li\u00e7\u00e3o para conter o gigantismo de seu ego. Talvez a rudeza de seu car\u00e1ter ou intelecto pouco ilustrado tenha ofuscado [&hellip;]<\/p>\n","protected":false},"author":34,"featured_media":0,"comment_status":"closed","ping_status":"closed","sticky":false,"template":"","format":"standard","meta":{"footnotes":""},"categories":[23],"tags":[],"class_list":["post-7955","post","type-post","status-publish","format-standard","hentry","category-integra"],"_links":{"self":[{"href":"https:\/\/blogs.correiobraziliense.com.br\/aricunha\/wp-json\/wp\/v2\/posts\/7955","targetHints":{"allow":["GET"]}}],"collection":[{"href":"https:\/\/blogs.correiobraziliense.com.br\/aricunha\/wp-json\/wp\/v2\/posts"}],"about":[{"href":"https:\/\/blogs.correiobraziliense.com.br\/aricunha\/wp-json\/wp\/v2\/types\/post"}],"author":[{"embeddable":true,"href":"https:\/\/blogs.correiobraziliense.com.br\/aricunha\/wp-json\/wp\/v2\/users\/34"}],"replies":[{"embeddable":true,"href":"https:\/\/blogs.correiobraziliense.com.br\/aricunha\/wp-json\/wp\/v2\/comments?post=7955"}],"version-history":[{"count":2,"href":"https:\/\/blogs.correiobraziliense.com.br\/aricunha\/wp-json\/wp\/v2\/posts\/7955\/revisions"}],"predecessor-version":[{"id":7957,"href":"https:\/\/blogs.correiobraziliense.com.br\/aricunha\/wp-json\/wp\/v2\/posts\/7955\/revisions\/7957"}],"wp:attachment":[{"href":"https:\/\/blogs.correiobraziliense.com.br\/aricunha\/wp-json\/wp\/v2\/media?parent=7955"}],"wp:term":[{"taxonomy":"category","embeddable":true,"href":"https:\/\/blogs.correiobraziliense.com.br\/aricunha\/wp-json\/wp\/v2\/categories?post=7955"},{"taxonomy":"post_tag","embeddable":true,"href":"https:\/\/blogs.correiobraziliense.com.br\/aricunha\/wp-json\/wp\/v2\/tags?post=7955"}],"curies":[{"name":"wp","href":"https:\/\/api.w.org\/{rel}","templated":true}]}}