{"id":7952,"date":"2016-06-23T05:23:03","date_gmt":"2016-06-23T08:23:03","guid":{"rendered":"https:\/\/blogs.correiobraziliense.com.br\/aricunha\/?p=7952"},"modified":"2016-06-23T05:23:03","modified_gmt":"2016-06-23T08:23:03","slug":"ceus-abertos","status":"publish","type":"post","link":"https:\/\/blogs.correiobraziliense.com.br\/aricunha\/ceus-abertos\/","title":{"rendered":"C\u00e9us abertos"},"content":{"rendered":"<div id=\"blocoClipA\">\n<p><i>DESDE 1960 \u00bb<\/i><\/p>\n<p>aricunha@dabr.com.br<\/p>\n<p>com Circe Cunha \/\/ circecunha.df@dabr.com.br e MAMFIL<\/p>\n<p>&nbsp;<\/p>\n<p>&nbsp;<\/p>\n<p>Com a aprova\u00e7\u00e3o, pela C\u00e2mara dos Deputados, da Medida Provis\u00f3ria 714\/16, aumentando em at\u00e9 100% a participa\u00e7\u00e3o do capital estrangeiro com direito a voto nas companhias a\u00e9reas nacionais, est\u00e3o lan\u00e7adas sobre o pano verde das probabilidades as apostas de que tudo neste setor mudar\u00e1 da \u00e1gua para o vinho. A cren\u00e7a \u00e9, no entanto, arriscada. Os consumidores, que s\u00e3o sempre os \u00faltimos a serem consultados, esperam que haja, logo de sa\u00edda, queda acentuada nos pre\u00e7os das passagens a\u00e9reas. Desse ponto de vista, a redu\u00e7\u00e3o nos pre\u00e7os das tarifas a\u00e9reas faz sentido, pois voar dentro do Brasil, na maioria dos trechos, nos quais a concorr\u00eancia praticamente inexiste, \u00e9 muit\u00edssimo mais caro do que viajar para o exterior.<\/p>\n<p>A companhia a\u00e9rea irlandesa Ryanair, que opera com tarifas de baixo custo na Europa, vir\u00e1 para o continente sul-americano, mas j\u00e1 deixou claro n\u00e3o vai operar no Brasil. \u201cIniciamos negocia\u00e7\u00f5es em todos os pa\u00edses da regi\u00e3o, menos no Brasil, j\u00e1 que h\u00e1 muita corrup\u00e7\u00e3o\u201d, afirmou o executivo da empresa, Tony Ryan. Autorizar em 100% a entrada de capital estrangeiro acarretar\u00e1, logicamente, mudan\u00e7as radicais no setor. De todas elas, a mais temida, sem d\u00favidas, ser\u00e1 a press\u00e3o sobre as empresas brasileiras e, principalmente, sobre o capital humano. Os baixos custos das empresas modernas s\u00e3o obtidos com uma mistura de poucos funcion\u00e1rios, um suporte massivo nos sistemas de venda e check-in via internet, funcion\u00e1rios que desempenham diversas tarefas simult\u00e2neas, al\u00e9m da cobran\u00e7a por qualquer servi\u00e7o extra.<\/p>\n<p>N\u00e3o h\u00e1 m\u00e1gica: pre\u00e7os baixos v\u00eam acompanhados de presta\u00e7\u00e3o de servi\u00e7os de baixa qualidade. De qualquer forma, \u00e9 preciso lembrar que durante o longo tempo em que as empresas nacionais voaram sem concorr\u00eancia, elas cobraram praticamente as tarifas que quiseram, sempre com a desculpa dos altos pre\u00e7os do combust\u00edvel importado e das pe\u00e7as de reposi\u00e7\u00e3o e leasing de aeronaves cobrados em moedas estrangeiras. As esquerdas, para quem o Estado \u00e9 uma vaca gorda de infinitas tetas, chiaram e falam em entreguismo do governo Michel Temer, e lembram que, nem os Estados Unidos, considerados a Meca do liberalismo, permitem 100% de capital estrangeiro no setor. Tampouco, a Uni\u00e3o Europeia.<\/p>\n<p>Para a nova coaliz\u00e3o pol\u00edtica dentro do Congresso, a concorr\u00eancia trar\u00e1 novos e bem-vindos investimentos. O projeto segue para o Senado, onde deve ser votado at\u00e9 o fim do m\u00eas, para n\u00e3o perder a validade. Para um pa\u00eds continental, como o Brasil, a novidade pode ser solu\u00e7\u00e3o, n\u00e3o s\u00f3 para o turismo, mas para o pr\u00f3prio setor de avia\u00e7\u00e3o que vem colecionando deficits ano ap\u00f3s ano.<\/p>\n<p>&nbsp;<\/p>\n<p><b>A frase que foi pronunciada<\/b><\/p>\n<p><i>\u201cLeve a cr\u00edtica a s\u00e9rio, mas n\u00e3o como algo pessoal. Se houver alguma verdade na mesma, ir\u00e1s aprender com ela; caso contr\u00e1rio, ignore-a.\u201d<\/i><\/p>\n<p>Hillary Clinton<\/p>\n<p>&nbsp;<\/p>\n<p><b>Sampa<\/b><\/p>\n<p>Iniciativa da Associa\u00e7\u00e3o Lamara com a rede de sal\u00f5es de beleza Jaques Janine chama a aten\u00e7\u00e3o pela sensibilidade. Os maquiadores ensinam mulheres com defici\u00eancia visual a usar os apetrechos de beleza com seguran\u00e7a e propriedade.<\/p>\n<p>&nbsp;<\/p>\n<p><b>E mais<\/b><\/p>\n<p>Al\u00e9m do curso de automaquiagem, a associa\u00e7\u00e3o presta servi\u00e7os ao mesmo p\u00fablico-alvo com t\u00e9cnicas para a limpeza de casa, culin\u00e1ria, estudos e at\u00e9 higiene pessoal. %u201CSabemos que n\u00e3o \u00e9 s\u00f3 a maquiagem que vai definir a autoestima de uma pessoa, mas ela contribui muito para elas se sentirem mais felizes%u201D, diz a coordenadora do Programa do Jovem e do Adulto, Cec\u00edlia Maria Oka.<\/p>\n<p>&nbsp;<\/p>\n<p><b>Feij\u00e3o<\/b><\/p>\n<p>Se voc\u00ea n\u00e3o \u00e9 afeito a boicotes e estiver achando o pre\u00e7o do feij\u00e3o muito alto compre bastante milho. O ministro Blairo Maggi, da Agricultura, acaba de sugerir que o pre\u00e7o do milho aumente para melhorar o abastecimento do produto. Dona Efig\u00eania dizia que o feij\u00e3o e o milho eram a salva\u00e7\u00e3o dos pobres. Agora, \u00e9 preciso verificar.<\/p>\n<p>&nbsp;<\/p>\n<p><b>Parab\u00e9ns!<\/b><\/p>\n<p>Por falar em agricultura, comemora 16 anos de exist\u00eancia a carreira de fiscal federal agropecu\u00e1rio. \u00c9 bom lembrar que esses t\u00e9cnicos, servidores do Minist\u00e9rio da Agricultura, s\u00e3o os respons\u00e1veis pelas pol\u00edticas p\u00fablicas pela defesa da soberania nacional, promo\u00e7\u00e3o do desenvolvimento econ\u00f4mico e social e na gera\u00e7\u00e3o de riquezas e divisas para o Pa\u00eds.<\/p>\n<p>&nbsp;<\/p>\n<p><b>Hist\u00f3ria de Bras\u00edlia<\/b><\/p>\n<p>Quando um pai leu para o filho de 9 anos uma poesia de Olavo Bilac na qual o poeta dizia: \u201cCrian\u00e7a, jamais ver\u00e1 um pa\u00eds como este\u201d, o garoto interrompeu o pai para dizer: \u201c\u00c9 mesmo, n\u00e9, pai\u00ea, rebolado, n\u00e9? (Publicado em 7\/9\/1961)<\/p>\n<\/div>\n","protected":false},"excerpt":{"rendered":"<p>DESDE 1960 \u00bb aricunha@dabr.com.br com Circe Cunha \/\/ circecunha.df@dabr.com.br e MAMFIL &nbsp; &nbsp; Com a aprova\u00e7\u00e3o, pela C\u00e2mara dos Deputados, da Medida Provis\u00f3ria 714\/16, aumentando em at\u00e9 100% a participa\u00e7\u00e3o do capital estrangeiro com direito a voto nas companhias a\u00e9reas nacionais, est\u00e3o lan\u00e7adas sobre o pano verde das probabilidades as apostas de que tudo neste setor mudar\u00e1 da \u00e1gua para [&hellip;]<\/p>\n","protected":false},"author":34,"featured_media":0,"comment_status":"closed","ping_status":"closed","sticky":false,"template":"","format":"standard","meta":{"footnotes":""},"categories":[23],"tags":[],"class_list":["post-7952","post","type-post","status-publish","format-standard","hentry","category-integra"],"_links":{"self":[{"href":"https:\/\/blogs.correiobraziliense.com.br\/aricunha\/wp-json\/wp\/v2\/posts\/7952","targetHints":{"allow":["GET"]}}],"collection":[{"href":"https:\/\/blogs.correiobraziliense.com.br\/aricunha\/wp-json\/wp\/v2\/posts"}],"about":[{"href":"https:\/\/blogs.correiobraziliense.com.br\/aricunha\/wp-json\/wp\/v2\/types\/post"}],"author":[{"embeddable":true,"href":"https:\/\/blogs.correiobraziliense.com.br\/aricunha\/wp-json\/wp\/v2\/users\/34"}],"replies":[{"embeddable":true,"href":"https:\/\/blogs.correiobraziliense.com.br\/aricunha\/wp-json\/wp\/v2\/comments?post=7952"}],"version-history":[{"count":1,"href":"https:\/\/blogs.correiobraziliense.com.br\/aricunha\/wp-json\/wp\/v2\/posts\/7952\/revisions"}],"predecessor-version":[{"id":7953,"href":"https:\/\/blogs.correiobraziliense.com.br\/aricunha\/wp-json\/wp\/v2\/posts\/7952\/revisions\/7953"}],"wp:attachment":[{"href":"https:\/\/blogs.correiobraziliense.com.br\/aricunha\/wp-json\/wp\/v2\/media?parent=7952"}],"wp:term":[{"taxonomy":"category","embeddable":true,"href":"https:\/\/blogs.correiobraziliense.com.br\/aricunha\/wp-json\/wp\/v2\/categories?post=7952"},{"taxonomy":"post_tag","embeddable":true,"href":"https:\/\/blogs.correiobraziliense.com.br\/aricunha\/wp-json\/wp\/v2\/tags?post=7952"}],"curies":[{"name":"wp","href":"https:\/\/api.w.org\/{rel}","templated":true}]}}