{"id":7949,"date":"2016-06-22T04:17:36","date_gmt":"2016-06-22T07:17:36","guid":{"rendered":"https:\/\/blogs.correiobraziliense.com.br\/aricunha\/?p=7949"},"modified":"2016-06-22T07:18:34","modified_gmt":"2016-06-22T10:18:34","slug":"seculo-21-mais-perto-da-barbarie","status":"publish","type":"post","link":"https:\/\/blogs.correiobraziliense.com.br\/aricunha\/seculo-21-mais-perto-da-barbarie\/","title":{"rendered":"S\u00e9culo 21 \u00a0mais perto \u00a0da barb\u00e1rie"},"content":{"rendered":"<p><i>Desde 1960<\/i><\/p>\n<p>aricunha@dabr.com.br<\/p>\n<p>com Circe Cunha \/\/ circecunha.df@dabr.com.br e MAMFIL<\/p>\n<p>.<\/p>\n<p>.<\/p>\n<p>.<\/p>\n<p>Fossem tomados como par\u00e2metro da evolu\u00e7\u00e3o da esp\u00e9cie humana apenas os direitos inalien\u00e1veis do homem \u00e0 vida, \u00e0 dignidade, \u00e0 liberdade, \u00e0 propriedade, entre outros, com certeza, o s\u00e9culo 21 poderia se enquadrar num est\u00e1gio de progresso bem mais pr\u00f3ximo da barb\u00e1rie do que da civiliza\u00e7\u00e3o moderna. A raz\u00e3o desse paradoxo est\u00e1 estampada em letras garrafais nos principais notici\u00e1rios mundo afora. Nunca, em tempo algum, tanta viol\u00eancia foi perpetrada contra o ser humano.<\/p>\n<p>Custa acreditar que seja essa a mesma esp\u00e9cie que experimentou os mais refinados graus de tecnologia, que construiu cidades fant\u00e1sticas, que decifrou o mapa gen\u00e9tico humano, que p\u00f4s os p\u00e9s na Lua, que elevou as ci\u00eancias humanas ao c\u00e9u e realizou tantas outras maravilhas. Custa crer que seja esse mesmo ser que manda pelos ares seus semelhantes, em atentados brutais e banais, em nome de uma ideologia vazia.<\/p>\n<p>Segundo levantamento realizado pela Ag\u00eancia da ONU para Refugiados (Acnur), o ano de 2015 registrou n\u00famero recorde de refugiados no mundo. S\u00e3o mais de 65 milh\u00f5es de pessoas deslocadas no planeta por causa das guerras e conflitos armados. Pa\u00edses como a S\u00edria, o Afeganist\u00e3o, a Som\u00e1lia, t\u00eam empurrado os cidad\u00e3os para fora de suas fronteiras, por causa do derramamento cont\u00ednuo de sangue.\u00a0 Essas massas, que acorrem principalmente para a Europa, fugidas da fome e do medo, formam hoje grande contingente de desesperados que muitos j\u00e1 consideram esse o mais flagelo dos tempos modernos.<\/p>\n<p>Aqueles que n\u00e3o ficaram pelo caminho, desaparecidos no Mediterr\u00e2neo \u2014 o novo cemit\u00e9rio da humanidade\u2014, chegam a pa\u00edses hostis e com hostilidade s\u00e3o tratados. A Acnur registra um recorde absoluto no n\u00famero de refugiados.<\/p>\n<p>O Brasil abriga cerca de 9 mil refugiados vindos de 78 pa\u00edses. Segundo o Comit\u00ea Nacional para os Refugiados, nos \u00faltimos 6 anos houve aumento surpreendente de 2.800 % nos pedidos de asilo. Os 500 pedidos de asilo que havia por ano pularam para 1.200 por m\u00eas.<\/p>\n<p>Por tr\u00e1s dessa realidade bruta que nos joga de volta \u00e0 barb\u00e1rie, est\u00e1 a ind\u00fastria de armamentos, que nunca vendeu e lucrou tanto. Os fabricantes russos s\u00e3o os mais bem posicionados nesse mercado da morte. As empresas americanas e europeias v\u00eam perdendo terreno para os russos, que despontam como os novos senhores da guerra neste mundo moderno.<\/p>\n<p>Para um planeta t\u00e3o convulsionado quanto o nosso e onde parece imperar ainda a lei da selva, vale prestar aten\u00e7\u00e3o nas palavras do Dalai Lama: \u201cO planeta n\u00e3o precisa mais de pessoas bem-sucedidas. O planeta precisa desesperadamente de mais pacificadores, curadores, restauradores, contadores de hist\u00f3rias e amantes de todos os tipos\u201d.<\/p>\n<p>&nbsp;<\/p>\n<p><b>A frase que foi pronunciada<\/b><\/p>\n<p><i>\u201cA d\u00favida \u00e9 um dos nomes da intelig\u00eancia.\u201d<\/i><\/p>\n<p>Jorge Lu\u00eds Borges<\/p>\n<p>A frase que foi pronunciada<\/p>\n<p>&nbsp;<\/p>\n<p><b>Bombou<\/b><\/p>\n<p>Protestos no plen\u00e1rio da C\u00e2mara chegaram \u00e0 Comunica\u00e7\u00e3o Social da Casa. Eduardo Cunha dava entrevista exclusiva, o que causou estranhamento nos colegas pela import\u00e2ncia e o destaque dados. Logo os \u00e2nimos dos inimigos foram arrefecidos. A entrevista era dada em canal da internet.<\/p>\n<p>&nbsp;<\/p>\n<p><b>Pesquisa<\/b><\/p>\n<p>Funda\u00e7\u00e3o Fiocruz e o Instituto Nacional de Sa\u00fade americano fazem parceria para estudos sobre o v\u00edrus zika durante a gesta\u00e7\u00e3o. A meta \u00e9 determinar o espectro do risco para a sa\u00fade da gestante, feto e beb\u00ea. Talvez Pernambuco seja um bom lugar para o come\u00e7o. Outros problemas foram registrados como beb\u00eas natimortos, abortos, defeitos oculares e problemas de audi\u00e7\u00e3o.<\/p>\n<p>&nbsp;<\/p>\n<p><b>Hist\u00f3ria de Bras\u00edlia<\/b><\/p>\n<p>Igualmente, dever\u00e3o ter ficado aborrecidos os senhores Maur\u00edcio Joppert e Menezes Cortes, este \u00faltimo, por causa do tr\u00e2nsito na chegada do sr. Jo\u00e3o Goulart, que funcionou admiravelmente. (Publicado em 7\/9\/1961)<\/p>\n","protected":false},"excerpt":{"rendered":"<p>Desde 1960 aricunha@dabr.com.br com Circe Cunha \/\/ circecunha.df@dabr.com.br e MAMFIL . . . Fossem tomados como par\u00e2metro da evolu\u00e7\u00e3o da esp\u00e9cie humana apenas os direitos inalien\u00e1veis do homem \u00e0 vida, \u00e0 dignidade, \u00e0 liberdade, \u00e0 propriedade, entre outros, com certeza, o s\u00e9culo 21 poderia se enquadrar num est\u00e1gio de progresso bem mais pr\u00f3ximo da barb\u00e1rie do que da civiliza\u00e7\u00e3o moderna. [&hellip;]<\/p>\n","protected":false},"author":34,"featured_media":0,"comment_status":"closed","ping_status":"closed","sticky":false,"template":"","format":"standard","meta":{"footnotes":""},"categories":[23],"tags":[],"class_list":["post-7949","post","type-post","status-publish","format-standard","hentry","category-integra"],"_links":{"self":[{"href":"https:\/\/blogs.correiobraziliense.com.br\/aricunha\/wp-json\/wp\/v2\/posts\/7949","targetHints":{"allow":["GET"]}}],"collection":[{"href":"https:\/\/blogs.correiobraziliense.com.br\/aricunha\/wp-json\/wp\/v2\/posts"}],"about":[{"href":"https:\/\/blogs.correiobraziliense.com.br\/aricunha\/wp-json\/wp\/v2\/types\/post"}],"author":[{"embeddable":true,"href":"https:\/\/blogs.correiobraziliense.com.br\/aricunha\/wp-json\/wp\/v2\/users\/34"}],"replies":[{"embeddable":true,"href":"https:\/\/blogs.correiobraziliense.com.br\/aricunha\/wp-json\/wp\/v2\/comments?post=7949"}],"version-history":[{"count":1,"href":"https:\/\/blogs.correiobraziliense.com.br\/aricunha\/wp-json\/wp\/v2\/posts\/7949\/revisions"}],"predecessor-version":[{"id":7950,"href":"https:\/\/blogs.correiobraziliense.com.br\/aricunha\/wp-json\/wp\/v2\/posts\/7949\/revisions\/7950"}],"wp:attachment":[{"href":"https:\/\/blogs.correiobraziliense.com.br\/aricunha\/wp-json\/wp\/v2\/media?parent=7949"}],"wp:term":[{"taxonomy":"category","embeddable":true,"href":"https:\/\/blogs.correiobraziliense.com.br\/aricunha\/wp-json\/wp\/v2\/categories?post=7949"},{"taxonomy":"post_tag","embeddable":true,"href":"https:\/\/blogs.correiobraziliense.com.br\/aricunha\/wp-json\/wp\/v2\/tags?post=7949"}],"curies":[{"name":"wp","href":"https:\/\/api.w.org\/{rel}","templated":true}]}}