{"id":7942,"date":"2016-06-21T02:41:25","date_gmt":"2016-06-21T05:41:25","guid":{"rendered":"https:\/\/blogs.correiobraziliense.com.br\/aricunha\/?p=7942"},"modified":"2016-06-21T08:20:53","modified_gmt":"2016-06-21T11:20:53","slug":"partidos-da-crise","status":"publish","type":"post","link":"https:\/\/blogs.correiobraziliense.com.br\/aricunha\/partidos-da-crise\/","title":{"rendered":"Partidos da crise"},"content":{"rendered":"<div id=\"blocoClipA\">\n<p><i>Desde 1960<\/i><\/p>\n<p>aricunha@dabr.com.br com Circe Cunha \/\/ circecunha.df@dabr.com.br e MAMFIL<\/p>\n<\/div>\n<p>&nbsp;<\/p>\n<p>&nbsp;<\/p>\n<div id=\"blocoClipA\">\n<p>De 2005, quando veio \u00e0 tona o esc\u00e2ndalo de mensal\u00e3o, para c\u00e1, o sistema pol\u00edtico-partid\u00e1rio brasileiro, como um todo, come\u00e7ou a dar sinais de esgotamento e fadiga. Passada uma d\u00e9cada, o processo se acelerou a tal ponto que tomou caminho sem volta. O passo seguinte para a decad\u00eancia completa desse modelo de partidos e de se fazer pol\u00edtica foi dado pelas gigantescas manifesta\u00e7\u00f5es de rua, quando os pol\u00edticos, de modo geral, foram impedidos de participar dos protestos populares, sendo inclusive hostilizados publicamente com cartazes do tipo: \u201cn\u00e3o nos representam\u201d. O bafo quente das ruas assustou muitos eleitos que preferiram ficar distantes do eleitorado.<\/p>\n<p>Houve um ensaio t\u00edmido por parte do Legislativo e do pr\u00f3prio Executivo de acenar com algumas reformas cosm\u00e9ticas, mas que foram logo abandonadas, t\u00e3o logo as ruas aquietaram. O fato \u00e9 que o sistema partid\u00e1rio e, sobretudo, o modelo de governo de coaliz\u00e3o est\u00e3o desmoralizados e n\u00e3o despertam mais o fundamental respeito por parte do eleitorado.<\/p>\n<p>Com a dela\u00e7\u00e3o, em cena agora, do operador na Transpetro, S\u00e9rgio Machado, o capital pol\u00edtico dos partidos se desintegrou por completo. As lideran\u00e7as pol\u00edticas e respectivas siglas n\u00e3o despertam o \u00e2nimo e confiabilidade. O modelo vive os \u00faltimos momentos de exist\u00eancia. Qualquer pesquisa de opini\u00e3o p\u00fablica aponta a descren\u00e7a acentuada em todas as siglas, inclusive, naquelas formadas mais recentemente.<\/p>\n<p>Aos 35 partidos que se degladiam hoje no Congresso em busca de vantagens, devem se juntar outras novas 23 siglas em fase final de reconhecimento. Ser\u00e3o, ent\u00e3o, 58 partidos literalmente divorciados da sociedade. O empurr\u00e3o derradeiro para que essa mir\u00edade de legendas sem lastro foi dado justamente pelo Supremo Tribunal Federal ao considerar inconstitucional a chamada Cl\u00e1usula de Barreira, que filtraria aquelas siglas que n\u00e3o obtivessem, pelo menos 5% do total de votos v\u00e1lidos para a C\u00e2mara e 2% dos votos em um ter\u00e7o dos Estados.<\/p>\n<p>A dela\u00e7\u00e3o de S\u00e9rgio Machado, vem mostrando, com clareza pedag\u00f3gica a todo o pa\u00eds, o modus operandi dos partidos dentro da estrutura de governo do Estado. Para a maioria dos investigadores n\u00e3o restam d\u00favidas de que as legendas , na sua maioria, foram organizadas para saquear os cofres p\u00fablicos, principalmente as empresas estatais. Pior, induziram o Tribunal Superior Eleitoral (TSE) a lavar o dinheiro vindo dos dutos da corrup\u00e7\u00e3o por meio do \u00e1libi das doa\u00e7\u00f5es \u201cdevidamente registradas\u201d na contabilidade da Justi\u00e7a Eleitoral.<\/p>\n<p>O branqueamento desses recursos pode ter favorecido a elei\u00e7\u00e3o e reelei\u00e7\u00e3o desses partidos, mas para a sociedade, informada agora, da origem desses recursos, fica a certeza de que com companhias como estas, nossa democracia n\u00e3o seguir\u00e1 adiante, pois n\u00e3o tem futuro.<\/p>\n<p>&nbsp;<\/p>\n<p><b>A frase que n\u00e3o foi pronunciada<\/b><\/p>\n<p><i>\u201c A gente todos os dias arruma os cabelos: por que n\u00e3o o cora\u00e7\u00e3o?\u201d<\/i><\/p>\n<p>Prov\u00e9rbio Chin\u00eas<\/p>\n<p>&nbsp;<\/p>\n<p><b>Entorno<\/b><\/p>\n<p>Vicente Limongi Neto elogia a pequena Nicole do Recanto das Emas que pediu para que a coluna registrasse o descaso da administra\u00e7\u00e3o com a sua rua. Nos seus 8 anos de idade j\u00e1 sabe que tem direito de viver com dignidade.<\/p>\n<p>&nbsp;<\/p>\n<p><b>Fundos previdenci\u00e1rios<\/b><\/p>\n<p>Enfim os dispositivos de governan\u00e7a ser\u00e3o aprimorados. Agora as entidades fechadas de previd\u00eancia complementar vinculadas \u00e0 Uni\u00e3o, Estados, DF , munic\u00edpios e suas autarquias, funda\u00e7\u00f5es, sociedades de economia mista e outras entidades p\u00fablicas ter\u00e3o que pelo menos ser mais transparentes \u00e0 sociedade. \u00c9 o que rege a lei que depende agora da aprova\u00e7\u00e3o dos deputados federais.<\/p>\n<p>&nbsp;<\/p>\n<p><b>Emo\u00e7\u00e3o<\/b><\/p>\n<p>Apenas compartilhando com os leitores a emo\u00e7\u00e3o de ver na historinha da coluna as notas que meu pai publicava no dia do meu nascimento. Entre um discurso e outro na C\u00e2mara dos Deputados, no dia da posse de Jo\u00e3o Goulart, ele ficava de olho no telefone do plen\u00e1rio. At\u00e9 que o deputado \u00daltimo de Carvalho o tranquilizou e assumiu o compromisso de lhe dar a not\u00edcia do nascimento. Envolvido com o trabalho percebeu a m\u00e3o em seu ombro: A Lourdes est\u00e1 bem. \u00c9 uma menina, disse o deputado recebendo um abra\u00e7o pela not\u00edcia.<\/p>\n<p>&nbsp;<\/p>\n<p><b>Hist\u00f3ria de Bras\u00edlia<\/b><\/p>\n<p>Os epis\u00f3dios pol\u00edticos dos \u00faltimos dias devem ter deixado tremendamente aborrecido o sr. Gustavo Cor\u00e7\u00e3o, porque Bras\u00edlia provou, mesmo, que \u00e9 capital. (Publicado em 7\/9\/1961)<\/p>\n<\/div>\n","protected":false},"excerpt":{"rendered":"<p>Desde 1960 aricunha@dabr.com.br com Circe Cunha \/\/ circecunha.df@dabr.com.br e MAMFIL &nbsp; &nbsp; De 2005, quando veio \u00e0 tona o esc\u00e2ndalo de mensal\u00e3o, para c\u00e1, o sistema pol\u00edtico-partid\u00e1rio brasileiro, como um todo, come\u00e7ou a dar sinais de esgotamento e fadiga. Passada uma d\u00e9cada, o processo se acelerou a tal ponto que tomou caminho sem volta. O passo seguinte para a decad\u00eancia [&hellip;]<\/p>\n","protected":false},"author":34,"featured_media":0,"comment_status":"closed","ping_status":"closed","sticky":false,"template":"","format":"standard","meta":{"footnotes":""},"categories":[23],"tags":[],"class_list":["post-7942","post","type-post","status-publish","format-standard","hentry","category-integra"],"_links":{"self":[{"href":"https:\/\/blogs.correiobraziliense.com.br\/aricunha\/wp-json\/wp\/v2\/posts\/7942","targetHints":{"allow":["GET"]}}],"collection":[{"href":"https:\/\/blogs.correiobraziliense.com.br\/aricunha\/wp-json\/wp\/v2\/posts"}],"about":[{"href":"https:\/\/blogs.correiobraziliense.com.br\/aricunha\/wp-json\/wp\/v2\/types\/post"}],"author":[{"embeddable":true,"href":"https:\/\/blogs.correiobraziliense.com.br\/aricunha\/wp-json\/wp\/v2\/users\/34"}],"replies":[{"embeddable":true,"href":"https:\/\/blogs.correiobraziliense.com.br\/aricunha\/wp-json\/wp\/v2\/comments?post=7942"}],"version-history":[{"count":3,"href":"https:\/\/blogs.correiobraziliense.com.br\/aricunha\/wp-json\/wp\/v2\/posts\/7942\/revisions"}],"predecessor-version":[{"id":7945,"href":"https:\/\/blogs.correiobraziliense.com.br\/aricunha\/wp-json\/wp\/v2\/posts\/7942\/revisions\/7945"}],"wp:attachment":[{"href":"https:\/\/blogs.correiobraziliense.com.br\/aricunha\/wp-json\/wp\/v2\/media?parent=7942"}],"wp:term":[{"taxonomy":"category","embeddable":true,"href":"https:\/\/blogs.correiobraziliense.com.br\/aricunha\/wp-json\/wp\/v2\/categories?post=7942"},{"taxonomy":"post_tag","embeddable":true,"href":"https:\/\/blogs.correiobraziliense.com.br\/aricunha\/wp-json\/wp\/v2\/tags?post=7942"}],"curies":[{"name":"wp","href":"https:\/\/api.w.org\/{rel}","templated":true}]}}