{"id":7935,"date":"2016-06-18T06:36:38","date_gmt":"2016-06-18T09:36:38","guid":{"rendered":"https:\/\/blogs.correiobraziliense.com.br\/aricunha\/?p=7935"},"modified":"2016-06-20T06:39:12","modified_gmt":"2016-06-20T09:39:12","slug":"unb-e-refem-de-uma-esquerda-minoritaria","status":"publish","type":"post","link":"https:\/\/blogs.correiobraziliense.com.br\/aricunha\/unb-e-refem-de-uma-esquerda-minoritaria\/","title":{"rendered":"UnB  \u00e9 ref\u00e9m de uma esquerda minorit\u00e1ria"},"content":{"rendered":"<div class=\"noticia\">\n<h3>Desde 1960<\/h3>\n<p>aricunha@dabr.com.br<\/p>\n<p>com Circe Cunha \/\/ circecunha.df@dabr.com.br e MAMFIL<\/p>\n<\/div>\n<div class=\"noticia\">\n<p>Quem observa com aten\u00e7\u00e3o a foto que mostra a \u00faltima assembleia de professores, em que se discutiram as poss\u00edveis op\u00e7\u00f5es para a paralisa\u00e7\u00e3o da Universidade de Bras\u00edlia, neste pr\u00f3ximo semestre, fica surpreso com o n\u00famero reduzido de pessoas presentes no audit\u00f3rio. Pouco mais de uma centena e meia de pessoas, num universo de quase 2.500 docentes, decidem, democraticamente, o destino de uma das maiores institui\u00e7\u00f5es de ensino superior com quase 30 mil alunos. Como pode minoria t\u00e3o inexpressiva tomar decis\u00f5es de tamanha import\u00e2ncia numa institui\u00e7\u00e3o p\u00fablica que se quer respeit\u00e1vel e exemplo para a sociedade?<br \/>\nA resposta \u00e0 quest\u00e3o dessa natureza mistura elementos diversos que v\u00e3o da apatia geral da classe a incertezas sobre a atual situa\u00e7\u00e3o pol\u00edtica do pa\u00eds, mergulhado na sua mais grave crise de todos os tempos. Entre fazer escolhas no presente e perspectivas reais para o futuro da universidade, a maioria dos professores preferiu ficar apenas observando o desenrolar dos acontecimentos, contrariada com o que tem agora, mas receosa do que possa vir adiante. O fato \u00e9 que a UnB, como as demais institui\u00e7\u00f5es p\u00fablicas de ensino espalhadas pa\u00eds, ainda tem que se esfor\u00e7ar bastante, se quiser introduzir em seu seio o verdadeiro conceito de democracia e pluralidade de ideias.<br \/>\nAssim como parte significativa das universidades, a UnB ainda \u00e9 ref\u00e9m de uma minoria dita de esquerda, mas que, na realidade, \u00e9 formada por elementos das alas mais radicais e fascistas do espectro pol\u00edtico, dispostas a tudo, inclusive, destruir a pr\u00f3pria universidade, se preciso for, para atingir seus intentos. \u00c9 esse grupelho que, de posse da bandeira do golpe, criado pelo partido afastado do poder, decide os destinos de uma importante institui\u00e7\u00e3o \u2014 a quarta maior universidade do pa\u00eds e a nona da Am\u00e9rica Latina.<br \/>\nO pr\u00f3prio afastamento gradativo da maioria dos professores das reuni\u00f5es gerais decorre muito desse sentimento de desesperan\u00e7a de todos, por conta do chamado assemble\u00edsmo permanente, que passou a dominar o dia a dia da universidade, em que uma minoria aguerrida comanda o palanque. \u00c9 preciso entender e fazer valer que a UnB \u00e9 um patrim\u00f4nio dos brasilienses e \u00e9 essa mesma sociedade que n\u00e3o tolera mais paralisa\u00e7\u00f5es e outras aldrabices do g\u00eanero. Vale dizer que a biblioteca da institui\u00e7\u00e3o foi fechada para encontros dos militantes e os \u00f4nibus com a claque n\u00e3o param de chegar.<\/p>\n<p><strong>A frase que foi pronunciada<\/strong><br \/>\n<em>\u201cSobre o progresso \u2014 A prosperidade de alguns homens p\u00fablicos do Brasil \u00e9 uma prova evidente de que eles v\u00eam lutando pelo progresso do nosso subdesenvolvimento.\u201d<\/p>\n<p>Stanislaw Ponte Preta<\/em><\/p>\n<p>Taguaparque<\/p>\n<p>\u00bb Aten\u00e7\u00e3o administra\u00e7\u00e3o, o Taguaparque est\u00e1 h\u00e1 mais de 2 meses com os brinquedos interditados e nada de solu\u00e7\u00e3o. Os frequentadores mirins tamb\u00e9m merecem respeito.<\/p>\n<p>Navegador<\/p>\n<p>\u00bb Alguns leitores escreveram reclamando que a p\u00e1gina do Minist\u00e9rio da Sa\u00fade est\u00e1 desatualizada. Eles procuravam saber como funciona o SUS no endere\u00e7o http:\/\/portalsaude.saude.gov.br\/index.php\/cidadao\/entenda-o-sus<br \/>\nFizemos o teste e funcionou. Troquem de navegador.<\/p>\n<p>Olha o picol\u00e9<\/p>\n<p>\u00bb A empresa brasiliense Eppop inovou na rela\u00e7\u00e3o cliente-empres\u00e1rio. Picol\u00e9s artesanais s\u00e3o disponibilizados \u00e0 venda a R$ 2 e o cliente deposita o dinheiro em uma urna sem que tenha qualquer funcion\u00e1rio da empresa para administrar a venda. O sistema funciona com base na confian\u00e7a. O freezer com o produto se encontra no pr\u00e9dio Jo\u00e3o Calmon na UnB.<br \/>\n<strong><br \/>\nHist\u00f3ria de Bras\u00edlia<\/strong><br \/>\nNo auge da crise, quando o Congresso era convocado extraordinariamente, e havia o problema de localizar o maior n\u00famero de deputados, um representante do povo n\u00e3o hesitou em sugerir: telefone para a casa do Crisanto. (Publicado em 7\/9\/1961)<\/p>\n<\/div>\n","protected":false},"excerpt":{"rendered":"<p>Desde 1960 aricunha@dabr.com.br com Circe Cunha \/\/ circecunha.df@dabr.com.br e MAMFIL Quem observa com aten\u00e7\u00e3o a foto que mostra a \u00faltima assembleia de professores, em que se discutiram as poss\u00edveis op\u00e7\u00f5es para a paralisa\u00e7\u00e3o da Universidade de Bras\u00edlia, neste pr\u00f3ximo semestre, fica surpreso com o n\u00famero reduzido de pessoas presentes no audit\u00f3rio. Pouco mais de uma centena e meia de pessoas, [&hellip;]<\/p>\n","protected":false},"author":34,"featured_media":0,"comment_status":"closed","ping_status":"closed","sticky":false,"template":"","format":"standard","meta":{"footnotes":""},"categories":[23],"tags":[],"class_list":["post-7935","post","type-post","status-publish","format-standard","hentry","category-integra"],"_links":{"self":[{"href":"https:\/\/blogs.correiobraziliense.com.br\/aricunha\/wp-json\/wp\/v2\/posts\/7935","targetHints":{"allow":["GET"]}}],"collection":[{"href":"https:\/\/blogs.correiobraziliense.com.br\/aricunha\/wp-json\/wp\/v2\/posts"}],"about":[{"href":"https:\/\/blogs.correiobraziliense.com.br\/aricunha\/wp-json\/wp\/v2\/types\/post"}],"author":[{"embeddable":true,"href":"https:\/\/blogs.correiobraziliense.com.br\/aricunha\/wp-json\/wp\/v2\/users\/34"}],"replies":[{"embeddable":true,"href":"https:\/\/blogs.correiobraziliense.com.br\/aricunha\/wp-json\/wp\/v2\/comments?post=7935"}],"version-history":[{"count":1,"href":"https:\/\/blogs.correiobraziliense.com.br\/aricunha\/wp-json\/wp\/v2\/posts\/7935\/revisions"}],"predecessor-version":[{"id":7936,"href":"https:\/\/blogs.correiobraziliense.com.br\/aricunha\/wp-json\/wp\/v2\/posts\/7935\/revisions\/7936"}],"wp:attachment":[{"href":"https:\/\/blogs.correiobraziliense.com.br\/aricunha\/wp-json\/wp\/v2\/media?parent=7935"}],"wp:term":[{"taxonomy":"category","embeddable":true,"href":"https:\/\/blogs.correiobraziliense.com.br\/aricunha\/wp-json\/wp\/v2\/categories?post=7935"},{"taxonomy":"post_tag","embeddable":true,"href":"https:\/\/blogs.correiobraziliense.com.br\/aricunha\/wp-json\/wp\/v2\/tags?post=7935"}],"curies":[{"name":"wp","href":"https:\/\/api.w.org\/{rel}","templated":true}]}}