{"id":7931,"date":"2016-06-16T04:15:18","date_gmt":"2016-06-16T07:15:18","guid":{"rendered":"https:\/\/blogs.correiobraziliense.com.br\/aricunha\/?p=7931"},"modified":"2016-06-20T06:16:01","modified_gmt":"2016-06-20T09:16:01","slug":"america-latina-de-volta-pobreza","status":"publish","type":"post","link":"https:\/\/blogs.correiobraziliense.com.br\/aricunha\/america-latina-de-volta-pobreza\/","title":{"rendered":"Am\u00e9rica Latina: de volta \u00e0 pobreza"},"content":{"rendered":"<p>&nbsp;<br \/>\nDesde 1960<\/p>\n<p>aricunha@dabr.com.br<\/p>\n<p>com Circe Cunha \/\/ circecunha.df@dabr.com.br e MAMFIL<\/p>\n<p>Em relat\u00f3rio divulgado pelo Programa das Na\u00e7\u00f5es Unidas para o Desenvolvimento (Pnud) intitulado Progresso multidimensional: o bem-estar para al\u00e9m da renda, especialistas alertam para os riscos que corre a maioria dos pa\u00edses latino-americanos, incluindo o Brasil, de perder as conquistas sociais obtidas no per\u00edodo entre os anos 2000 e 2014. Durante uma d\u00e9cada e meia, o continente experimentou uma onda de expans\u00e3o e desenvolvimento econ\u00f4mico que, praticamente, beneficiou todos os pa\u00edses da regi\u00e3o. Ao lado do boom econ\u00f4mico, propiciado pelas exporta\u00e7\u00f5es das mais variadas commodities a \u00f3timos pre\u00e7os, esses pa\u00edses tiveram, no per\u00edodo, forte aumento de emprego e transfer\u00eancias de renda.<\/p>\n<p>Hoje a realidade \u00e9 outra. A recess\u00e3o, como no caso do Brasil, transformada por sua dura\u00e7\u00e3o em depress\u00e3o econ\u00f4mica, se espalha por todo o continente. A previs\u00e3o da ONU \u00e9 de que mais de 30 milh\u00f5es de pessoas retornem \u00e0 condi\u00e7\u00e3o de pobreza. Outros 220 milh\u00f5es de latino-americanos, por sua vulnerabilidade, tamb\u00e9m correm o risco de sofrerem com a crise.<\/p>\n<p>Para os autores do relat\u00f3rio do Pnud, \u201co crescimento econ\u00f4mico sozinho n\u00e3o reduzir\u00e1 a pobreza e a desigualdade na Am\u00e9rica Latina e no Caribe\u201d. Na avalia\u00e7\u00e3o da diretora para a Am\u00e9rica e o Caribe do Pnud, Jessica Faieta, pol\u00edticas econ\u00f4micas do tipo mais do mesmo n\u00e3o resultar\u00e3o na redu\u00e7\u00e3o da desigualdade e da pobreza, que avan\u00e7a. A concep\u00e7\u00e3o desses pesquisadores \u00e9 de que o crescimento econ\u00f4mico n\u00e3o gera necessariamente maior progresso social. O chamado bem-estar social deve, na opini\u00e3o deles, come\u00e7ar por investimentos em programas de aperfei\u00e7oamento de habilidades para melhorar as oportunidades de emprego, bem como em incrementos de modelos de sistemas financeiros que previnam o endividamento exagerado da popula\u00e7\u00e3o.<\/p>\n<p>Como fatores principais, o relat\u00f3rio aponta que o bin\u00f4mio educa\u00e7\u00e3o de qualidade e emprego \u00e9 capaz de tirar as pessoas da pobreza. Com rela\u00e7\u00e3o a evitar que as pessoas retornem \u00e0 condi\u00e7\u00e3o de pobreza, \u00e9 necess\u00e1ria, segundo o documento, a estrutura\u00e7\u00e3o de redes de prote\u00e7\u00e3o social, bem como a exist\u00eancia de recursos dom\u00e9sticos para garantir os programas nas horas de crise. \u201cO progresso de milh\u00f5es de pessoas se deveu a pol\u00edticas dedicadas \u00e0 redu\u00e7\u00e3o da pobreza, combinadas com um momento de bonan\u00e7a e recursos, mas, com a desacelera\u00e7\u00e3o atual, obviamente, haver\u00e1 menos recursos para o investimento governamental para os menos favorecidos\u201d, avalia a diretora do Pnud, para quem o mais importante agora, com a retra\u00e7\u00e3o da economia em todo o mundo, \u00e9 continuar investindo em programas sociais para proteger as conquistas dos \u00faltimos anos.<\/p>\n<p>No relat\u00f3rio, h\u00e1 ainda uma preocupa\u00e7\u00e3o com as minorias sociais de toda a regi\u00e3o, principalmente ind\u00edgenas, afrodescendentes, camponeses, jovens, mulheres e minorias sexuais, que n\u00e3o puderam alcan\u00e7ar o progresso em igualdade de condi\u00e7\u00f5es, j\u00e1 que o acesso ao mercado de trabalho \u00e9 dificultado e se v\u00ea condicionado por fatores m\u00faltiplos.<\/p>\n<p>A frase que n\u00e3o foi pronunciada<\/p>\n<p>\u201cA pol\u00edtica que tenta surpreender, normalmente \u00e9 surpreendida.\u201d<\/p>\n<p>Na atmosfera da Comiss\u00e3o de \u00c9tica da C\u00e2mara<\/p>\n<p>Dueto<\/p>\n<p>De um lado, o protesto contra o Projeto de Lei 1.013\/2011, que libera fabrica\u00e7\u00e3o e venda de carros de passeio movidos a motores a diesel no Brasil. De outro, protesto contra os estragos causados pelo plantio da cana-de-a\u00e7\u00facar cuja expans\u00e3o para produ\u00e7\u00e3o de etanol avan\u00e7a nas \u00e1reas de cultivo de g\u00eaneros aliment\u00edcios, colocando em risco a integridade de importantes biomas, como a Amaz\u00f4nia e o Pantanal.<\/p>\n<p>Agenda PGR<\/p>\n<p>O semin\u00e1rio Grandes casos criminais: experi\u00eancia italiana e perspectivas no Brasil. Come\u00e7ar\u00e1 no dia 27 a primeira rodada de discuss\u00f5es. No Audit\u00f3rio JK da Procuradoria-Geral da Rep\u00fablica, a partir das17h. A organiza\u00e7\u00e3o conta com a participa\u00e7\u00e3o dos presidentes da Rep\u00fablica em exerc\u00edcio, do Congresso Nacional, do Supremo Tribunal Federal e do procurador-geral da Rep\u00fablica \u2014 mesa de honra. O encerramento est\u00e1 previsto para as 19h.<\/p>\n<p>Participe<\/p>\n<p>N\u00e3o existe raz\u00e3o plaus\u00edvel, mas o fato \u00e9 corriqueiro. Pares de meias s\u00e3o separados misteriosamente. Quando sobra apenas uma meia, h\u00e1 quem queira. A Punket, aquela loja graciosa de meias, est\u00e1 fazendo uma campanha bem interessante. Est\u00e1 recolhendo meias limpinhas sem par para transformar em cobertor para moradores de rua. Conhe\u00e7a mais sobre o projeto no site www.meiasdobem.com.br.<\/p>\n<p>Popula\u00e7\u00e3o<\/p>\n<p>Certo dia, os alunos que t\u00eam aula no Pavilh\u00e3o Jo\u00e3o Calmon, da UnB, foram surpreendidos com uma novidade. Um freezer, uma urna e um cartaz dizendo que o picol\u00e9 artesanal Eppop custa R$ 2. Era s\u00f3 escolher e depositar o dinheiro na urna. Sucesso total. Fizeram a mesma experi\u00eancia no Rio de Janeiro. Sumiram urna e freezer. E Bras\u00edlia leva a fama!<\/p>\n<p>Hist\u00f3ria de Bras\u00edlia<\/p>\n<p>Seria muito bom que algu\u00e9m alterasse a Constitui\u00e7\u00e3o nessa falha aberta para a corrup\u00e7\u00e3o, porque o que se v\u00ea \u00e9 um governador mandar dinheiro para outro Estado, desprezando os problemas de sua terra, para garantir uma cadeira legislativa atrav\u00e9s de outros eleitores. (Publicado em 7\/9\/1961)<\/p>\n","protected":false},"excerpt":{"rendered":"<p>&nbsp; Desde 1960 aricunha@dabr.com.br com Circe Cunha \/\/ circecunha.df@dabr.com.br e MAMFIL Em relat\u00f3rio divulgado pelo Programa das Na\u00e7\u00f5es Unidas para o Desenvolvimento (Pnud) intitulado Progresso multidimensional: o bem-estar para al\u00e9m da renda, especialistas alertam para os riscos que corre a maioria dos pa\u00edses latino-americanos, incluindo o Brasil, de perder as conquistas sociais obtidas no per\u00edodo entre os anos 2000 e [&hellip;]<\/p>\n","protected":false},"author":34,"featured_media":0,"comment_status":"closed","ping_status":"closed","sticky":false,"template":"","format":"standard","meta":{"footnotes":""},"categories":[23],"tags":[],"class_list":["post-7931","post","type-post","status-publish","format-standard","hentry","category-integra"],"_links":{"self":[{"href":"https:\/\/blogs.correiobraziliense.com.br\/aricunha\/wp-json\/wp\/v2\/posts\/7931","targetHints":{"allow":["GET"]}}],"collection":[{"href":"https:\/\/blogs.correiobraziliense.com.br\/aricunha\/wp-json\/wp\/v2\/posts"}],"about":[{"href":"https:\/\/blogs.correiobraziliense.com.br\/aricunha\/wp-json\/wp\/v2\/types\/post"}],"author":[{"embeddable":true,"href":"https:\/\/blogs.correiobraziliense.com.br\/aricunha\/wp-json\/wp\/v2\/users\/34"}],"replies":[{"embeddable":true,"href":"https:\/\/blogs.correiobraziliense.com.br\/aricunha\/wp-json\/wp\/v2\/comments?post=7931"}],"version-history":[{"count":1,"href":"https:\/\/blogs.correiobraziliense.com.br\/aricunha\/wp-json\/wp\/v2\/posts\/7931\/revisions"}],"predecessor-version":[{"id":7932,"href":"https:\/\/blogs.correiobraziliense.com.br\/aricunha\/wp-json\/wp\/v2\/posts\/7931\/revisions\/7932"}],"wp:attachment":[{"href":"https:\/\/blogs.correiobraziliense.com.br\/aricunha\/wp-json\/wp\/v2\/media?parent=7931"}],"wp:term":[{"taxonomy":"category","embeddable":true,"href":"https:\/\/blogs.correiobraziliense.com.br\/aricunha\/wp-json\/wp\/v2\/categories?post=7931"},{"taxonomy":"post_tag","embeddable":true,"href":"https:\/\/blogs.correiobraziliense.com.br\/aricunha\/wp-json\/wp\/v2\/tags?post=7931"}],"curies":[{"name":"wp","href":"https:\/\/api.w.org\/{rel}","templated":true}]}}