{"id":7905,"date":"2016-06-04T03:46:26","date_gmt":"2016-06-04T06:46:26","guid":{"rendered":"https:\/\/blogs.correiobraziliense.com.br\/aricunha\/?p=7905"},"modified":"2016-06-20T06:02:36","modified_gmt":"2016-06-20T09:02:36","slug":"passado-e-amassado","status":"publish","type":"post","link":"https:\/\/blogs.correiobraziliense.com.br\/aricunha\/passado-e-amassado\/","title":{"rendered":"Passado e amassado"},"content":{"rendered":"<p>aricunha@dabr.com.br<\/p>\n<p>com Circe Cunha \/ circecunha.df@dabr.com.br<\/p>\n<p>&nbsp;<\/p>\n<p>No realismo fant\u00e1stico em que se transformou a pol\u00edtica brasileira na \u00faltima d\u00e9cada, nada mais causa espanto. At\u00e9 mesmo o retorno melanc\u00f3lico de Dilma Rousseff \u00e0 Presid\u00eancia da Rep\u00fablica, com direito a foguet\u00f3rio, fanfarra e tudo mais. Ocorre que o martelo n\u00e3o foi batido e Dilma ainda \u00e9 uma presidente afastada. Fala-se em revis\u00e3o de alguns votos no Senado. Basta, para tanto, que dois dos 55 votos dados em prol do impeachment sejam modificados.<\/p>\n<p>O governo do presidente interino Michel Temer tem dado alguns trope\u00e7os na largada, hesitado em algumas medidas, perdido ministros, aumentado sal\u00e1rios fora de hora. Se, pelo lado jur\u00eddico, o processo que respaldou o impeachment est\u00e1 bem amarrado tecnicamente, o mesmo n\u00e3o ocorre com o tr\u00e2mite pol\u00edtico da quest\u00e3o, em que a vari\u00e1vel humana \u00e9 colocada ao sabor do momento em que a Opera\u00e7\u00e3o Lava-Jato se encontra.<\/p>\n<p>\u00c0 medida que as investiga\u00e7\u00f5es avan\u00e7am sobre os pol\u00edticos, pode haver um recuo no voto de um ou de outro parlamentar. Paira a nuvem da incerteza sobre a vota\u00e7\u00e3o final. As grava\u00e7\u00f5es mostrando os di\u00e1logos de S\u00e9rgio Machado abriram brecha de luz sobre todo o processo. Pelo menos \u00e9 o que creem os petistas.<\/p>\n<p>As manifesta\u00e7\u00f5es populares que varreram o governo Dilma para fora do Pal\u00e1cio do Planalto tamb\u00e9m s\u00e3o uma inc\u00f3gnita. A quest\u00e3o \u00e9: haveria espa\u00e7o para press\u00e3o popular contra um rito estritamente legal que trouxesse Dilma de volta ao Executivo? Observadores t\u00eam chamado a aten\u00e7\u00e3o para uma poss\u00edvel carta na manga escondida pela presidente, que seria a promessa de convocar a antecipa\u00e7\u00e3o de elei\u00e7\u00f5es gerais, t\u00e3o logo voltasse ao poder. Esse recurso extraordin\u00e1rio serviria para passar uma borracha no passado de muita gente, inclusive, no da pr\u00f3pria presidente que, hipoteticamente, seria substitu\u00edda e absolvida do processo pol\u00edtico de afastamento.<\/p>\n<p>Nas oportunidades em que ela precisa falar em p\u00fablico, a presidente tem martelado que o governo de Michel Temer empreender\u00e1 cortes profundos nos programas sociais. O que ela n\u00e3o explica e esconde da audi\u00eancia \u00e9 que, se esses cortes forem feitos de fato, \u00e9 porque os cofres p\u00fablicos est\u00e3o vazios. Ademais, o enxugamento de muitos programas sociais foi feito ainda durante seu segundo mandato, por imposi\u00e7\u00e3o da fr\u00e1gil realidade dos n\u00fameros. Para as plateias encantadas, Dilma tem repetido o latin\u00f3rio de que a direita golpista e neoliberal vem impondo um retorno ao passado e que os mais prejudicados ser\u00e3o os menos favorecidos.<\/p>\n<p>Esse discurso de que se ensaia volta a um passado de ang\u00fastias e afli\u00e7\u00f5es escamoteia o fato de que o regresso da querida ao Poder Executivo \u00e9, em si, repeti\u00e7\u00e3o do mesmo modelo que j\u00e1 arruinou a Venezuela e amea\u00e7a se repetir no Brasil. O que Dilma n\u00e3o compreende e seus companheiros n\u00e3o aceitam \u00e9 que eles s\u00e3o parte de um passado que a na\u00e7\u00e3o, a duras penas, tenta esquecer.<\/p>\n<p>A frase que foi pronunciada:<a class=\"save-timestamp hide-if-no-js button\" href=\"https:\/\/blogs.correiobraziliense.com.br\/aricunha\/wp-admin\/post-new.php#edit_timestamp\">OK<\/a><\/p>\n<p>\u201cFofoqueiros alimentam as inj\u00farias, os justos pedem provas.\u201d<\/p>\n<p>Karl Nesh<\/p>\n<p>Release<\/p>\n<p>Recebemos convite para o Arrai\u00e1 do Dot\u00f4, que vai acontecer para a imprensa. O presidente da AMBr, Luciano Carvalho, estar\u00e1 presente e \u00e0 disposi\u00e7\u00e3o para falar de assuntos como a crise no setor de sa\u00fade do DF e o excesso de exames pedidos nos consult\u00f3rios. A festa junina da Associa\u00e7\u00e3o M\u00e9dica de Bras\u00edlia ser\u00e1 no pr\u00f3ximo dia 11, na pr\u00f3pria associa\u00e7\u00e3o.<\/p>\n<p>Concorr\u00eancia<\/p>\n<p>Comunica\u00e7\u00e3o importante sobre a parceria entre os Correios e EUTV. A experi\u00eancia foi bem-sucedida em Angola. O presidente dos Correios, Heli Siqueira de Azevedo, aduz que a empresa pretende disponibilizar planos de servi\u00e7os e ofertas pr\u00f3prias, de acordo com o perfil do p\u00fablico. \u201cNossos clientes s\u00e3o os usu\u00e1rios de nossa rede de atendimento de quase<\/p>\n<p>12 mil pontos em todo o territ\u00f3rio nacional. \u00c9 esse p\u00fablico que pretendemos atender com esse novo servi\u00e7o. Somando a capilaridade e a for\u00e7a da marca Correios com a expertise e a disposi\u00e7\u00e3o da EUTV em prover servi\u00e7os inovadores e de forte apelo para o p\u00fablico de baixa renda, essa parceria re\u00fane todos os elementos para ser um grande sucesso.\u201d<\/p>\n<p>L\u00e1 vem<\/p>\n<p>Por falar em Angola, um t\u00edtulo de mat\u00e9ria da r\u00e1dio Atividade, da Jovem Pan, chama a aten\u00e7\u00e3o: \u201cLava-Jato mostra que Brasil, Angola e Portugal s\u00e3o mais que pa\u00edses-irm\u00e3os, s\u00e3o irm\u00e3os metralha\u201d. Esse po\u00e7o de corrup\u00e7\u00e3o \u00e9 mais fundo que o pr\u00e9-sal!<\/p>\n<p>Hist\u00f3ria de Bras\u00edlia<\/p>\n<p>Bras\u00edlia sofre sempre as influ\u00eancias de origem. Na mudan\u00e7a, eram os cariocas. No governo, eram os mineiros, depois, os paulistas, e agora, os ga\u00fachos. (Publicado em 7\/9\/1961)<\/p>\n","protected":false},"excerpt":{"rendered":"<p>aricunha@dabr.com.br com Circe Cunha \/ circecunha.df@dabr.com.br &nbsp; No realismo fant\u00e1stico em que se transformou a pol\u00edtica brasileira na \u00faltima d\u00e9cada, nada mais causa espanto. At\u00e9 mesmo o retorno melanc\u00f3lico de Dilma Rousseff \u00e0 Presid\u00eancia da Rep\u00fablica, com direito a foguet\u00f3rio, fanfarra e tudo mais. Ocorre que o martelo n\u00e3o foi batido e Dilma ainda \u00e9 uma presidente afastada. Fala-se em [&hellip;]<\/p>\n","protected":false},"author":34,"featured_media":0,"comment_status":"closed","ping_status":"closed","sticky":false,"template":"","format":"standard","meta":{"footnotes":""},"categories":[23],"tags":[],"class_list":["post-7905","post","type-post","status-publish","format-standard","hentry","category-integra"],"_links":{"self":[{"href":"https:\/\/blogs.correiobraziliense.com.br\/aricunha\/wp-json\/wp\/v2\/posts\/7905","targetHints":{"allow":["GET"]}}],"collection":[{"href":"https:\/\/blogs.correiobraziliense.com.br\/aricunha\/wp-json\/wp\/v2\/posts"}],"about":[{"href":"https:\/\/blogs.correiobraziliense.com.br\/aricunha\/wp-json\/wp\/v2\/types\/post"}],"author":[{"embeddable":true,"href":"https:\/\/blogs.correiobraziliense.com.br\/aricunha\/wp-json\/wp\/v2\/users\/34"}],"replies":[{"embeddable":true,"href":"https:\/\/blogs.correiobraziliense.com.br\/aricunha\/wp-json\/wp\/v2\/comments?post=7905"}],"version-history":[{"count":1,"href":"https:\/\/blogs.correiobraziliense.com.br\/aricunha\/wp-json\/wp\/v2\/posts\/7905\/revisions"}],"predecessor-version":[{"id":7906,"href":"https:\/\/blogs.correiobraziliense.com.br\/aricunha\/wp-json\/wp\/v2\/posts\/7905\/revisions\/7906"}],"wp:attachment":[{"href":"https:\/\/blogs.correiobraziliense.com.br\/aricunha\/wp-json\/wp\/v2\/media?parent=7905"}],"wp:term":[{"taxonomy":"category","embeddable":true,"href":"https:\/\/blogs.correiobraziliense.com.br\/aricunha\/wp-json\/wp\/v2\/categories?post=7905"},{"taxonomy":"post_tag","embeddable":true,"href":"https:\/\/blogs.correiobraziliense.com.br\/aricunha\/wp-json\/wp\/v2\/tags?post=7905"}],"curies":[{"name":"wp","href":"https:\/\/api.w.org\/{rel}","templated":true}]}}