{"id":7893,"date":"2016-05-31T10:37:13","date_gmt":"2016-05-31T13:37:13","guid":{"rendered":"https:\/\/blogs.correiobraziliense.com.br\/aricunha\/?p=7893"},"modified":"2016-06-03T10:37:51","modified_gmt":"2016-06-03T13:37:51","slug":"saude-debilitada","status":"publish","type":"post","link":"https:\/\/blogs.correiobraziliense.com.br\/aricunha\/saude-debilitada\/","title":{"rendered":"Sa\u00fade debilitada"},"content":{"rendered":"<p>DESDE 1960 \u00bb<\/p>\n<p>aricunha@dabr.com.br<\/p>\n<p>com Circe Cunha \/\/ circecunha.df@dabr.com.brDesde 1960<\/p>\n<p>&nbsp;<\/p>\n<p>Com o passar dos meses, aumenta a impress\u00e3o, entre os brasilienses, de que os problemas na \u00e1rea de sa\u00fade p\u00fablica do Distrito Federal caminham para estado de colapso generalizado. A situa\u00e7\u00e3o parece vir num processo lento de degrada\u00e7\u00e3o, por mais que o GDF empreenda esfor\u00e7os no sentido contr\u00e1rio. O que parece \u00e9 que os rem\u00e9dios empregados para deter a piora nos servi\u00e7os do setor n\u00e3o t\u00eam sido devidamente prescritos. No aprendizado de medicina, uma parte fundamental do curso \u00e9 despendida no ensino da semiologia ou proped\u00eautica, que analisa os sinais e sintomas das doen\u00e7as. Esse estudo \u00e9 essencial para formar um quadro real do paciente e, com isso, levar a um diagn\u00f3stico preciso.<\/p>\n<p>Mesmo nesses cursos, os avan\u00e7os na tecnologia, v\u00eam substituindo o saber ancestral m\u00e9dico pelos diagn\u00f3sticos originados de m\u00e1quinas. Os m\u00e9dicos, hoje, confiam muito mais nos exames de laborat\u00f3rios e de imagens do que nos m\u00e9todos de contato e conversa com seus pacientes. N\u00e3o \u00e9 por outra raz\u00e3o que uma simples consulta, dura o necess\u00e1rio apenas para o m\u00e9dico prescrever os exames complementares que as m\u00e1quinas far\u00e3o na sequ\u00eancia. N\u00e3o se deve menosprezar o poderio de m\u00e1quinas com o Petscan e o Raios X, na \u00e1rea m\u00e9dica. Da mesma forma, deve-se aprimorar o estudo da semiologia, como fazem as escolas de medicina da China e de outras partes do mundo.<\/p>\n<p>\u00c9 esse diagn\u00f3stico do di\u00e1logo, nascido da perscruta\u00e7\u00e3o profunda das causas e n\u00e3o das consequ\u00eancias, que parece faltar tamb\u00e9m nas \u00e1reas de administra\u00e7\u00e3o da sa\u00fade p\u00fablica. Falta ao gestor de sa\u00fade um diagn\u00f3stico do setor. O que a popula\u00e7\u00e3o assiste, com apreens\u00e3o a cada dia, \u00e9 \u00e0 corrida desesperada do governador \u00e0 C\u00e2mara Legislativa ou aos \u00f3rg\u00e3os federais em busca de mais e mais recursos para a \u00e1rea de sa\u00fade p\u00fablica do DF. Parece que o governador, \u00e0 semelhan\u00e7a de uma crian\u00e7a que brinca na praia, cavou um buraco na areia e, com um baldinho, tenta transferir toda a \u00e1gua do mar para essa cavidade.<\/p>\n<p>Na C\u00e2mara Legislativa, Comiss\u00e3o Parlamentar de Inqu\u00e9rito (CPI) da Sa\u00fade colocou \u00e0 disposi\u00e7\u00e3o dos cidad\u00e3os um Disque-Den\u00fancia (3348-8751) para coletar reclama\u00e7\u00f5es e dados sobre o setor. \u00c9 um primeir\u00edssimo passo de uma longa jornada. De sa\u00edda, sabe-se que do n\u00famero de vagas nas Unidades de Terapia Intensiva (UTIs), 1.071, apenas 281 est\u00e3o no Sistema \u00danico de Sa\u00fade (SUS). A demanda por leitos hospitalares \u00e9 aqu\u00e9m da demanda h\u00e1 muitos anos, como mostra um estudo do Conselho Federal de Medicina (CFM). Nos \u00faltimos seis anos, 820 leitos foram desativados.<\/p>\n<p>Bras\u00edlia ocupa o terceiro lugar no Brasil em encerramento de leitos. Pessoas que deveriam estar nas UTIs, s\u00e3o obrigadas a aguardar vagas, por dias, em corredores insalubres e muitas n\u00e3o resistem. Faltam profissionais m\u00e9dicos e enfermeiros em todas as unidades. O problema \u00e9 nacional. De acordo com o CFM, em 70% dos estados n\u00e3o h\u00e1 n\u00famero de leitos de UTI recomendado pelo Minist\u00e9rio da Sa\u00fade.<\/p>\n<p>Em Bras\u00edlia, ocorre uma distor\u00e7\u00e3o flagrante: tem uma das piores disponibilidade de leitos do SUS por 10 mil habitantes, (0,96) ao lado do Rio de Janeiro. Mas a cidade est\u00e1 entre as melhores capitais na m\u00e9dia de leitos privados de todo o pa\u00eds. O grande n\u00famero de a\u00e7\u00f5es judiciais mostra o caos no setor. Em contrapartida, o GDF j\u00e1 gastou este ano quase R$ 100 milh\u00f5es a mais somente com vigil\u00e2ncia, limpeza a alimenta\u00e7\u00e3o nos hospitais. Desde janeiro, foram empenhados quase R$ 250 milh\u00f5es com servi\u00e7os de manuten\u00e7\u00e3o de hospitais e unidades de sa\u00fade. Herdado da gest\u00e3o passada, o dilema do GDF ainda n\u00e3o foi solucionado: gasta mais em manter a estrutura f\u00edsica dos hospitais do que em medicamentos. Ou o governo come\u00e7a a pensar num meio de criar estruturas de pessoal pr\u00f3prio para manter e fornecer alimentos para a rede de sa\u00fade, ou ficar\u00e1 eternamente ref\u00e9m dessas empresas. E olhem que essa \u00e9 apenas uma ponta do iceberg.<\/p>\n<p>A frase que foi pronunciada<\/p>\n<p>\u201cParece ineg\u00e1vel que a haver\u00e1 diminui\u00e7\u00e3o na independ\u00eancia funcional dos atos de controlar e fiscalizar internamente o Poder Executivo. E, em um momento t\u00e3o conturbado como o que o Brasil vivencia atualmente, principalmente do ponto de vista pol\u00edtico e judicial, atos da Presid\u00eancia devem sempre fortalecer e dar mais independ\u00eancia aos \u00f3rg\u00e3os de combate \u00e0 corrup\u00e7\u00e3o, e n\u00e3o os subordinar, provocando o efeito oposto.\u201d<\/p>\n<p>Senador Randolfe Rodrigues<\/p>\n<p>Vale a pena<\/p>\n<p>Aten\u00e7\u00e3o, quem evita alimentos com agrot\u00f3xicos. Hoje come\u00e7a a 12\u00aa Semana dos Alimentos Org\u00e2nicos do DF. O evento \u00e9 organizado pelo Minist\u00e9rio da Agricultura, Pecu\u00e1ria e Abastecimento (Mapa) e tem v\u00e1rios \u00f3rg\u00e3os como parceiros \u2014 entre eles, a Emater-DF. At\u00e9 domingo, consumidores, produtores e t\u00e9cnicos ter\u00e3o a oportunidade de conhecer o progresso da produ\u00e7\u00e3o org\u00e2nica. Dia de Campo \u2014 Sistemas de Produ\u00e7\u00e3o Agr\u00edcola Sustent\u00e1veis, das 9h \u00e0s 12h, na maravilhosa Fazenda \u00c1gua Limpa da UnB, no N\u00facleo Rural Vargem Bonita.<\/p>\n<p>Sociedade<\/p>\n<p>Duli Mittelstedt, ao piano, acompanha o tenor Georgiano Giorgi Gelashvilli. Um concerto promovido pela Embaixada da Georgia, que acontecer\u00e1 no Clube Naval.<\/p>\n<p>Hist\u00f3ria de Bras\u00edlia<\/p>\n<p>Em toda esta crise, Bras\u00edlia mostrou que \u00e9, realmente, a capital do pa\u00eds. Em nenhum instante a solu\u00e7\u00e3o veio do Rio, o rem\u00e9dio veio de fora. Isolada, como dizem seus inimigos, no Planalto Central, nunca esteve t\u00e3o pr\u00f3xima de todo o mundo como nesses \u00faltimos dias, gra\u00e7as ao excelente equipamento de comunica\u00e7\u00f5es. (Publicado em 6\/9\/1961)<\/p>\n","protected":false},"excerpt":{"rendered":"<p>DESDE 1960 \u00bb aricunha@dabr.com.br com Circe Cunha \/\/ circecunha.df@dabr.com.brDesde 1960 &nbsp; Com o passar dos meses, aumenta a impress\u00e3o, entre os brasilienses, de que os problemas na \u00e1rea de sa\u00fade p\u00fablica do Distrito Federal caminham para estado de colapso generalizado. A situa\u00e7\u00e3o parece vir num processo lento de degrada\u00e7\u00e3o, por mais que o GDF empreenda esfor\u00e7os no sentido contr\u00e1rio. O [&hellip;]<\/p>\n","protected":false},"author":34,"featured_media":0,"comment_status":"closed","ping_status":"closed","sticky":false,"template":"","format":"standard","meta":{"footnotes":""},"categories":[23],"tags":[],"class_list":["post-7893","post","type-post","status-publish","format-standard","hentry","category-integra"],"_links":{"self":[{"href":"https:\/\/blogs.correiobraziliense.com.br\/aricunha\/wp-json\/wp\/v2\/posts\/7893","targetHints":{"allow":["GET"]}}],"collection":[{"href":"https:\/\/blogs.correiobraziliense.com.br\/aricunha\/wp-json\/wp\/v2\/posts"}],"about":[{"href":"https:\/\/blogs.correiobraziliense.com.br\/aricunha\/wp-json\/wp\/v2\/types\/post"}],"author":[{"embeddable":true,"href":"https:\/\/blogs.correiobraziliense.com.br\/aricunha\/wp-json\/wp\/v2\/users\/34"}],"replies":[{"embeddable":true,"href":"https:\/\/blogs.correiobraziliense.com.br\/aricunha\/wp-json\/wp\/v2\/comments?post=7893"}],"version-history":[{"count":1,"href":"https:\/\/blogs.correiobraziliense.com.br\/aricunha\/wp-json\/wp\/v2\/posts\/7893\/revisions"}],"predecessor-version":[{"id":7894,"href":"https:\/\/blogs.correiobraziliense.com.br\/aricunha\/wp-json\/wp\/v2\/posts\/7893\/revisions\/7894"}],"wp:attachment":[{"href":"https:\/\/blogs.correiobraziliense.com.br\/aricunha\/wp-json\/wp\/v2\/media?parent=7893"}],"wp:term":[{"taxonomy":"category","embeddable":true,"href":"https:\/\/blogs.correiobraziliense.com.br\/aricunha\/wp-json\/wp\/v2\/categories?post=7893"},{"taxonomy":"post_tag","embeddable":true,"href":"https:\/\/blogs.correiobraziliense.com.br\/aricunha\/wp-json\/wp\/v2\/tags?post=7893"}],"curies":[{"name":"wp","href":"https:\/\/api.w.org\/{rel}","templated":true}]}}