{"id":7886,"date":"2016-05-27T14:27:07","date_gmt":"2016-05-27T17:27:07","guid":{"rendered":"https:\/\/blogs.correiobraziliense.com.br\/aricunha\/?p=7886"},"modified":"2016-06-03T10:27:31","modified_gmt":"2016-06-03T13:27:31","slug":"dablio-tres","status":"publish","type":"post","link":"https:\/\/blogs.correiobraziliense.com.br\/aricunha\/dablio-tres\/","title":{"rendered":"D\u00e1blio tr\u00eas"},"content":{"rendered":"<p>DESDE 1960 \u00bb<\/p>\n<p>aricunha@dabr.com.br<\/p>\n<p>com Circe Cunha \/\/ circecunha.df@dabr.com.br<\/p>\n<p>&nbsp;<\/p>\n<p>Entra e sai governo, e o problema da revitaliza\u00e7\u00e3o da avenida W3 persiste sem solu\u00e7\u00e3o \u00e0 vista. Ao longo dos anos, alguns concursos p\u00fablicos para a escolha de um projeto de urbaniza\u00e7\u00e3o dessa importante via de com\u00e9rcio da cidade foram realizados, os resultados e os vencedores foram divulgados e conhecidos de todos, mas, at\u00e9 agora, nada de pr\u00e1tico. Ocorre que esses projetos vencedores, com o passar do tempo e do esquecimento, ficaram, de certa forma, datados, e as solu\u00e7\u00f5es apontadas n\u00e3o se encaixam nas exig\u00eancias atuais. Burocracias \u00e0 parte, o problema com a decad\u00eancia das avenidas W3 Sul e Norte, \u00e0 primeira vista, n\u00e3o necessita de c\u00e9rebros sofisticados para se chegar a bom termo.<\/p>\n<p>De sa\u00edda, o que essas vias requerem, com urg\u00eancia, \u00e9 limpeza e uniformiza\u00e7\u00e3o das cal\u00e7adas. Ao longo de todo o trecho, ambas as avenidas n\u00e3o disp\u00f5em de piso largo, uniforme, limpo e convidativo para as pessoas perambularem despreocupadas. Cal\u00e7adas bem desenhadas, com as exig\u00eancias que um bom desenho t\u00e9cnico recomenda, representam a pr\u00e9-condi\u00e7\u00e3o para a revitaliza\u00e7\u00e3o da \u00e1rea, atraindo pessoas de todas idades e condi\u00e7\u00f5es f\u00edsicas.<\/p>\n<p>No caso da W3 Sul, importante, ainda, \u00e9 a reconstru\u00e7\u00e3o das marquises em frente \u00e0s lojas, dentro dos padr\u00f5es atuais, dando mais seguran\u00e7a e abrigo aos passantes. Fundamental tamb\u00e9m nas duas avenidas s\u00e3o a limpeza e a padroniza\u00e7\u00e3o dos letreiros e propagandas das lojas, acabando com a polui\u00e7\u00e3o visual que enfeia e prejudica os locais.<\/p>\n<p>As paradas de \u00f4nibus necessitam ser revitalizadas, seguindo o padr\u00e3o Bras\u00edlia, com conforto e seguran\u00e7a aos usu\u00e1rios do transporte p\u00fablico, dentro do que prop\u00f5e o desenho modernista. A ideia de revesti-los com azulejos Athos Bulc\u00e3o pode ser pensada.<\/p>\n<p>O problema com a infiltra\u00e7\u00e3o de com\u00e9rcio nas quadras 700 Sul, que s\u00e3o residenciais, pode ser tranquilamente resolvido, usando-se, para isso, a lei e a autoridade do governo para levar esses empreendedores para a \u00e1rea destinada a esse fim que fica logo ali, atravessando a avenida, nas quadras 500.<\/p>\n<p>Deixar essas importantes ruas de com\u00e9rcio entregues \u00e0 criatividade e \u00e0 inventividade de cada um desses comerciantes, resultou no que se tem agora: uma avenida que \u00e9 o retrato do terceiro mundo. Pior, bem no cora\u00e7\u00e3o da capital. O prolongado descaso das autoridades com essa regi\u00e3o, traz preju\u00edzos para a popula\u00e7\u00e3o e para os pr\u00f3prios comerciantes que v\u00eam os clientes serem tangidos para os shoppings e outros pontos de com\u00e9rcio mais seguros e limpos.<\/p>\n<p>Desfiguradas com a prolifera\u00e7\u00e3o de puxadinhos verticais e horizontais, a situa\u00e7\u00e3o \u00e9 calamitosa nessas avenidas. Sujeira, polui\u00e7\u00e3o visual, barreiras f\u00edsicas e outras anomalias urbanas imp\u00f5em provid\u00eancias urgentes, principalmente agora em momento de profunda crise econ\u00f4mica, quando milhares de estabelecimentos comerciais fecham as portas.<\/p>\n<p>Revitalizar a avenidas W3 Sul e Norte pode ser a reden\u00e7\u00e3o da atividade econ\u00f4mica n\u00e3o apenas nessas \u00e1reas espec\u00edficas, mas para toda a cidade, trazendo mais movimento na economia, com\u00e9rcio, mais lazer, mais empregos, e devolvendo aos brasilienses duas importantes vias, conforme idealizadas por seus projetistas.<\/p>\n<p>A frase que foi pronunciada<\/p>\n<p>\u201cA m\u00e1quina pol\u00edtica triunfa porque \u00e9 uma minoria unida atuando contra uma maioria dividida.\u201d<\/p>\n<p>Will Durant<\/p>\n<p>Uma por todos<\/p>\n<p>Poucas pessoas em Bras\u00edlia estimulam os artistas como Fl\u00e1via Obino Boeckel. Concretiza exposi\u00e7\u00f5es, apresenta um talento ao outro, d\u00e1 conselhos, organiza jantares. \u00c9 uma raridade altru\u00edsta no campo das artes. Estudou em v\u00e1rias institui\u00e7\u00f5es importantes do Brasil e do exterior. Nenhum dos diplomas dos v\u00e1rios cursos que fez registrou essa qualidade. Aqui est\u00e1 o agradecimento de todos os artistas que voc\u00ea apoiou, Flavita.<\/p>\n<p>Convenhamos<\/p>\n<p>S\u00e3o 180 dias para tentar encontrar qualquer coisa que jogue fuma\u00e7a no desfalque do Partido dos Trabalhadores aos cofres p\u00fablicos. O mestre da arte da pol\u00edtica, Jos\u00e9 Sarney, est\u00e1 longe desse burburinho petista. A conversa muito mal gravada sobre a solidariedade do ex-presidente a S\u00e9rgio Machado n\u00e3o traz nenhum ind\u00edcio de il\u00edcito.<\/p>\n<p>Dados<\/p>\n<p>Resultados estarrecedores apresentados em audi\u00eancia p\u00fablica na C\u00e2mara dos Deputados. Lan\u00e7ado o primeiro Plano Nacional de Enfrentamento ao Homic\u00eddio de Jovens. Daniel Cerqueira, t\u00e9cnico de Planejamento e Pesquisa do Ipea, disse que o Brasil perde R$ 150 bilh\u00f5es com a morte dos jovens a cada ano no Brasil. Uma juventude que poderia ser parte do desenvolvimento do pa\u00eds.<\/p>\n<p>Hist\u00f3ria de Bras\u00edlia<\/p>\n<p>Muito benfeito, o policiamento. A n\u00e3o ser o caso criado com o deputado Osmar Cunha, nada houve de anormal. O comportamento dos soldados foi exemplar. (Publicado em 6\/9\/1961)<\/p>\n","protected":false},"excerpt":{"rendered":"<p>DESDE 1960 \u00bb aricunha@dabr.com.br com Circe Cunha \/\/ circecunha.df@dabr.com.br &nbsp; Entra e sai governo, e o problema da revitaliza\u00e7\u00e3o da avenida W3 persiste sem solu\u00e7\u00e3o \u00e0 vista. Ao longo dos anos, alguns concursos p\u00fablicos para a escolha de um projeto de urbaniza\u00e7\u00e3o dessa importante via de com\u00e9rcio da cidade foram realizados, os resultados e os vencedores foram divulgados e conhecidos [&hellip;]<\/p>\n","protected":false},"author":34,"featured_media":0,"comment_status":"closed","ping_status":"closed","sticky":false,"template":"","format":"standard","meta":{"footnotes":""},"categories":[23],"tags":[],"class_list":["post-7886","post","type-post","status-publish","format-standard","hentry","category-integra"],"_links":{"self":[{"href":"https:\/\/blogs.correiobraziliense.com.br\/aricunha\/wp-json\/wp\/v2\/posts\/7886","targetHints":{"allow":["GET"]}}],"collection":[{"href":"https:\/\/blogs.correiobraziliense.com.br\/aricunha\/wp-json\/wp\/v2\/posts"}],"about":[{"href":"https:\/\/blogs.correiobraziliense.com.br\/aricunha\/wp-json\/wp\/v2\/types\/post"}],"author":[{"embeddable":true,"href":"https:\/\/blogs.correiobraziliense.com.br\/aricunha\/wp-json\/wp\/v2\/users\/34"}],"replies":[{"embeddable":true,"href":"https:\/\/blogs.correiobraziliense.com.br\/aricunha\/wp-json\/wp\/v2\/comments?post=7886"}],"version-history":[{"count":2,"href":"https:\/\/blogs.correiobraziliense.com.br\/aricunha\/wp-json\/wp\/v2\/posts\/7886\/revisions"}],"predecessor-version":[{"id":7888,"href":"https:\/\/blogs.correiobraziliense.com.br\/aricunha\/wp-json\/wp\/v2\/posts\/7886\/revisions\/7888"}],"wp:attachment":[{"href":"https:\/\/blogs.correiobraziliense.com.br\/aricunha\/wp-json\/wp\/v2\/media?parent=7886"}],"wp:term":[{"taxonomy":"category","embeddable":true,"href":"https:\/\/blogs.correiobraziliense.com.br\/aricunha\/wp-json\/wp\/v2\/categories?post=7886"},{"taxonomy":"post_tag","embeddable":true,"href":"https:\/\/blogs.correiobraziliense.com.br\/aricunha\/wp-json\/wp\/v2\/tags?post=7886"}],"curies":[{"name":"wp","href":"https:\/\/api.w.org\/{rel}","templated":true}]}}