{"id":7884,"date":"2016-05-26T20:02:32","date_gmt":"2016-05-26T23:02:32","guid":{"rendered":"https:\/\/blogs.correiobraziliense.com.br\/aricunha\/?p=7884"},"modified":"2016-06-03T10:25:03","modified_gmt":"2016-06-03T13:25:03","slug":"brasilia-brasilia","status":"publish","type":"post","link":"https:\/\/blogs.correiobraziliense.com.br\/aricunha\/brasilia-brasilia\/","title":{"rendered":"Bras\u00edlia, Bras\u00edlia"},"content":{"rendered":"<p>Desde 1960<\/p>\n<p>aricunha@dabr.com.br<\/p>\n<p>com Circe Cunha \/\/ circecunha.df@dabr.com.br<\/p>\n<p>Jos\u00e9 Aparecido, ex-governador de Bras\u00edlia no per\u00edodo 1985-988, talvez tenha sido, dos administradores da capital, aquele que mais percebeu as sutilezas e a complexidade simples e clara apresentadas no projeto de Lucio Costa. Tanto entendeu que levou a cabo na sua gest\u00e3o a inser\u00e7\u00e3o da cidade como patrim\u00f4nio cultural da humanidade. Foi dele tamb\u00e9m a iniciativa de convidar o famoso urbanista para visitar a cidade, um quarto de s\u00e9culo depois de constru\u00edda, para colher, diretamente do criador, alguns subs\u00eddios para poss\u00edvel adequa\u00e7\u00e3o aos novos desafios urbanos que se impunham \u00e0 \u00e9poca.<\/p>\n<p>\u00c9 dessa fase o documento intitulado Bras\u00edlia revisitada, no qual Lucio Costa detalha, no seu estilo l\u00edmpido, n\u00e3o s\u00f3 as raz\u00f5es que levaram a tomada de partido (escolha ou op\u00e7\u00e3o por um determinado desenho), bem como as vari\u00e1veis e possibilidades para o crescimento e expans\u00e3o da cidade sem ferir os princ\u00edpios que a nortearam.<\/p>\n<p>O problema com acr\u00e9scimo de elementos extempor\u00e2neos a um objeto cl\u00e1ssico, no caso modernista, \u00e9 que a inser\u00e7\u00e3o de uma \u00fanica unidade pode macular todo o conjunto, pondo a perder uma obra por completo. Seria o mesmo que agregar uma roupa mais moderna ou um corte de cabelo mais atual \u00e0 Monalisa, de Leonardo da Vinci.<\/p>\n<p>Em Bras\u00edlia revisitada, Lucio Costa tra\u00e7ou de pr\u00f3prio punho as possibilidades que visualizava para a expans\u00e3o da capital, n\u00e3o sem antes fazer uma cr\u00edtica educada e oportuna \u00e0queles que se consideram muito moderninhos e avant garde.<\/p>\n<p>Naquela ocasi\u00e3o, escreveu: \u201cRefiro-me aos empreendedores imobili\u00e1rios interessados em adensar a cidade com o recurso habitual do aumento de gabaritos; e aos arquitetos e urbanistas que, reputando \u2018ultrapassados\u2019 os princ\u00edpios que informaram a concep\u00e7\u00e3o da nova capital e a sua intr\u00ednseca disciplina arquitet\u00f4nica, gostariam tamb\u00e9m de romper o princ\u00edpio dos gabaritos preestabelecidos, gostariam de jogar com alturas diferentes nas superquadras, aspirando fazer de Bras\u00edlia uma cidade de fei\u00e7\u00e3o mais caprichosa, concentrada e din\u00e2mica, ao gosto das experi\u00eancias agora em voga pelo mundo; gostariam, em suma, que a cidade n\u00e3o fosse o que \u00e9, e sim outra coisa\u201d.<\/p>\n<p>De fato, ao que se assiste desde que a capital foi emancipada politicamente foi que o incha\u00e7o demogr\u00e1fico, decorrente que uma pol\u00edtica de atrair pessoas em troca de votos, provocou uma supervaloriza\u00e7\u00e3o nos pre\u00e7os das terras urbanas \u2014\u00a0 o que, por sua vez, ati\u00e7ou a cobi\u00e7a de especuladores imobili\u00e1rios ambiciosos. \u00c9 dessa jun\u00e7\u00e3o nefasta entre pol\u00edticos espertos e empreendedores gananciosos que a cidade vem sendo comida pelas beiradas, infestada por puxadinhos horrendos, como um bigode rabiscado sobre o rosto enigm\u00e1tico da Monalisa.<\/p>\n<p>&nbsp;<\/p>\n<p><b>A frase que foi pronunciada<\/b><\/p>\n<p><i>\u201c\u00c9 f\u00e1cil avaliar o ju\u00edzo ou a capacidade de qualquer homem quando se sabe o que ele mais ambiciona.\u201d<\/i><\/p>\n<p>Marqu\u00eas de Maric\u00e1<\/p>\n<p>&nbsp;<\/p>\n<p><b>Respeito<\/b><\/p>\n<p>Totalmente humanizado o atendimento no Centro Brasileiro da Vis\u00e3o, na L2 Sul. Respeito ao paciente, e uma raridade: hor\u00e1rio marcado e cumprido. As instala\u00e7\u00f5es limpas e agrad\u00e1veis. A gest\u00e3o diretora e a qualidade do corpo m\u00e9dico mostram uma administra\u00e7\u00e3o impec\u00e1vel. Dr. Marcos \u00c1vila e equipe lutaram para alcan\u00e7ar esse n\u00edvel, tanto de atendimento quanto de servi\u00e7o. A popula\u00e7\u00e3o de Bras\u00edlia agradece.<\/p>\n<p>&nbsp;<\/p>\n<p><b>Mente brilhante<\/b><\/p>\n<p>Se a pessoa \u00e9 correntista da ag\u00eancia banc\u00e1ria h\u00e1 mais de 24 anos, se est\u00e1 com o crach\u00e1 funcional e a ag\u00eancia \u00e9 no \u00f3rg\u00e3o p\u00fablico em\u00a0 que trabalha, se todos os dados s\u00e3o de f\u00e1cil confer\u00eancia, se a Justi\u00e7a reconhece um documento autenticado como original, e se o banco diz que \u201c\u00c9 mais voc\u00ea!\u201d, a d\u00favida do leitor \u00e9 a seguinte: Por que negar o atendimento para quem porta um documento de identifica\u00e7\u00e3o autenticado?<\/p>\n<p>&nbsp;<\/p>\n<p><b>Mais essa<\/b><\/p>\n<p>Receita Federal aumenta a burocracia para a chegada de material cient\u00edfico-tecnol\u00f3gico. Se o parlamento n\u00e3o agir, a tributa\u00e7\u00e3o sobre equipamentos cient\u00edficos ser\u00e1 uma \u00e2ncora no desenvolvimento principalmente das atividades universit\u00e1rias.<\/p>\n<p>&nbsp;<\/p>\n<p><b>Discurso<\/b><\/p>\n<p>O Di\u00e1rio do Nordeste assinala o transcurso do 50\u00ba anivers\u00e1rio de instala\u00e7\u00e3o do distrito industrial de Maracana\u00fa, no Cear\u00e1, cuja implanta\u00e7\u00e3o ocorreu no governo Virg\u00edlio T\u00e1vora, quando Mauro Benevides exerceu a Presid\u00eancia do Poder Legislativo cearense, aprovando as medidas preliminares de ampla resson\u00e2ncia da iniciativa. O resultado foi o desenvolvimento da economia regional, com maior gera\u00e7\u00e3o de empregos.<\/p>\n<p>&nbsp;<\/p>\n<p><b>Hist\u00f3ria de Bras\u00edlia<\/b><\/p>\n<p>Entre os presentes ao local de desembarque, estavam muitos deputados que votaram a favor da emenda parlamentarista, e votariam, se fosse ocaso, o impedimento do sr. Jo\u00e3o Goulart. (Publicado em 6\/9\/1961)<\/p>\n","protected":false},"excerpt":{"rendered":"<p>Desde 1960 aricunha@dabr.com.br com Circe Cunha \/\/ circecunha.df@dabr.com.br Jos\u00e9 Aparecido, ex-governador de Bras\u00edlia no per\u00edodo 1985-988, talvez tenha sido, dos administradores da capital, aquele que mais percebeu as sutilezas e a complexidade simples e clara apresentadas no projeto de Lucio Costa. Tanto entendeu que levou a cabo na sua gest\u00e3o a inser\u00e7\u00e3o da cidade como patrim\u00f4nio cultural da humanidade. Foi [&hellip;]<\/p>\n","protected":false},"author":34,"featured_media":0,"comment_status":"closed","ping_status":"closed","sticky":false,"template":"","format":"standard","meta":{"footnotes":""},"categories":[23],"tags":[],"class_list":["post-7884","post","type-post","status-publish","format-standard","hentry","category-integra"],"_links":{"self":[{"href":"https:\/\/blogs.correiobraziliense.com.br\/aricunha\/wp-json\/wp\/v2\/posts\/7884","targetHints":{"allow":["GET"]}}],"collection":[{"href":"https:\/\/blogs.correiobraziliense.com.br\/aricunha\/wp-json\/wp\/v2\/posts"}],"about":[{"href":"https:\/\/blogs.correiobraziliense.com.br\/aricunha\/wp-json\/wp\/v2\/types\/post"}],"author":[{"embeddable":true,"href":"https:\/\/blogs.correiobraziliense.com.br\/aricunha\/wp-json\/wp\/v2\/users\/34"}],"replies":[{"embeddable":true,"href":"https:\/\/blogs.correiobraziliense.com.br\/aricunha\/wp-json\/wp\/v2\/comments?post=7884"}],"version-history":[{"count":1,"href":"https:\/\/blogs.correiobraziliense.com.br\/aricunha\/wp-json\/wp\/v2\/posts\/7884\/revisions"}],"predecessor-version":[{"id":7885,"href":"https:\/\/blogs.correiobraziliense.com.br\/aricunha\/wp-json\/wp\/v2\/posts\/7884\/revisions\/7885"}],"wp:attachment":[{"href":"https:\/\/blogs.correiobraziliense.com.br\/aricunha\/wp-json\/wp\/v2\/media?parent=7884"}],"wp:term":[{"taxonomy":"category","embeddable":true,"href":"https:\/\/blogs.correiobraziliense.com.br\/aricunha\/wp-json\/wp\/v2\/categories?post=7884"},{"taxonomy":"post_tag","embeddable":true,"href":"https:\/\/blogs.correiobraziliense.com.br\/aricunha\/wp-json\/wp\/v2\/tags?post=7884"}],"curies":[{"name":"wp","href":"https:\/\/api.w.org\/{rel}","templated":true}]}}