{"id":7882,"date":"2016-05-25T04:21:53","date_gmt":"2016-05-25T07:21:53","guid":{"rendered":"https:\/\/blogs.correiobraziliense.com.br\/aricunha\/?p=7882"},"modified":"2016-06-03T10:22:57","modified_gmt":"2016-06-03T13:22:57","slug":"itamaraty-uma-luz-no-fim-do-tunel","status":"publish","type":"post","link":"https:\/\/blogs.correiobraziliense.com.br\/aricunha\/itamaraty-uma-luz-no-fim-do-tunel\/","title":{"rendered":"Itamaraty: uma luz no fim do t\u00fanel"},"content":{"rendered":"<p><i>Desde 1960<\/i><\/p>\n<p>aricunha@dabr.com.br<\/p>\n<p>com Circe Cunha \/\/ circecunha.df@dabr.com.br<\/p>\n<p>&nbsp;<\/p>\n<p>Depois de 13 anos a p\u00e3o e \u00e1gua, uma luz no fim do t\u00fanel acende a possibilidade de o Itamaraty vir a retomar seu importante papel na condu\u00e7\u00e3o da pol\u00edtica externa brasileira. Num mundo onde tecnologias, como a internet, v\u00e3o tornando obsoletas as fronteiras f\u00edsicas e a mundivis\u00e3o\u00a0 pavimenta a estrada da humanidade rumo \u00e0 Aldeia Global, ao Minist\u00e9rio das Rela\u00e7\u00f5es Exteriores \u00e9 reservado, talvez, a mais importante miss\u00e3o entre todas as institui\u00e7\u00f5es do Estado.<\/p>\n<p>A posse de Jos\u00e9 Serra, mesmo n\u00e3o sendo diplomata de carreira, no cargo de chanceler, abre novo tempo na Casa de Rio Branco, colocando-a de volta no eixo da racionalidade e dos reais interesses do Estado. Em seu discurso de posse, considerado atual e realista, Serra tra\u00e7ou importantes diretrizes, para trazer de volta ao Itamaraty o reconhecimento e o respeito que a institui\u00e7\u00e3o sempre teve por parte das na\u00e7\u00f5es.<\/p>\n<p>A diplomacia, afirmou o novo ministro, \u201cvoltar\u00e1 a refletir de modo transparente e intransigente os leg\u00edtimos valores da sociedade brasileira e os interesses de sua economia, a servi\u00e7o do Brasil como um todo e n\u00e3o mais das conveni\u00eancias e prefer\u00eancias ideol\u00f3gicas de um partido pol\u00edtico e de seus aliados no exterior\u201d.<\/p>\n<p>O mundo que o novo chanceler encontra pela frente, contudo, \u00e9 visivelmente diferente daquele do in\u00edcio do s\u00e9culo 21, quando os pre\u00e7os das commodities agr\u00edcolas e do petr\u00f3leo estavam em seu mais alto patamar, o que, de certa forma, organizava o conjunto das na\u00e7\u00f5es em blocos de acordo com os interesses de cada uma naquele momento espec\u00edfico.<\/p>\n<p>Com rela\u00e7\u00e3o aos nossos vizinhos do continente, os problemas ganharam um tom mais dram\u00e1tico com o fim do ciclo populista ou esgotamento do chamado bolivarianismo, que afetou negativamente muitos pa\u00edses latino-americanos, empurrando-os de volta ao manique\u00edsmo vazio dos anos da Guerra Fria na d\u00e9cada de 1960.<\/p>\n<p>Adormecida e empobrecida, a Am\u00e9rica Latina se tornou hoje o maior desafio para os interesses econ\u00f4micos do Brasil e, por extens\u00e3o do Itamaraty. Amarrado umbilicalmente a um Mercosul que prometia ser a reden\u00e7\u00e3o do continente frente a um mundo que se organizava em blocos, esse organismo, formado em 1991, \u00e9 um forte entrave ao com\u00e9rcio externo do Brasil.<\/p>\n<p>Transformado em valhacouto de uma esquerda fascista, o Mercosul e a Unasul, assim como o pr\u00f3prio Itamaraty, ter\u00e3o que se repaginar por completo se quiserem fazer frente a um mundo em transforma\u00e7\u00e3o permanente e onde fantasias de ditadores e salvadores da p\u00e1tria n\u00e3o t\u00eam mais assento.<\/p>\n<p>&nbsp;<\/p>\n<p><b>A frase que n\u00e3o foi pronunciada<\/b><\/p>\n<p><i>\u201cNenhum pa\u00eds reforma seu Estado e sua pol\u00edtica para depois decidir o que fazer com eles reformados. A reforma s\u00f3 acontece quando precisa acontecer \u2014 no meio de uma luta para reorientar o caminho econ\u00f4mico e social, e assim ser\u00e1 entre n\u00f3s.\u201d<\/i><\/p>\n<p>Roberto Mangabeira Unger, sobre reforma pol\u00edtica<\/p>\n<p>&nbsp;<\/p>\n<p><b>Batalha<\/b><\/p>\n<p>Ouvindo os ataques do senador Telm\u00e1rio Mota contra o senador Romero Juc\u00e1, a foca de uma revista do Rio Grande do Sul comentava no tapete verde do Senado: \u201cMas bah! Como o senador Telm\u00e1rio atacava o Juc\u00e1 com veem\u00eancia. Quase acreditei\u201d.<\/p>\n<p>&nbsp;<\/p>\n<p><b>Jornalismo<\/b><\/p>\n<p>Como disse Rangel Cavalcante em sua coluna no portal Pol\u00edtica real, o Congresso se transformou em \u201cum amontoado de parlamentares despreparados e muitos, muitos mesmo, envolvidos em processos criminais, principalmente de corrup\u00e7\u00e3o. A baderna tomou contra do Legislativo. Jamais se viu um deputado cuspindo na cara de outro em toda a hist\u00f3ria republicana\u201d.<\/p>\n<p>&nbsp;<\/p>\n<p><b>Ainda<\/b><\/p>\n<p>Confirmado pela UnB que Dilma Rousseff ser\u00e1 uma das convidadas para o lan\u00e7amento do livro A resist\u00eancia ao golpe de 2016, que acontecer\u00e1 no pr\u00f3ximo dia 30, \u00e0s 18h, na Pra\u00e7a Chico Mendes da Universidade de Bras\u00edlia.<\/p>\n<p>&nbsp;<\/p>\n<p><b>Riquezas<\/b><\/p>\n<p>Embrapa realiza importante pesquisa no cerrado brasileiro para identificar as regi\u00f5es vulner\u00e1veis, aqu\u00e1ticas subterr\u00e2neas e as \u00e1reas contaminadas ou que correm o risco de contamina\u00e7\u00e3o. Com o aux\u00edlio de sat\u00e9lites, os dados passam a auxiliar os \u00f3rg\u00e3os de fiscaliza\u00e7\u00e3o que redobrar\u00e3o a aten\u00e7\u00e3o nesses espa\u00e7os. \u201cConsideramos dados de solo, chuvas e profundidade para mapear o poss\u00edvel grau de prote\u00e7\u00e3o da camada de solo com o len\u00e7ol fre\u00e1tico\u201d, disse o gerente-geral da Embrapa e coordenador da pesquisa, Cl\u00e1udio Spadotto, em entrevista.<\/p>\n<p>&nbsp;<\/p>\n<p><b>Hist\u00f3ria de Bras\u00edlia<\/b><\/p>\n<p>Outro detalhe em que fracassou o cerimonial foi na invas\u00e3o do local de desembarque. O encontro do sr. Jo\u00e3o Goulart com o sr. Ranieri Mazzilli foi prejudicado pela multid\u00e3o de deputados e outras autoridades que queriam cumprimentar o sr. Jo\u00e3o Goulart. (Publicado em 06\/09\/1961)<\/p>\n","protected":false},"excerpt":{"rendered":"<p>Desde 1960 aricunha@dabr.com.br com Circe Cunha \/\/ circecunha.df@dabr.com.br &nbsp; Depois de 13 anos a p\u00e3o e \u00e1gua, uma luz no fim do t\u00fanel acende a possibilidade de o Itamaraty vir a retomar seu importante papel na condu\u00e7\u00e3o da pol\u00edtica externa brasileira. Num mundo onde tecnologias, como a internet, v\u00e3o tornando obsoletas as fronteiras f\u00edsicas e a mundivis\u00e3o\u00a0 pavimenta a estrada [&hellip;]<\/p>\n","protected":false},"author":34,"featured_media":0,"comment_status":"closed","ping_status":"closed","sticky":false,"template":"","format":"standard","meta":{"footnotes":""},"categories":[23],"tags":[],"class_list":["post-7882","post","type-post","status-publish","format-standard","hentry","category-integra"],"_links":{"self":[{"href":"https:\/\/blogs.correiobraziliense.com.br\/aricunha\/wp-json\/wp\/v2\/posts\/7882","targetHints":{"allow":["GET"]}}],"collection":[{"href":"https:\/\/blogs.correiobraziliense.com.br\/aricunha\/wp-json\/wp\/v2\/posts"}],"about":[{"href":"https:\/\/blogs.correiobraziliense.com.br\/aricunha\/wp-json\/wp\/v2\/types\/post"}],"author":[{"embeddable":true,"href":"https:\/\/blogs.correiobraziliense.com.br\/aricunha\/wp-json\/wp\/v2\/users\/34"}],"replies":[{"embeddable":true,"href":"https:\/\/blogs.correiobraziliense.com.br\/aricunha\/wp-json\/wp\/v2\/comments?post=7882"}],"version-history":[{"count":1,"href":"https:\/\/blogs.correiobraziliense.com.br\/aricunha\/wp-json\/wp\/v2\/posts\/7882\/revisions"}],"predecessor-version":[{"id":7883,"href":"https:\/\/blogs.correiobraziliense.com.br\/aricunha\/wp-json\/wp\/v2\/posts\/7882\/revisions\/7883"}],"wp:attachment":[{"href":"https:\/\/blogs.correiobraziliense.com.br\/aricunha\/wp-json\/wp\/v2\/media?parent=7882"}],"wp:term":[{"taxonomy":"category","embeddable":true,"href":"https:\/\/blogs.correiobraziliense.com.br\/aricunha\/wp-json\/wp\/v2\/categories?post=7882"},{"taxonomy":"post_tag","embeddable":true,"href":"https:\/\/blogs.correiobraziliense.com.br\/aricunha\/wp-json\/wp\/v2\/tags?post=7882"}],"curies":[{"name":"wp","href":"https:\/\/api.w.org\/{rel}","templated":true}]}}