{"id":7877,"date":"2016-05-22T10:19:06","date_gmt":"2016-05-22T13:19:06","guid":{"rendered":"https:\/\/blogs.correiobraziliense.com.br\/aricunha\/?p=7877"},"modified":"2016-06-03T10:19:50","modified_gmt":"2016-06-03T13:19:50","slug":"engenho-e-arte","status":"publish","type":"post","link":"https:\/\/blogs.correiobraziliense.com.br\/aricunha\/engenho-e-arte\/","title":{"rendered":"Engenho e arte"},"content":{"rendered":"<p>Desde 1960<\/p>\n<p>aricunha@dabr.com.br<\/p>\n<p>com Circe Cunha \/\/ circecunha.df@dabr.com.br<\/p>\n<p>Nos momentos de crise \u00e9 que aflora, com mais vigor, a capacidade de resili\u00eancia adormecida no \u00e2mago de cada ser humano. No longo aprendizado a que nossos ancestrais foram submetidos para sobreviver em meio a um planeta hostil, nenhum se compara, em efic\u00e1cia, \u00e0 capacidade humana ilimitada de inventar uma chance para continuar vivo.<\/p>\n<p>Diante de uma situa\u00e7\u00e3o de risco iminente, uma terceira via surgiu entre as possibilidades de enfrentar ou correr do perigo. \u00c9 justamente esse caminho do meio, continuamente desenvolvido, que tem levado a ra\u00e7a humana a se sobressair das demais esp\u00e9cies, dominando o mundo, onde adversidades s\u00e3o submetidas aos seus des\u00edgnios.<\/p>\n<p>\u00c9 de tal pot\u00eancia a capacidade humana, para erguer e dizimar o mundo em volta, que os estudiosos falam numa influ\u00eancia direta do homem sobre os acontecimentos que resultaram no chamado efeito estufa, com consequ\u00eancias diretas nas mudan\u00e7as clim\u00e1ticas.<\/p>\n<p>\u00c9 essa perturba\u00e7\u00e3o no gigantesco ecossistema planet\u00e1rio, feita pelas m\u00e3os humanas, que os cientistas hoje denominam de per\u00edodo antropoceno. A a\u00e7\u00e3o humana, introduzida nos per\u00edodos naturais da Terra, colocou diante da esp\u00e9cie duas alternativas: enfrentar o problema, com novos paradigmas, ou buscar nas estrelas distantes novo ref\u00fagio,\u00a0 novo lar.<\/p>\n<p>Da m\u00e1quina a vapor, inventada por James Watt, em 1784, passando pelo motor \u00e0 explos\u00e3o, com a queima abundante de combust\u00edveis f\u00f3sseis, muita \u00e1gua rolou sob a ponte do desenvolvimento e com ela foram levados milhares de esp\u00e9cies que simplesmente foram extintas.<\/p>\n<p>Nos mares, a acidifica\u00e7\u00e3o das \u00e1guas, provocada pela polui\u00e7\u00e3o crescente, tem levado ao decl\u00ednio acentuado do fitopl\u00e2ncton (sopa da vida), bem como ao desaparecimento dos recifes de corais, que s\u00e3o considerados, ao lado dos manguezais, os ber\u00e7\u00e1rios da vida marinha. Qualquer buraco escavado resulta num morro em volta. Estranhamente \u00e9 no Brasil, transformado por alguma raz\u00e3o em pretenso celeiro da humanidade, que essas mudan\u00e7as, provocadas pela a\u00e7\u00e3o intensiva da agricultura e da pecu\u00e1ria, foram elevadas ao patamar m\u00e1ximo.<\/p>\n<p>Derrubamos nossas florestas para plantar e fornecer milho e soja para o mundo. Dizimamos nossos recursos naturais para produzir e exportar prote\u00edna animal. Nosso rebanho criado de modo extensivo adentra as florestas amaz\u00f4nicas. Nossas jazidas de min\u00e9rios, exploradas \u00e0 exaust\u00e3o, deixam para tr\u00e1s feridas profundas e rios de lama.<\/p>\n<p>N\u00e3o surpreender\u00e1 se, num futuro pr\u00f3ximo, os atuais her\u00f3is do campo forem rebaixados \u00e0 condi\u00e7\u00e3o de p\u00e1rias pela destrui\u00e7\u00e3o do meio ambiente. Hoje, a t\u00e3o festejada expans\u00e3o da fronteira agr\u00edcola poder\u00e1 ser lembrada algum dia como a expans\u00e3o dos desertos. Nada garante que o agroneg\u00f3cio, elevado \u00e0 condi\u00e7\u00e3o de salvador da p\u00e1tria, venha se sentar algum dia no banco dos r\u00e9us.<\/p>\n<p>O desastre de Mariana poderia se transformar num divisor de \u00e1guas de um per\u00edodo em que a explora\u00e7\u00e3o intensiva e irracional dos recursos naturais deu espa\u00e7o para o surgimento de uma era. \u00c9 nessa encruzilhada que o caminho do meio, favorecido pelo engenho e pela arte humana, poder\u00e1 buscar chances reais para o prolongamento da esp\u00e9cie sobre o planeta. Houve uma \u00e9poca, e n\u00e3o faz tanto tempo assim, que a consci\u00eancia ecol\u00f3gica era tida como fic\u00e7\u00e3o. Esses dias ficaram para tr\u00e1s, soterrados pelas evid\u00eancias de uma realidade que vem se impondo a olhos vistos.<\/p>\n<p>&nbsp;<\/p>\n<p><b>A frase que n\u00e3o foi pronunciada<\/b><\/p>\n<p><i>\u201cN\u00e3o haveria corrup\u00e7\u00e3o se os eleitores usassem a mem\u00f3ria.\u201d<\/i><\/p>\n<p>Ulysses Guimar\u00e3es, de onde estiver, lendo o Brasil.<\/p>\n<p>&nbsp;<\/p>\n<p><b>Ainda<\/b><\/p>\n<p>Com a chancela da Anatel, as empresas de telecomunica\u00e7\u00f5es amea\u00e7aram introduzir a franquia na banda larga. O servi\u00e7o de plano de dados contratado pelos clientes seria cortado da mesma forma que conteceu com a internet m\u00f3vel.<\/p>\n<p>&nbsp;<\/p>\n<p><b>Batalha<\/b><\/p>\n<p>\u201cA era da internet ilimitada chegou ao fim.\u201d Por incr\u00edvel que possa parecer, a declara\u00e7\u00e3o foi dada pelo presidente da Ag\u00eancia Nacional de Telecomunica\u00e7\u00f5es (Anatel), Jo\u00e3o Rezende, e n\u00e3o por algum executivo.\u00a0 Minist\u00e9rio das Comunica\u00e7\u00f5es desautorizou a Anatel e exigiu das operadoras a manuten\u00e7\u00e3o dos pacotes ilimitados.<\/p>\n<p>&nbsp;<\/p>\n<p><b>Opini\u00f5es<\/b><\/p>\n<p>Vale a pena assistir \u00e0 discuss\u00e3o sobre o assunto na p\u00e1gina da C\u00e2mara no programa Brasil em debate. A conversa \u00e9 ntre a deputada Margarida Salom\u00e3o\u00a0 o deputado Eduardo Cury.<\/p>\n<p>&nbsp;<\/p>\n<p><b>Hist\u00f3ria de Bras\u00edlia<\/b><\/p>\n<p>O Hospital Distrital compareceu, novamente, com uma equipe de emerg\u00eancia, em v\u00e1rias ambul\u00e2ncias, num trabalho elogi\u00e1vel. (Publicado em 6\/9\/1961)<\/p>\n","protected":false},"excerpt":{"rendered":"<p>Desde 1960 aricunha@dabr.com.br com Circe Cunha \/\/ circecunha.df@dabr.com.br Nos momentos de crise \u00e9 que aflora, com mais vigor, a capacidade de resili\u00eancia adormecida no \u00e2mago de cada ser humano. No longo aprendizado a que nossos ancestrais foram submetidos para sobreviver em meio a um planeta hostil, nenhum se compara, em efic\u00e1cia, \u00e0 capacidade humana ilimitada de inventar uma chance para [&hellip;]<\/p>\n","protected":false},"author":34,"featured_media":0,"comment_status":"closed","ping_status":"closed","sticky":false,"template":"","format":"standard","meta":{"footnotes":""},"categories":[23],"tags":[],"class_list":["post-7877","post","type-post","status-publish","format-standard","hentry","category-integra"],"_links":{"self":[{"href":"https:\/\/blogs.correiobraziliense.com.br\/aricunha\/wp-json\/wp\/v2\/posts\/7877","targetHints":{"allow":["GET"]}}],"collection":[{"href":"https:\/\/blogs.correiobraziliense.com.br\/aricunha\/wp-json\/wp\/v2\/posts"}],"about":[{"href":"https:\/\/blogs.correiobraziliense.com.br\/aricunha\/wp-json\/wp\/v2\/types\/post"}],"author":[{"embeddable":true,"href":"https:\/\/blogs.correiobraziliense.com.br\/aricunha\/wp-json\/wp\/v2\/users\/34"}],"replies":[{"embeddable":true,"href":"https:\/\/blogs.correiobraziliense.com.br\/aricunha\/wp-json\/wp\/v2\/comments?post=7877"}],"version-history":[{"count":1,"href":"https:\/\/blogs.correiobraziliense.com.br\/aricunha\/wp-json\/wp\/v2\/posts\/7877\/revisions"}],"predecessor-version":[{"id":7878,"href":"https:\/\/blogs.correiobraziliense.com.br\/aricunha\/wp-json\/wp\/v2\/posts\/7877\/revisions\/7878"}],"wp:attachment":[{"href":"https:\/\/blogs.correiobraziliense.com.br\/aricunha\/wp-json\/wp\/v2\/media?parent=7877"}],"wp:term":[{"taxonomy":"category","embeddable":true,"href":"https:\/\/blogs.correiobraziliense.com.br\/aricunha\/wp-json\/wp\/v2\/categories?post=7877"},{"taxonomy":"post_tag","embeddable":true,"href":"https:\/\/blogs.correiobraziliense.com.br\/aricunha\/wp-json\/wp\/v2\/tags?post=7877"}],"curies":[{"name":"wp","href":"https:\/\/api.w.org\/{rel}","templated":true}]}}