{"id":7874,"date":"2016-05-21T02:17:29","date_gmt":"2016-05-21T05:17:29","guid":{"rendered":"https:\/\/blogs.correiobraziliense.com.br\/aricunha\/?p=7874"},"modified":"2016-06-03T10:18:13","modified_gmt":"2016-06-03T13:18:13","slug":"pitada-brasileira","status":"publish","type":"post","link":"https:\/\/blogs.correiobraziliense.com.br\/aricunha\/pitada-brasileira\/","title":{"rendered":"Pitada brasileira"},"content":{"rendered":"<p>Desde 1960<\/p>\n<p>aricunha@dabr.com.br<\/p>\n<p>com Circe Cunha \/\/ circecunha.df@dabr.com.br<\/p>\n<p>Com a repeti\u00e7\u00e3o, em curto espa\u00e7o de tempo, de mais um caso rumoroso de impeachment, o que se verifica \u00e9 que, de alguma forma, nossos esquemas e modelos de Rep\u00fablica, previstos na Constitui\u00e7\u00e3o de 1988, necessitam de recall urgente. S\u00e3o bem conhecidas as falhas na estrutura de poder do Estado, e localizam-se, precisamente, no modelo de presidencialismo de coaliz\u00e3o, em que para governar \u00e9 preciso ceder a vontades e apetites da base de apoio. A pergunta \u00e9: por que, at\u00e9 agora, n\u00e3o foram sanados esse e outros defeitos de fabrica\u00e7\u00e3o? Desde 1992, com o afastamento do primeiro presidente civil, eleito p\u00f3s-per\u00edodo militar, a vida dos brasileiros \u00e9 atormentada.<\/p>\n<p>Afirmar apenas, como fazem muitos, que o impeachment \u00e9 processo natural previsto em lei n\u00e3o basta. \u00c9 preciso entender que esse \u00e9 um processo traum\u00e1tico que, de alguma forma, paralisa a vida do pa\u00eds, suspende a atividade econ\u00f4mica, com reflexos no mercado financeiro e na imagem externa da na\u00e7\u00e3o.<\/p>\n<p>O impeachment tem consequ\u00eancias diretas no dia a dia das pessoas, afetando empregos, neg\u00f3cios, investimentos. Afastar um presidente do poder, no nosso caso, em que o Executivo se assemelha \u00e0 antiga monarquia, desestabiliza o pa\u00eds. Naturalmente, os brasileiros tendem a emprestar aos governantes uma certa dose de cordialidade, identificando-os, de certa forma, com algu\u00e9m pr\u00f3ximo que os socorrer\u00e1 na hora de afli\u00e7\u00e3o.<\/p>\n<p>Temos em n\u00f3s aquilo que o historiador S\u00e9rgio Buarque de Holanda, em Ra\u00edzes do Brasil, de 1936, definiu como homem cordial, no pior sentido do termo. \u00c0 raz\u00e3o, preferimos o cora\u00e7\u00e3o. Desobedientes, paternalistas, avessos \u00e0 hierarquia e \u00e0 disciplina, herdamos essas caracter\u00edsticas da mistura do portugu\u00eas, com o \u00edndio americano e o negro africano. Essa latinidade permeia tudo o que somos. No caso concreto, a presidente, enxotada do cargo, \u00e9 vista como aquela irm\u00e3 mais velha e encalhada da qual sentimos pena e queremos proteger. Levamos para o Estado nossas car\u00eancias como seres humanos, acreditando na possibilidade de reden\u00e7\u00e3o de todos, mesmo os maus.<\/p>\n<p>Os problemas com Collor e Dilma surgem quando buscamos estender \u00e0 esfera do Estado os mesmos arranjos que fazemos em fam\u00edlia. A vers\u00e3o difundida e aceita por parte da popula\u00e7\u00e3o (inclusive pelo filho de S\u00e9rgio) de que a presidente foi v\u00edtima injusti\u00e7ada de um golpe serve como uma luva no nosso sentido de cordialidade.<\/p>\n<p>Os desastres provocados com a ru\u00edna da economia e os in\u00fameros casos de corrup\u00e7\u00e3o podem ser facilmente perdoados, j\u00e1 que se trata de males necess\u00e1rios ao bem-estar dos menos favorecidos. Pensamos, agimos e votamos nesse sentido. N\u00e3o \u00e9 por outra raz\u00e3o que nossos representantes n\u00e3o alteram o modelo de presidencialismo de coaliz\u00e3o que tem nos afligido. Na verdade, eles n\u00e3o alteram esse modelo danoso porque, ao fim ao cabo, somos n\u00f3s que n\u00e3o queremos que seja mudado.<\/p>\n<p>A frase que n\u00e3o foi pronunciada<\/p>\n<p>\u201cSe a minha heran\u00e7a foi maldita, a heran\u00e7a dos governos Lula e Dilma ainda n\u00e3o foi nominada.\u201d<\/p>\n<p>FHC pensando, enquanto l\u00ea um jornal de 2013<\/p>\n<p>Novidade solid\u00e1ria<\/p>\n<p>Sempre com a criatividade intuitiva, a contribui\u00e7\u00e3o de brasileiros tem sido importante para os refugiados. H\u00e1 aplicativos para os rec\u00e9m-chegados ao pa\u00eds com facilidades para localizar servi\u00e7os importantes da cidade e um banco de dados de volunt\u00e1rios dispostos a acompanh\u00e1-los a consultas m\u00e9dicas. A Ag\u00eancia da ONU para Refugiados (Acnur) apresentou alguns dos seus modelos inovadores no \u00faltimo dia 14, em um painel do Festival Path.<\/p>\n<p>Hoje<\/p>\n<p>Hoje, \u00e0s 11h30, acontecer\u00e1 um dos melhores shows da temporada do Clube da Bossa: Indiana Nomma e Alma Thomas. Acompanhadas pelo trompete de Mois\u00e9s Alves; pela base de Jos\u00e9 Cabrera, ao piano; Johninha Madeiros, no contrabaixo; e Misael Barros na bateria. No SCS, Quadra 2, Edif\u00edcio Presidente Dutra, no t\u00e9rreo do pr\u00e9dio do Sesc. Teatro Silvio Barbato. Entrada franca.<\/p>\n<p>Release<\/p>\n<p>O 5\u00ba Festineco celebra a arte dos bonecos nacionais e internacionais. Bonecos de cinco pa\u00edses, cinco estados, al\u00e9m do Distrito Federal, se preparam para a quinta edi\u00e7\u00e3o da mostra competitiva que movimentar\u00e1 a cidade do Gama, de 24 de maio a 5 de junho. O festival \u00e9 realizado pela Companhia Voar Teatro de Bonecos. Trata-se de uma grande festa que conta com a participa\u00e7\u00e3o de artistas locais, nacionais e internacionais, com patroc\u00ednio do Fundo de Apoio a Cultura (FAC).<\/p>\n<p>Hist\u00f3ria de Bras\u00edlia<\/p>\n<p>Uma boa parte dos oficiais da Aeron\u00e1utica que comandaram o policiamento era constitu\u00edda por m\u00e9dicos. Um pediatra ficou na entrada do caminho ao aeroporto, e um ortopedista no p\u00e1tio de manobras, orientando o trabalho dos rep\u00f3rteres. (Publicado em 6\/9\/1961)<\/p>\n","protected":false},"excerpt":{"rendered":"<p>Desde 1960 aricunha@dabr.com.br com Circe Cunha \/\/ circecunha.df@dabr.com.br Com a repeti\u00e7\u00e3o, em curto espa\u00e7o de tempo, de mais um caso rumoroso de impeachment, o que se verifica \u00e9 que, de alguma forma, nossos esquemas e modelos de Rep\u00fablica, previstos na Constitui\u00e7\u00e3o de 1988, necessitam de recall urgente. S\u00e3o bem conhecidas as falhas na estrutura de poder do Estado, e localizam-se, [&hellip;]<\/p>\n","protected":false},"author":34,"featured_media":0,"comment_status":"closed","ping_status":"closed","sticky":false,"template":"","format":"standard","meta":{"footnotes":""},"categories":[23],"tags":[],"class_list":["post-7874","post","type-post","status-publish","format-standard","hentry","category-integra"],"_links":{"self":[{"href":"https:\/\/blogs.correiobraziliense.com.br\/aricunha\/wp-json\/wp\/v2\/posts\/7874","targetHints":{"allow":["GET"]}}],"collection":[{"href":"https:\/\/blogs.correiobraziliense.com.br\/aricunha\/wp-json\/wp\/v2\/posts"}],"about":[{"href":"https:\/\/blogs.correiobraziliense.com.br\/aricunha\/wp-json\/wp\/v2\/types\/post"}],"author":[{"embeddable":true,"href":"https:\/\/blogs.correiobraziliense.com.br\/aricunha\/wp-json\/wp\/v2\/users\/34"}],"replies":[{"embeddable":true,"href":"https:\/\/blogs.correiobraziliense.com.br\/aricunha\/wp-json\/wp\/v2\/comments?post=7874"}],"version-history":[{"count":1,"href":"https:\/\/blogs.correiobraziliense.com.br\/aricunha\/wp-json\/wp\/v2\/posts\/7874\/revisions"}],"predecessor-version":[{"id":7875,"href":"https:\/\/blogs.correiobraziliense.com.br\/aricunha\/wp-json\/wp\/v2\/posts\/7874\/revisions\/7875"}],"wp:attachment":[{"href":"https:\/\/blogs.correiobraziliense.com.br\/aricunha\/wp-json\/wp\/v2\/media?parent=7874"}],"wp:term":[{"taxonomy":"category","embeddable":true,"href":"https:\/\/blogs.correiobraziliense.com.br\/aricunha\/wp-json\/wp\/v2\/categories?post=7874"},{"taxonomy":"post_tag","embeddable":true,"href":"https:\/\/blogs.correiobraziliense.com.br\/aricunha\/wp-json\/wp\/v2\/tags?post=7874"}],"curies":[{"name":"wp","href":"https:\/\/api.w.org\/{rel}","templated":true}]}}