{"id":7872,"date":"2016-06-02T03:15:18","date_gmt":"2016-06-02T06:15:18","guid":{"rendered":"https:\/\/blogs.correiobraziliense.com.br\/aricunha\/?p=7872"},"modified":"2016-06-20T06:05:00","modified_gmt":"2016-06-20T09:05:00","slug":"une-e-o-enorme-zepelin","status":"publish","type":"post","link":"https:\/\/blogs.correiobraziliense.com.br\/aricunha\/une-e-o-enorme-zepelin\/","title":{"rendered":"A UNE e o enorme Zepelin"},"content":{"rendered":"<p>DESDE 1960<\/p>\n<p>aricunha@dabr.com.br<\/p>\n<p>com Circe Cunha \/\/ circecunha.df@dabr.com.br e MAMFIL<\/p>\n<p>&nbsp;<\/p>\n<p>No imenso arm\u00e1rio de esqueletos, deixados para tr\u00e1s pela gest\u00e3o petista nos 13 \u00faltimos anos, jazem amontoados num canto escuro os escombros daquela que foi a mais importante organiza\u00e7\u00e3o estudantil brasileira. Fundada em 1938, durante o governo Vargas, a Uni\u00e3o Nacional dos Estudantes (UNE) tomou a frente nos principais acontecimentos pol\u00edticos do pa\u00eds, angariando apoio e respeito n\u00e3o s\u00f3 entre os estudantes do ensino superior, mas do grosso da popula\u00e7\u00e3o, que via em suas bandeiras de luta uma oportunidade de tirar o Brasil do subdesenvolvimento econ\u00f4mico e pol\u00edtico.<\/p>\n<p>T\u00e3o grandes eram seu prest\u00edgio e atua\u00e7\u00e3o que, durante os momentos de fechamento pol\u00edtico, foi a primeira organiza\u00e7\u00e3o a sofrer retalia\u00e7\u00f5es dos ditadores, temerosos do poderio e da abrang\u00eancia de suas a\u00e7\u00f5es. Era, de fato, a voz dos milhares de estudantes de todo o pa\u00eds. Das suas trincheiras, sa\u00edram grandes lideran\u00e7as que ainda hoje militam no front pol\u00edtico. Eram outros tempos e a independ\u00eancia em rela\u00e7\u00e3o aos poderosos granjeava apoio e simpatias de todos. Como nada \u00e9 para sempre, o moedor de carne da hist\u00f3ria cuidou tamb\u00e9m da UNE.<\/p>\n<p>Por mais incr\u00edvel que pare\u00e7a, os tempos de gl\u00f3ria come\u00e7aram a virar passado e p\u00f3, com a ascens\u00e3o ao poder justamente do PT. Abduzida pelo poderio da m\u00e1quina estatal e pelas doa\u00e7\u00f5es generosas de dinheiro p\u00fablico feitas pelos ocupantes do Pal\u00e1cio do Planalto, a entidade, de aut\u00f4noma, se transformaria em bra\u00e7o ou franja do Partido dos Trabalhadores perante os estudantes. Silenciada pelo aparelhamento do Estado, a UNE perdeu o seu mais precioso patrim\u00f4nio, que era o respeito dos estudantes. Hoje, \u00e9 comum nas manifesta\u00e7\u00f5es e reuni\u00f5es de estudantes que a entidade seja vaiada e mesmo hostilizada dentro da universidades, chamada de fascista e adesista.<\/p>\n<p>Com rela\u00e7\u00e3o aos casos de corrup\u00e7\u00e3o, o sil\u00eancio da entidade que irrompeu, a partir de 2005, com o mensal\u00e3o e com os epis\u00f3dios do petrol\u00e3o, bem como o apoio p\u00fablico dado pelos dirigentes da UNE \u00e0s ditaduras de Cuba, da Venezuela e da Coreia do Norte, criou um fosso profundo entre ela e o grosso dos estudantes.<\/p>\n<p>Melanc\u00f3lico, o fim da UNE chega agora com a instala\u00e7\u00e3o, na C\u00e2mara dos Deputados, de uma Comiss\u00e3o Parlamentar de Inqu\u00e9rito que vai buscar respostas para o paradeiro de mais de R$ 44 milh\u00f5es recebidos pela entidade a t\u00edtulo de \u201crepara\u00e7\u00e3o pela persegui\u00e7\u00e3o sofrida no Regime Militar\u201d, al\u00e9m dos repasses de mais de R$ 12 milh\u00f5es que, de acordo com o Minist\u00e9rio P\u00fablico, foram justificados com a apresenta\u00e7\u00e3o de notas frias.<\/p>\n<p>Para a sociedade, \u00e9 uma \u00f3tima oportunidade de passar a limpo esse per\u00edodo em que a UNE se vendeu. Para a UNE, se ainda resta tempo, \u00e9 uma chance de aprender com os erros e, talvez, recome\u00e7ar do zero, recriando uma entidade sem rabo preso com qualquer governo.<\/p>\n<p>A frase que foi pronunciada<\/p>\n<p>\u201cA melhor maneira de come\u00e7ar uma amizade \u00e9 com uma boa gargalhada. De terminar com ela, tamb\u00e9m.\u201d<\/p>\n<p>Oscar Wilde<\/p>\n<p>Impressionante<\/p>\n<p>Atentado ao territ\u00f3rio<\/p>\n<p>da UnB j\u00e1 desperta a aten\u00e7\u00e3o das autoridades. Quem \u00e9 a favor de preservar o patrim\u00f4nio nacional est\u00e1 impressionado com a ousadia de terem autorizado uma obra da Caixa tomando a frente do ICC Sul.<\/p>\n<p>Outros tempos<\/p>\n<p>As avenidas principais de Taguatinga \u2014 Samdu e Comercial \u2014 ter\u00e3o m\u00e3o \u00fanica. Sandu, no sentido oposto, e a Comercial, no sentido centro. N\u00e3o foi f\u00e1cil para o vice-governador, Renato Santana, receber tanta press\u00e3o dos grupos pol\u00edticos ligados a Taguatinga. Mas p\u00f4s um ponto final e a mudan\u00e7a vai acontecer.<\/p>\n","protected":false},"excerpt":{"rendered":"<p>DESDE 1960 aricunha@dabr.com.br com Circe Cunha \/\/ circecunha.df@dabr.com.br e MAMFIL &nbsp; No imenso arm\u00e1rio de esqueletos, deixados para tr\u00e1s pela gest\u00e3o petista nos 13 \u00faltimos anos, jazem amontoados num canto escuro os escombros daquela que foi a mais importante organiza\u00e7\u00e3o estudantil brasileira. Fundada em 1938, durante o governo Vargas, a Uni\u00e3o Nacional dos Estudantes (UNE) tomou a frente nos principais [&hellip;]<\/p>\n","protected":false},"author":34,"featured_media":0,"comment_status":"closed","ping_status":"closed","sticky":false,"template":"","format":"standard","meta":{"footnotes":""},"categories":[23],"tags":[],"class_list":["post-7872","post","type-post","status-publish","format-standard","hentry","category-integra"],"_links":{"self":[{"href":"https:\/\/blogs.correiobraziliense.com.br\/aricunha\/wp-json\/wp\/v2\/posts\/7872","targetHints":{"allow":["GET"]}}],"collection":[{"href":"https:\/\/blogs.correiobraziliense.com.br\/aricunha\/wp-json\/wp\/v2\/posts"}],"about":[{"href":"https:\/\/blogs.correiobraziliense.com.br\/aricunha\/wp-json\/wp\/v2\/types\/post"}],"author":[{"embeddable":true,"href":"https:\/\/blogs.correiobraziliense.com.br\/aricunha\/wp-json\/wp\/v2\/users\/34"}],"replies":[{"embeddable":true,"href":"https:\/\/blogs.correiobraziliense.com.br\/aricunha\/wp-json\/wp\/v2\/comments?post=7872"}],"version-history":[{"count":2,"href":"https:\/\/blogs.correiobraziliense.com.br\/aricunha\/wp-json\/wp\/v2\/posts\/7872\/revisions"}],"predecessor-version":[{"id":7915,"href":"https:\/\/blogs.correiobraziliense.com.br\/aricunha\/wp-json\/wp\/v2\/posts\/7872\/revisions\/7915"}],"wp:attachment":[{"href":"https:\/\/blogs.correiobraziliense.com.br\/aricunha\/wp-json\/wp\/v2\/media?parent=7872"}],"wp:term":[{"taxonomy":"category","embeddable":true,"href":"https:\/\/blogs.correiobraziliense.com.br\/aricunha\/wp-json\/wp\/v2\/categories?post=7872"},{"taxonomy":"post_tag","embeddable":true,"href":"https:\/\/blogs.correiobraziliense.com.br\/aricunha\/wp-json\/wp\/v2\/tags?post=7872"}],"curies":[{"name":"wp","href":"https:\/\/api.w.org\/{rel}","templated":true}]}}