{"id":7867,"date":"2016-05-18T16:11:18","date_gmt":"2016-05-18T19:11:18","guid":{"rendered":"https:\/\/blogs.correiobraziliense.com.br\/aricunha\/?p=7867"},"modified":"2016-06-03T10:12:21","modified_gmt":"2016-06-03T13:12:21","slug":"fio-da-navalha","status":"publish","type":"post","link":"https:\/\/blogs.correiobraziliense.com.br\/aricunha\/fio-da-navalha\/","title":{"rendered":"Fio da navalha"},"content":{"rendered":"<p>Desde 1960<\/p>\n<p>aricunha@dabr.com.br<\/p>\n<p>com Circe Cunha \/\/ circecunha.df@dabr.com.br<\/p>\n<p>Ningu\u00e9m duvida que o governo Temer esteja caminhando no fio da navalha. Mesmo com o apoio provis\u00f3rio de parte significativa da popula\u00e7\u00e3o e de seus pares no Congresso, dentro do costumeiro per\u00edodo de tr\u00e9gua de lua de mel, seus movimentos est\u00e3o sendo observados por uma lupa rigorosa.<\/p>\n<p>Impossibilitado de fugir do abra\u00e7o mortal do modelo de presidencialismo de coaliz\u00e3o, que j\u00e1 levou muitos \u00e0 ru\u00edna, cabe ao presidente e sua equipe se equilibrarem entre as muitas armadilhas plantadas pelos petistas rancorosos, pelo fogo amigo e pela ansiedade de uma popula\u00e7\u00e3o \u00e0 beira do colapso nervoso.<\/p>\n<p>No front externo, a situa\u00e7\u00e3o varia entre a expectativa e a desconfian\u00e7a. Dos in\u00fameros desservi\u00e7os prestados ao pa\u00eds pela ex-presidente e seus ac\u00f3litos, talvez o com maior potencial de estrago para uma economia fragilizada como a nossa tenha sido justamente a propaga\u00e7\u00e3o , al\u00e9m fronteiras, da vers\u00e3o falsa de que o impeachment n\u00e3o passou de movimento golpista, levado a cabo por um grupo de direita de olho nas riquezas nacionais.<\/p>\n<p>Em complemento \u00e0 estrat\u00e9gia de difama\u00e7\u00e3o externa, o governo, varrido pelo bafo das ruas, ainda recorreu aos blocos econ\u00f4micos do continente, dominados pelos tais bolivarianos, pedindo nada menos do que a expuls\u00e3o do Brasil de seus quadros, por ofensa aos princ\u00edpios e cl\u00e1usulas democr\u00e1ticas. Alguns editoriais em jornais de grande respeitabilidade no mundo embarcaram na vers\u00e3o de golpe, motivados por um misto de m\u00e1 vontade com o Brasil e pregui\u00e7a dos pr\u00f3prios correspondentes, que preferiram replicar informes espalhados pelos petistas.<\/p>\n<p>Sabotado, de um lado, e, de outro, tendo \u00e0 frente a maior crise econ\u00f4mica de todos os tempos, Temer contempla, da corda bamba, o precip\u00edcio. Tomar p\u00e9 das reais condi\u00e7\u00f5es das contas p\u00fablicas, camufladas, maquiadas e escondidas pelos que deixaram o poder, \u00e9 o primeiro passo. Adotar medidas emergenciais precisas \u00e9 o passo seguinte. Montar uma equipe com credibilidade perante o p\u00fablico interno e que, ao mesmo tempo, tenha espa\u00e7o e peso dentro do Poder Legislativo \u00e9 outra provid\u00eancia imediata. Para turvar o quadro, est\u00e3o previstas, ainda, manifesta\u00e7\u00f5es de rua dos grupos defenestrados do poder, apoiados pelos movimentos sociais e sindicatos que perderam a boquinha do governo.<\/p>\n<p>Correndo por fora, a Opera\u00e7\u00e3o Lava-Jato entrou na fase derradeira e j\u00e1 amea\u00e7a diretamente a ponta do megaesc\u00e2ndalo, composta pela classe pol\u00edtica. Quando a espada da Justi\u00e7a come\u00e7ar a cortar as cabe\u00e7as coroadas do parlamento, haver\u00e1, al\u00e9m da choradeira de praxe, uma cobran\u00e7a maior de todos da base para que o governo Temer ponha freio no \u00edmpeto saneador do Minist\u00e9rio P\u00fablico. Vencidos esses obst\u00e1culos iniciais, restar\u00e1 a Temer aguardar ainda as decis\u00f5es do TSE, se ca\u00e7a ou n\u00e3o a chapa que formou com Dilma em 2014, al\u00e9m, \u00e9 claro, do julgamento final do impeachment pelo Senado.<\/p>\n<p>O tempo ex\u00edguo para a realiza\u00e7\u00e3o de todas essas tarefas e a inquieta\u00e7\u00e3o gerada pela massa de 11 milh\u00f5es de desempregados desesperados representam tamb\u00e9m barreiras a serem superadas nessa maratona gigantesca e hist\u00f3rica que o destino reservou ao presidente em exerc\u00edcio.<\/p>\n<p>&nbsp;<\/p>\n<p><b>A frase que n\u00e3o foi pronunciada:<\/b><\/p>\n<p><i>\u201cFil\u00f3sofo parece costureira. Consegue pensar o resultado usando apenas o tecido, a linha e a agulha imagin\u00e1rios.\u201d<\/i><\/p>\n<p>Dona Dita<\/p>\n<p>&nbsp;<\/p>\n<p><b>Missiva<\/b><\/p>\n<p>Sobre o artigo \u201cC\u00e9rebros em fuga\u201d publicado nessa coluna, a m\u00e9dica endocrinologista Cristiane Jeice Gomes Lima descobriu, entre seus in\u00fameros pacientes, que um c\u00e2ncer que afetou uma fam\u00edlia inteira \u00e9 origin\u00e1rio de muta\u00e7\u00f5es rar\u00edssimas. T\u00e3o importante foi a descoberta que a Institui\u00e7\u00e3o Americana Medstar Research Instituto a convidou para desenvolver sua pesquisa em Washington (EUA), \u00e0s expensas do Instituto.<\/p>\n<p>&nbsp;<\/p>\n<p><b>Log\u00edstica<\/b><\/p>\n<p>Doutora Cristiane, ent\u00e3o, em setembro de 2015, pediu licen\u00e7a sem vencimento ao GDF (Processo n\u00ba 0270.001.126\/2015) para continuar a pesquisa na Institui\u00e7\u00e3o Americana.<\/p>\n<p>O antigo secret\u00e1rio tinha deferido o pedido, mas o atual cancelou, sob o argumento de que h\u00e1 car\u00eancia de m\u00e9dico em Bras\u00edlia, mesmo a m\u00e9dica tendo iniciado o curso, se mudado com a fam\u00edlia para Washington, nos Estados Unidos, e arcado com todas as despesas de aluguel, matr\u00edcula das filhas etc.<\/p>\n<p>&nbsp;<\/p>\n<p><b>Realidade<\/b><\/p>\n<p>Foi feito o pedido de reconsidera\u00e7\u00e3o, e o processo se encontra na mesa do novo secret\u00e1rio para decis\u00e3o. N\u00e3o preciso declinar os benef\u00edcios que o Brasil ter\u00e1 com a pesquisa. Pela hist\u00f3ria, percebe-se como os c\u00e9rebros s\u00e3o tratados no Brasil. (A missiva foi enviada pelo leitor<\/p>\n<p>Rubem Martins.)<\/p>\n<p>&nbsp;<\/p>\n<p><b>Hist\u00f3ria de Bras\u00edlia<\/b><\/p>\n<p>Quem resolveu a quest\u00e3o de comunica\u00e7\u00f5es foi a equipe da R\u00e1dio Difusora, Associada de S. Paulo. Os rep\u00f3rteres Jos\u00e9 Carlos de Morais e Carlos Spera formaram uma ponte sonora Bras\u00edlia-Porto Alegre, atrav\u00e9s da qual o senador Auro de Moura Andrade p\u00f4de conversar com o governador Leonel Brizola. Foi o trabalho jornal\u00edstico mais importante do ano. (Publicado em 6\/9\/1961)<\/p>\n","protected":false},"excerpt":{"rendered":"<p>Desde 1960 aricunha@dabr.com.br com Circe Cunha \/\/ circecunha.df@dabr.com.br Ningu\u00e9m duvida que o governo Temer esteja caminhando no fio da navalha. Mesmo com o apoio provis\u00f3rio de parte significativa da popula\u00e7\u00e3o e de seus pares no Congresso, dentro do costumeiro per\u00edodo de tr\u00e9gua de lua de mel, seus movimentos est\u00e3o sendo observados por uma lupa rigorosa. Impossibilitado de fugir do abra\u00e7o [&hellip;]<\/p>\n","protected":false},"author":34,"featured_media":0,"comment_status":"closed","ping_status":"closed","sticky":false,"template":"","format":"standard","meta":{"footnotes":""},"categories":[23],"tags":[],"class_list":["post-7867","post","type-post","status-publish","format-standard","hentry","category-integra"],"_links":{"self":[{"href":"https:\/\/blogs.correiobraziliense.com.br\/aricunha\/wp-json\/wp\/v2\/posts\/7867","targetHints":{"allow":["GET"]}}],"collection":[{"href":"https:\/\/blogs.correiobraziliense.com.br\/aricunha\/wp-json\/wp\/v2\/posts"}],"about":[{"href":"https:\/\/blogs.correiobraziliense.com.br\/aricunha\/wp-json\/wp\/v2\/types\/post"}],"author":[{"embeddable":true,"href":"https:\/\/blogs.correiobraziliense.com.br\/aricunha\/wp-json\/wp\/v2\/users\/34"}],"replies":[{"embeddable":true,"href":"https:\/\/blogs.correiobraziliense.com.br\/aricunha\/wp-json\/wp\/v2\/comments?post=7867"}],"version-history":[{"count":1,"href":"https:\/\/blogs.correiobraziliense.com.br\/aricunha\/wp-json\/wp\/v2\/posts\/7867\/revisions"}],"predecessor-version":[{"id":7868,"href":"https:\/\/blogs.correiobraziliense.com.br\/aricunha\/wp-json\/wp\/v2\/posts\/7867\/revisions\/7868"}],"wp:attachment":[{"href":"https:\/\/blogs.correiobraziliense.com.br\/aricunha\/wp-json\/wp\/v2\/media?parent=7867"}],"wp:term":[{"taxonomy":"category","embeddable":true,"href":"https:\/\/blogs.correiobraziliense.com.br\/aricunha\/wp-json\/wp\/v2\/categories?post=7867"},{"taxonomy":"post_tag","embeddable":true,"href":"https:\/\/blogs.correiobraziliense.com.br\/aricunha\/wp-json\/wp\/v2\/tags?post=7867"}],"curies":[{"name":"wp","href":"https:\/\/api.w.org\/{rel}","templated":true}]}}