{"id":7864,"date":"2016-05-17T03:10:19","date_gmt":"2016-05-17T06:10:19","guid":{"rendered":"https:\/\/blogs.correiobraziliense.com.br\/aricunha\/?p=7864"},"modified":"2016-06-03T10:11:06","modified_gmt":"2016-06-03T13:11:06","slug":"quem-interessa-adiar-sine-die-reforma-do-estado","status":"publish","type":"post","link":"https:\/\/blogs.correiobraziliense.com.br\/aricunha\/quem-interessa-adiar-sine-die-reforma-do-estado\/","title":{"rendered":"A quem interessa adiar, sine die, a reforma do Estado?"},"content":{"rendered":"<p>Desde 1960<\/p>\n<p>aricunha@dabr.com.br<\/p>\n<p>com Circe Cunha \/\/ circecunha.df@dabr.com.br<\/p>\n<p>&nbsp;<\/p>\n<p>Enquanto o Estado, apoderado pelo governo e por uma penca de partidos, mantiver sob seu mais severo controle as riquezas nacionais, representadas, sobretudo, por estatais das mais diversas, haver\u00e1 sempre o desejo voraz de pol\u00edticos e de oportunistas, de qualquer matiz, por cargos e outras benesses p\u00fablicas. A multiplica\u00e7\u00e3o de legendas pode ser explicada, em parte, pela exist\u00eancia de um butim a ser repartido em paga pelo apoio.<\/p>\n<p>Fora do universo pol\u00edtico-partid\u00e1rio, outros grupos de press\u00e3o tamb\u00e9m s\u00e3o formados em alta quantidade, com vistas apenas \u00e0 obten\u00e7\u00e3o de vantagens materiais para um n\u00facleo duro, formado exclusivamente por dirigentes e controladores diretos. \u00c9 o caso de grande parte de sindicatos e federa\u00e7\u00f5es de trabalhadores formados, nos \u00faltimos anos, com o objetivo focado basicamente nos lucros que essa atividade rende aos membros da dire\u00e7\u00e3o. Como j\u00e1 registramos na coluna, a esperan\u00e7a nesse tema \u00e9 que a P\u00fablica, a central do servidor, inove na vis\u00e3o para uni\u00e3o de trabalhadores. Que seja firme sempre nos prop\u00f3sitos que apresenta.<\/p>\n<p>Parte significativa de organiza\u00e7\u00f5es n\u00e3o governamentais (ONGs), formada em tempos recentes, tamb\u00e9m entra na fila para arrancar do Estado maior lucro poss\u00edvel. Para um Estado montado com caracter\u00edsticas pr\u00f3prias de uma empresa t\u00edpica, em que o lucro \u00e9 a meta final, n\u00e3o surpreende que a maior parte de agregados, que, em tese, deveriam servir de ponte entre a popula\u00e7\u00e3o e o poder, defendendo direitos legitimamente prescritos na Constitui\u00e7\u00e3o, use dessa proximidade para obter vantagens para pequeno n\u00famero de dirigentes. A popula\u00e7\u00e3o que v\u00e1 se queixar ao bispo.<\/p>\n<p>Sem uma reforma radical do Estado, jamais ser\u00e1 poss\u00edvel estancar a corrup\u00e7\u00e3o e os desvios de recursos, muito menos se livrar desses grupos de sanguessugas que, a pretexto de representar a sociedade junto do poder, usam da fun\u00e7\u00e3o legal apenas para o enriquecimento de poucos. O refor\u00e7o em moldes policialescos e repressor da Receita Federal atende, sob medida, esse modelo de agregados interesseiros.<\/p>\n<p>O contribuinte, dentro do Estado empresa, \u00e9 chamado compulsoriamente a bancar o festim sem limite. A comemora\u00e7\u00e3o, feita a cada ano e com grande foguet\u00f3rio, sobre o volume recorde na arrecada\u00e7\u00e3o de impostos, n\u00e3o chega a vexar o governo, j\u00e1 que sacia o apetite voraz dessa turma, da qual os membros do pr\u00f3prio governo s\u00e3o os primeiros benefici\u00e1rios.<\/p>\n<p>Ref\u00e9m dos grupos de press\u00e3o, resta ao Estado, a exemplo da loba romana, estender as muitas tetas \u00e0 alcateia faminta. Enquanto o Estado insistir em voltar seus esfor\u00e7os para o controle das riquezas, priorizando coisas como a fabrica\u00e7\u00e3o de bens econ\u00f4micos, a raz\u00e3o de ser dessa entidade, que \u00e9 distribuir justi\u00e7a e bem-estar social, ficar\u00e1 em segundo plano, com preju\u00edzo certo para a sociedade, gera\u00e7\u00e3o ap\u00f3s gera\u00e7\u00e3o.<\/p>\n<p>A frase que foi pronunciada:<\/p>\n<p>\u201cCi\u00eancia \u00e9 conhecimento organizado. Sabedoria \u00e9 vida organizada. \u201d<\/p>\n<p>Immanuel Kant<\/p>\n<p>Controverso<\/p>\n<p>Deputado Hugo Leal sugere um Fundo Nacional de Combate \u00e0 Corrup\u00e7\u00e3o. Essa verba seria destinada para educa\u00e7\u00e3o, sa\u00fade, ci\u00eancia, financiamento de pesquisa e meio ambiente.<\/p>\n<p>Ops<\/p>\n<p>Estupefata, a imprensa s\u00e9ria internacional tenta compreender os discursos dos petistas. Agora mais uma surpresa. O deputado Jos\u00e9 Geraldo prop\u00f4s um projeto de lei para o pa\u00eds comemorar, em 17 de abril, \u201cO Dia do Golpe Parlamentar do Brasil\u201d. Quem n\u00e3o \u00e9 petista gostou da ideia. Mas, depois, viu-se que o comemorar saiu do subconsciente.<\/p>\n<p>Marco<\/p>\n<p>Sarney Filho, do Meio Ambiente, esteve na barragem de Mariana, da mineradora Samarco. Declarou que, enquanto n\u00e3o houver certeza da seguran\u00e7a da barragem, n\u00e3o a apoiar\u00e1 em nada. O que precisa \u00e9 acompanhar as san\u00e7\u00f5es dadas \u00e0 empresa.<\/p>\n<p>Hist\u00f3ria de Bras\u00edlia<\/p>\n<p>O sistema de informa\u00e7\u00f5es funcionou muito mal. Tanto assim, que o presidente da Rep\u00fablica, sr. Ranieri Mazzilli, chegou ao aeroporto quando o sr. Jo\u00e3o Goulart ainda estava em Porto Alegre.(Publicado em 6\/9\/1961)<\/p>\n","protected":false},"excerpt":{"rendered":"<p>Desde 1960 aricunha@dabr.com.br com Circe Cunha \/\/ circecunha.df@dabr.com.br &nbsp; Enquanto o Estado, apoderado pelo governo e por uma penca de partidos, mantiver sob seu mais severo controle as riquezas nacionais, representadas, sobretudo, por estatais das mais diversas, haver\u00e1 sempre o desejo voraz de pol\u00edticos e de oportunistas, de qualquer matiz, por cargos e outras benesses p\u00fablicas. A multiplica\u00e7\u00e3o de legendas [&hellip;]<\/p>\n","protected":false},"author":34,"featured_media":0,"comment_status":"closed","ping_status":"closed","sticky":false,"template":"","format":"standard","meta":{"footnotes":""},"categories":[23],"tags":[],"class_list":["post-7864","post","type-post","status-publish","format-standard","hentry","category-integra"],"_links":{"self":[{"href":"https:\/\/blogs.correiobraziliense.com.br\/aricunha\/wp-json\/wp\/v2\/posts\/7864","targetHints":{"allow":["GET"]}}],"collection":[{"href":"https:\/\/blogs.correiobraziliense.com.br\/aricunha\/wp-json\/wp\/v2\/posts"}],"about":[{"href":"https:\/\/blogs.correiobraziliense.com.br\/aricunha\/wp-json\/wp\/v2\/types\/post"}],"author":[{"embeddable":true,"href":"https:\/\/blogs.correiobraziliense.com.br\/aricunha\/wp-json\/wp\/v2\/users\/34"}],"replies":[{"embeddable":true,"href":"https:\/\/blogs.correiobraziliense.com.br\/aricunha\/wp-json\/wp\/v2\/comments?post=7864"}],"version-history":[{"count":1,"href":"https:\/\/blogs.correiobraziliense.com.br\/aricunha\/wp-json\/wp\/v2\/posts\/7864\/revisions"}],"predecessor-version":[{"id":7865,"href":"https:\/\/blogs.correiobraziliense.com.br\/aricunha\/wp-json\/wp\/v2\/posts\/7864\/revisions\/7865"}],"wp:attachment":[{"href":"https:\/\/blogs.correiobraziliense.com.br\/aricunha\/wp-json\/wp\/v2\/media?parent=7864"}],"wp:term":[{"taxonomy":"category","embeddable":true,"href":"https:\/\/blogs.correiobraziliense.com.br\/aricunha\/wp-json\/wp\/v2\/categories?post=7864"},{"taxonomy":"post_tag","embeddable":true,"href":"https:\/\/blogs.correiobraziliense.com.br\/aricunha\/wp-json\/wp\/v2\/tags?post=7864"}],"curies":[{"name":"wp","href":"https:\/\/api.w.org\/{rel}","templated":true}]}}