{"id":7859,"date":"2016-05-15T05:01:50","date_gmt":"2016-05-15T08:01:50","guid":{"rendered":"https:\/\/blogs.correiobraziliense.com.br\/aricunha\/?p=7859"},"modified":"2016-06-03T09:04:56","modified_gmt":"2016-06-03T12:04:56","slug":"7859-2","status":"publish","type":"post","link":"https:\/\/blogs.correiobraziliense.com.br\/aricunha\/7859-2\/","title":{"rendered":"Tuita\u00e7o verde"},"content":{"rendered":"<p><i>Desde 1960<\/i><\/p>\n<p>aricunha@dabr.com.br<\/p>\n<p>com Circe Cunha \/\/ circecunha.df@dabr.com.br<\/p>\n<p>Em tempos de aquecimento global e outras anomalias clim\u00e1ticas provocadas exclusivamente pela m\u00e3o humana contra o fr\u00e1gil equil\u00edbrio da natureza, \u00e9 preciso adotar cautelas redobradas contra toda e qualquer a\u00e7\u00e3o que possa perturbar, ainda mais, o delicado meio ambiente.<\/p>\n<p>\u00c9 com essa inten\u00e7\u00e3o que o Minist\u00e9rio P\u00fablico Federal promover\u00e1,\u00a0 amanh\u00e3, a partir das 15h, um tuita\u00e7o contra a aprova\u00e7\u00e3o da Proposta de Emenda \u00e0 Constitui\u00e7\u00e3o n\u00ba 65 (PEC 65\/2012). Entende o MPF que, da forma como est\u00e1 redigida, a proposta desobriga os interessados em desmatar alguma \u00e1rea, para qualquer atividade econ\u00f4mica, de realizar processo de licenciamento ambiental, impedindo tamb\u00e9m o posterior controle sobre o cumprimento das obriga\u00e7\u00f5es socioambientais que deveriam ser realizadas pelo empreendedor.<\/p>\n<p>O MPF considera que a PEC 65 \u201csubverte o Estudo Pr\u00e9vio de Impacto Ambiental \u2014 o EIA \u2014 e fulmina o devido processo de licenciamento ambiental, atualmente composto por tr\u00eas fases\u201d. O que o \u00f3rg\u00e3o deseja com esse tuita\u00e7o \u00e9 expor o problema \u00e0 popula\u00e7\u00e3o, dar visibilidade \u00e0 quest\u00e3o que, segundo entende, trar\u00e1 enormes preju\u00edzos ao meio ambiente e \u00e0s coletividades locais.<\/p>\n<p>Ressalta o MPF que a a\u00e7\u00e3o no Twitter faz parte da mobiliza\u00e7\u00e3o, em todo pa\u00eds, pela efic\u00e1cia do licenciamento ambiental. Al\u00e9m de publica\u00e7\u00f5es em redes sociais, o MPF articula a\u00e7\u00e3o coordenada com a realiza\u00e7\u00e3o de audi\u00eancias p\u00fablicas, em parceria com os MPs estaduais e demais agentes locais, para dar ampla publicidade ao tema, debat\u00ea-lo com a sociedade e alertar para os riscos da aprova\u00e7\u00e3o da PEC 65\/2012.<\/p>\n<p>Sandra Cureau, subprocuradora-geral da Rep\u00fablica, os procuradores da Rep\u00fablica no Rio de Janeiro Felipe Bogado, Leandro Mitidieri e Monique Checker, e o procurador regional da Rep\u00fablica Jo\u00e3o Akira consideram que a simples apresenta\u00e7\u00e3o de estudo de impacto ambiental para a realiza\u00e7\u00e3o de um empreendimento, como prev\u00ea o documento no Senado (PEC 65), fragiliza ainda mais o conjunto de garantias e direitos.<\/p>\n<p>Para tanto, o MPF esclarece como participar do tuita\u00e7o:<\/p>\n<p>1- Participe do tuita\u00e7o #PEC65N\u00e3o, dia 16\/5, \u00e0s 15h. Vamos chamar a aten\u00e7\u00e3o para o tema.<\/p>\n<p>2- Divulgue nas redes sociais.<\/p>\n<p>3- Publique informa\u00e7\u00f5es em outros ambientes: blogs, artigos, listas de discuss\u00e3o, f\u00f3runs.<\/p>\n<p>4- Divulgue a consulta p\u00fablica que est\u00e1 sendo feita pelo Senado:<\/p>\n<p>https:\/\/www12.senado.leg.br\/ecidadania\/principalmateria<\/p>\n<p>&nbsp;<\/p>\n<p><b>A frase que foi pronunciada<\/b><\/p>\n<p><i>\u201cAcho melhor entregar o Brasil para o Patati Patat\u00e1. S\u00f3 mesmo dois palha\u00e7os para comandar esse circo\u201d<\/i><\/p>\n<p>Darlan Honorato, engenheiro de redes<\/p>\n<p>&nbsp;<\/p>\n<p><b>Confraria<\/b><\/p>\n<p>Fiquem de olho nas propostas da Visamos \u2013 pelo futuro do Brasil. Esse grupo resolveu se reunir e trazer a Bras\u00edlia nomes reconhecidos no cen\u00e1rio intelectual brasileiro para debater sobre pol\u00edtica, economia, educa\u00e7\u00e3o e o futuro do pa\u00eds.<\/p>\n<p>&nbsp;<\/p>\n<p><b>Release<\/b><\/p>\n<p>S\u00edndicos, subs\u00edndicos, gestores reunidos em Bras\u00edlia na pr\u00f3xima semana. O evento \u00e9 promovido pelo Unas\u00edndico. As inscri\u00e7\u00f5es podem ser feitas no site.<\/p>\n<p>&nbsp;<\/p>\n<p><b>Convite<\/b><\/p>\n<p>Candangol\u00e2ndia: Museu da Educa\u00e7\u00e3o e a identidade de uma comunidade pioneira. O convite \u00e9 para toda a cidade. No Gin\u00e1sio de Esportes da Candangol\u00e2ndia, perto do CEM J\u00falia Kubitschek. Pioneiros, professores, estudantes prepararam rodas de viv\u00eancia e apresenta\u00e7\u00f5es culturais. Dia 20 em dois turnos. O primeiro come\u00e7a \u00e0s 9h30, e o segundo, \u00e0s 13h30.<\/p>\n<p>&nbsp;<\/p>\n<p><b>Ira<\/b><\/p>\n<p>Pediu para n\u00e3o divulgar o nome porque trabalha no GDF. Mas nossa leitora, descontando os palavr\u00f5es, ficou furiosa quando foi \u00e0 concession\u00e1ria pr\u00f3xima ao Aeroporto e, quando saiu com o carro novo, houve um problema. Teve que voltar. Encontrou o pr\u00f3ximo retorno no bal\u00e3o que fica no fim do Eixo Sul. O resto da missiva \u00e9 impublic\u00e1vel.<\/p>\n<p>&nbsp;<\/p>\n<p><b>An\u00f4nima<\/b><\/p>\n<p>Quem ser\u00e1 aquela mulher que de madrugada dorme encostada na parede da rodovi\u00e1ria perto do sem\u00e1foro, antes da virada para o Conjunto Nacional? T\u00e3o fr\u00e1gil, dormindo ali, sentada. T\u00e3o grande e ao mesmo tempo t\u00e3o desprotegida pelo estado.<\/p>\n<p>&nbsp;<\/p>\n<p><b>Hist\u00f3ria de Bras\u00edlia<\/b><\/p>\n<p>O aparelho ficou retido em Porto Alegre durante v\u00e1rias horas, por \u201cfalta de garantia na rota\u201d. Os entendimentos se processaram, at\u00e9 que \u00e0s 20h15 o Caravelle da Varig chegou a Bras\u00edlia trazendo o presidente da Rep\u00fablica. (Publicado em 6\/9\/1961)<\/p>\n","protected":false},"excerpt":{"rendered":"<p>Desde 1960 aricunha@dabr.com.br com Circe Cunha \/\/ circecunha.df@dabr.com.br Em tempos de aquecimento global e outras anomalias clim\u00e1ticas provocadas exclusivamente pela m\u00e3o humana contra o fr\u00e1gil equil\u00edbrio da natureza, \u00e9 preciso adotar cautelas redobradas contra toda e qualquer a\u00e7\u00e3o que possa perturbar, ainda mais, o delicado meio ambiente. \u00c9 com essa inten\u00e7\u00e3o que o Minist\u00e9rio P\u00fablico Federal promover\u00e1,\u00a0 amanh\u00e3, a partir [&hellip;]<\/p>\n","protected":false},"author":34,"featured_media":0,"comment_status":"closed","ping_status":"closed","sticky":false,"template":"","format":"standard","meta":{"footnotes":""},"categories":[23],"tags":[],"class_list":["post-7859","post","type-post","status-publish","format-standard","hentry","category-integra"],"_links":{"self":[{"href":"https:\/\/blogs.correiobraziliense.com.br\/aricunha\/wp-json\/wp\/v2\/posts\/7859","targetHints":{"allow":["GET"]}}],"collection":[{"href":"https:\/\/blogs.correiobraziliense.com.br\/aricunha\/wp-json\/wp\/v2\/posts"}],"about":[{"href":"https:\/\/blogs.correiobraziliense.com.br\/aricunha\/wp-json\/wp\/v2\/types\/post"}],"author":[{"embeddable":true,"href":"https:\/\/blogs.correiobraziliense.com.br\/aricunha\/wp-json\/wp\/v2\/users\/34"}],"replies":[{"embeddable":true,"href":"https:\/\/blogs.correiobraziliense.com.br\/aricunha\/wp-json\/wp\/v2\/comments?post=7859"}],"version-history":[{"count":2,"href":"https:\/\/blogs.correiobraziliense.com.br\/aricunha\/wp-json\/wp\/v2\/posts\/7859\/revisions"}],"predecessor-version":[{"id":7861,"href":"https:\/\/blogs.correiobraziliense.com.br\/aricunha\/wp-json\/wp\/v2\/posts\/7859\/revisions\/7861"}],"wp:attachment":[{"href":"https:\/\/blogs.correiobraziliense.com.br\/aricunha\/wp-json\/wp\/v2\/media?parent=7859"}],"wp:term":[{"taxonomy":"category","embeddable":true,"href":"https:\/\/blogs.correiobraziliense.com.br\/aricunha\/wp-json\/wp\/v2\/categories?post=7859"},{"taxonomy":"post_tag","embeddable":true,"href":"https:\/\/blogs.correiobraziliense.com.br\/aricunha\/wp-json\/wp\/v2\/tags?post=7859"}],"curies":[{"name":"wp","href":"https:\/\/api.w.org\/{rel}","templated":true}]}}