{"id":7853,"date":"2016-05-12T01:57:19","date_gmt":"2016-05-12T04:57:19","guid":{"rendered":"https:\/\/blogs.correiobraziliense.com.br\/aricunha\/?p=7853"},"modified":"2016-06-03T08:58:06","modified_gmt":"2016-06-03T11:58:06","slug":"jogando-com-as-regras-2","status":"publish","type":"post","link":"https:\/\/blogs.correiobraziliense.com.br\/aricunha\/jogando-com-as-regras-2\/","title":{"rendered":"Jogando com as regras"},"content":{"rendered":"<p><i>Desde 1960<\/i><\/p>\n<p>aricunha@dabr.com.br<\/p>\n<p>com Circe Cunha \/\/ circecunha.df@dabr.com.br<\/p>\n<p>Na contram\u00e3o do que vem sendo amplamente pensado pelo (poss\u00edvel ainda) governo Temer e pelo Congresso Nacional, o instituto da reelei\u00e7\u00e3o \u2014 considerado, depois de anos de experi\u00eancia, como fator de instabiliza\u00e7\u00e3o pol\u00edtica \u2014 continua na pauta da C\u00e2mara Legislativa do Distrito Federal e, principalmente, na cabe\u00e7a da presidente da Casa. Desde o fim da legislatura passada e mesmo durante a atual, n\u00e3o passa um dia sequer sem que a presidente da CLDF, Celina Le\u00e3o, acene com a possibilidade de mudan\u00e7as que altere o artigo 66 da Lei Org\u00e2nica. Ocorre que Celina n\u00e3o est\u00e1 sozinha nesse intento. Ao contr\u00e1rio. Ela conta com o apoio de parte expressiva da Casa.<\/p>\n<p>Os movimentos internos ora a favor, ora contra a medida, se sucedem e t\u00eam se alternado ao sabor das conjunturas. Diante da instabilidade generalizada que tomou conta do pa\u00eds, provocada em grande parte pelos epis\u00f3dios do impeachment da presidente Dilma, as mudan\u00e7as no cen\u00e1rio pol\u00edtico v\u00eam ocorrendo com velocidade estonteante.<\/p>\n<p>Se muda o cen\u00e1rio, muda ainda, com maior rapidez, a posi\u00e7\u00e3o dos pol\u00edticos em rela\u00e7\u00e3o a temas controversos. Infelizmente, a popula\u00e7\u00e3o do Distrito Federal ainda est\u00e1 distante desse tipo de debate, preocupada com a quest\u00e3o nacional. No entanto, \u00e9 preciso que os brasilienses sejam chamados a opinar, por meio de plebiscito ou outro meio qualquer, sobre essa importante altera\u00e7\u00e3o.<\/p>\n<p>De sa\u00edda, \u00e9 bom ressaltar que, uma vez permitida a possibilidade de reelei\u00e7\u00e3o para Presid\u00eancia, vice e tr\u00eas secretarias da Mesa Diretora da Casa, n\u00e3o ser\u00e1 apenas a CLDF que sofrer\u00e1 mudan\u00e7as dr\u00e1sticas, mas todo o quadro pol\u00edtico no DF, principalmente a composi\u00e7\u00e3o do GDF, com reflexos diretos na vida do cidad\u00e3o. N\u00e3o \u00e9 preciso ser expertise em ci\u00eancia pol\u00edtica para antever as consequ\u00eancias gerais dessa altera\u00e7\u00e3o. Em primeiro lugar, o que resultar\u00e1 dessa altera\u00e7\u00e3o na LO \u00e9 a instala\u00e7\u00e3o, por meios paralelos, de um tipo de parlamentarismo \u00e0 moda candanga, em que um Legislativo, supervitaminado, passar\u00e1 a ocupar espa\u00e7os pr\u00f3prios do Executivo.<\/p>\n<p>A raz\u00e3o \u00e9 simples: aprovado esse instituto, qualquer ocupante que vier a presidir a CL se tornar\u00e1 \u2014, naturalmente, por motivos \u00f3bvios \u2014 candidato potencial a governar o DF. Diante dessa possibilidade, o grande poder enfeixado nas m\u00e3os de presidente do Legislativo, com mandato esticado para quatro anos, ser\u00e1 suficiente para concorrer e mesmo se contrapor ao governo local, criando situa\u00e7\u00f5es inesperadas e talvez n\u00e3o desejadas.<\/p>\n<p>&nbsp;<\/p>\n<p><b>A frase que n\u00e3o foi pronunciada<\/b><\/p>\n<p><i>\u201cNingu\u00e9m segura o Teori na pr\u00e1tica.\u201d<\/i><\/p>\n<p>Algu\u00e9m, na confus\u00e3o dos corredores do Senado<\/p>\n<p>&nbsp;<\/p>\n<p><b>Se cair<\/b><\/p>\n<p>Estudos sobre a queda de idosos prop\u00f5em protocolos de preven\u00e7\u00e3o por meio de visitas domiciliares. A Pol\u00edtica Nacional de Sa\u00fade do Idoso aborda esse tipo de assist\u00eancia. Mas, para colocar em pr\u00e1tica, estados\u00a0 e munic\u00edpios s\u00e3o os respons\u00e1veis por capacitar profissionais e viabilizar a aten\u00e7\u00e3o ao idoso, evitando as graves consequ\u00eancias das quedas.<\/p>\n<p>&nbsp;<\/p>\n<p><b>Nas m\u00e3os<\/b><\/p>\n<p>Chega a vez do ex-presidente Lula se preocupar. Cassado o mandato do senador Delc\u00eddio do Amaral, a den\u00fancia contra Luiz In\u00e1cio Lula da Silva passa \u00e0s m\u00e3os do juiz S\u00e9rgio Moro.<\/p>\n<p>&nbsp;<\/p>\n<p><b>Lewandovisky<\/b><\/p>\n<p>Praticamente direcionando o recado ao ministro Lewandowski, o ministro Teori Zavascki d\u00e1 o golpe final: \u201cN\u00e3o h\u00e1 base constitucional para qualquer interven\u00e7\u00e3o do Poder Judici\u00e1rio que importe ju\u00edzo de m\u00e9rito sobre a ocorr\u00eancia ou n\u00e3o dos fatos da acusa\u00e7\u00e3o\u201d. E mais: \u201cO juiz constitucional dessa mat\u00e9ria \u00e9 o Senado Federal, que assume o papel de inst\u00e2ncia definitiva, cuja decis\u00e3o de m\u00e9rito \u00e9 insuscet\u00edvel de reexame, mesmo pelo STF\u201d.<\/p>\n<p>&nbsp;<\/p>\n<p><b>Impeachment<\/b><\/p>\n<p>Cart\u00e3o vermelho para a gram\u00e1tica adotada pelos Correios. N\u00e3o h\u00e1 como subentender Empresa Brasileira de Correios e Tel\u00e9grafos para se antepor o verbo no singular. Correios s\u00e3o os Correios. Empresa \u00e9 empresa. As Casas Bahia e n\u00e3o A Casas Bahia. H\u00e1 quem discorde. Mas a nossa corrente \u00e9 o impedimento para tudo o que diz ser o que n\u00e3o \u00e9.<\/p>\n<p>&nbsp;<\/p>\n<p><b>N\u00e3o passa<\/b><\/p>\n<p>Nem aumentou tanto o n\u00famero de cheques sem fundo no Brasil. Em 1991, quando o Indicador Serasa Experian passou a computar os dados, o n\u00famero de inadimplentes era de 1.354.017. Em mar\u00e7o de 2015, o n\u00famero de devolu\u00e7\u00e3o foi de 1.414.160.<\/p>\n<p>&nbsp;<\/p>\n<p><b>Hist\u00f3ria<\/b><\/p>\n<p>Encontro no celular um documento digitalizado de suma import\u00e2ncia para Bras\u00edlia. Soledade Arnaud, que herda o legado musical de Neusa Fran\u00e7a, foi tamb\u00e9m avaliada por Magdalena Tagliaferro, Miriam Dauelsberg e Klaus Schilde (da Escola de M\u00fasica de Berlim). Fica o registro.<\/p>\n<p>&nbsp;<\/p>\n<p><b>Hist\u00f3ria de Bras\u00edlia<\/b><\/p>\n<p>Estas not\u00edcias foram feitas por jornalistas pagos pelo governo, para difamar autoridades, lan\u00e7ando a desconfian\u00e7a e o descr\u00e9dito para os que n\u00e3o concordam com as ideias dos atuais dirigentes da Ag\u00eancia. (Publicado em 5\/9\/1961)<\/p>\n","protected":false},"excerpt":{"rendered":"<p>Desde 1960 aricunha@dabr.com.br com Circe Cunha \/\/ circecunha.df@dabr.com.br Na contram\u00e3o do que vem sendo amplamente pensado pelo (poss\u00edvel ainda) governo Temer e pelo Congresso Nacional, o instituto da reelei\u00e7\u00e3o \u2014 considerado, depois de anos de experi\u00eancia, como fator de instabiliza\u00e7\u00e3o pol\u00edtica \u2014 continua na pauta da C\u00e2mara Legislativa do Distrito Federal e, principalmente, na cabe\u00e7a da presidente da Casa. Desde [&hellip;]<\/p>\n","protected":false},"author":34,"featured_media":0,"comment_status":"closed","ping_status":"closed","sticky":false,"template":"","format":"standard","meta":{"footnotes":""},"categories":[23],"tags":[],"class_list":["post-7853","post","type-post","status-publish","format-standard","hentry","category-integra"],"_links":{"self":[{"href":"https:\/\/blogs.correiobraziliense.com.br\/aricunha\/wp-json\/wp\/v2\/posts\/7853","targetHints":{"allow":["GET"]}}],"collection":[{"href":"https:\/\/blogs.correiobraziliense.com.br\/aricunha\/wp-json\/wp\/v2\/posts"}],"about":[{"href":"https:\/\/blogs.correiobraziliense.com.br\/aricunha\/wp-json\/wp\/v2\/types\/post"}],"author":[{"embeddable":true,"href":"https:\/\/blogs.correiobraziliense.com.br\/aricunha\/wp-json\/wp\/v2\/users\/34"}],"replies":[{"embeddable":true,"href":"https:\/\/blogs.correiobraziliense.com.br\/aricunha\/wp-json\/wp\/v2\/comments?post=7853"}],"version-history":[{"count":1,"href":"https:\/\/blogs.correiobraziliense.com.br\/aricunha\/wp-json\/wp\/v2\/posts\/7853\/revisions"}],"predecessor-version":[{"id":7854,"href":"https:\/\/blogs.correiobraziliense.com.br\/aricunha\/wp-json\/wp\/v2\/posts\/7853\/revisions\/7854"}],"wp:attachment":[{"href":"https:\/\/blogs.correiobraziliense.com.br\/aricunha\/wp-json\/wp\/v2\/media?parent=7853"}],"wp:term":[{"taxonomy":"category","embeddable":true,"href":"https:\/\/blogs.correiobraziliense.com.br\/aricunha\/wp-json\/wp\/v2\/categories?post=7853"},{"taxonomy":"post_tag","embeddable":true,"href":"https:\/\/blogs.correiobraziliense.com.br\/aricunha\/wp-json\/wp\/v2\/tags?post=7853"}],"curies":[{"name":"wp","href":"https:\/\/api.w.org\/{rel}","templated":true}]}}