{"id":7744,"date":"2016-05-11T04:25:00","date_gmt":"2016-05-11T07:25:00","guid":{"rendered":"https:\/\/blogs.correiobraziliense.com.br\/aricunha\/?p=7744"},"modified":"2017-12-14T16:17:18","modified_gmt":"2017-12-14T18:17:18","slug":"quando-vier-primavera-alberto-caeiro","status":"publish","type":"post","link":"https:\/\/blogs.correiobraziliense.com.br\/aricunha\/quando-vier-primavera-alberto-caeiro\/","title":{"rendered":"\u201cQuando vier a primavera\u201d. Alberto Caeiro"},"content":{"rendered":"<p><i>Desde 1960<\/i><\/p>\n<div id=\"blocoClipA\">\n<p>aricunha@dabr.com.br<\/p>\n<p>com Circe Cunha \/\/ circecunha.df@dabr.com.br<\/p>\n<p>\u00c9 pelas m\u00e3os do jardineiro que a primavera vem<\/p>\n<p>\u201cQuando vier a primavera, \/ Se eu j\u00e1 estiver morto,\/As flores florir\u00e3o da mesma maneira \/ E as \u00e1rvores n\u00e3o ser\u00e3o menos verdes que na primavera passada. \/ A realidade n\u00e3o precisa de mim.\u201d<\/p>\n<p>No poema de Alberto Caeiro, heter\u00f4nimo de Fernando Pessoa, o poeta e escritor portugu\u00eas apresenta uma natureza indiferente ao homem e ao seu destino derradeiro e inevit\u00e1vel. Mas, se a natureza em seu todo ignora os humanos e suas tribula\u00e7\u00f5es sem fim, o mesmo n\u00e3o ocorre a pequena parcela de homens a quem foi confiada a imensa tarefa de cuidar para que a primavera retorne na hora certa, com flores multicores, \u00e1rvores verdes e frutos maduros.<\/p>\n<p>Na verdade, quem deu o fruto, sombra refrescante e cheiros, que tamb\u00e9m desabrocham no ar \u2014 foi justamente a m\u00e3o que cuidou de preparar a terra, lan\u00e7ar a semente no solo, regando-a dia ap\u00f3s dia. \u00c9 pelas m\u00e3os do jardineiro que a primavera vem. H\u00e1, na vastid\u00e3o do mundo verde, esp\u00e9cies que requerem incont\u00e1veis anos para atingir a plenitude. Outras que levam d\u00e9cadas para dar os primeiros frutos. A natureza tem seu tempo pr\u00f3prio, e ele se estende muito al\u00e9m de cada um de n\u00f3s.<\/p>\n<p>Quem vagueia despreocupado pelos extensos jardins da cidade-parque, perdido das horas e ao abrigo do Sol, percebe que, por tr\u00e1s da beleza que hoje se imp\u00f5e majestosa, l\u00e1, nos bastidores do passado, existiu grande e laborioso jardineiro que cuidou de preparar o advento dessa floresta urbana.<\/p>\n<p>Alheio \u00e0 gratid\u00e3o do futuro e ao reconhecimento da primavera, cuidou de trazer do ch\u00e3o vermelho e seco todo tipo de vida. Pavimentou as trilhas com relva fresca, cobriu o ch\u00e3o de folhas, cercou a vista com milh\u00f5es de \u00e1rvores de todas as esp\u00e9cies, principalmente daquelas que a terra local aceitava sem protesto.<\/p>\n<p>No bel\u00edssimo filme O homem que plantava \u00e1rvores, dirigido por Fr\u00e9deric Back, baseado no romance de Jean Giono e ganhador do Oscar de melhor anima\u00e7\u00e3o em 1988, a trajet\u00f3ria de vida de Elz\u00e9ard Buffier \u00e9 t\u00e3o parecida com a do jardineiro Francisco Ozanan Correia Coelho de Alencar, do Departamento de Parques e Jardins, da Novacap, que, por vezes, elesparecem ser a mesma pessoa, em lugares e tempo diferentes.<\/p>\n<p>Tal como Ozanan, Bouffier plantou milh\u00f5es de \u00e1rvores nos alpes franceses, transformando o que era deserto \u00e1rido e triste numa das mais belas e v\u00edvidas paisagens da Proven\u00e7a. Ozanan fez o mesmo em Bras\u00edlia. Seu desaparecimento, em pleno outono, pode ser um sinal de que finalmente a natureza agradeceu a algu\u00e9m.<\/p>\n<p>&nbsp;<\/p>\n<p><b>A frase que foi pronunciada<\/b><\/p>\n<p><i>\u201c\u00c9 poss\u00edvel que s\u00f3 as \u00e1rvores tenham ra\u00edzes, mas o poeta sempre se alimentou de utopias. Deixe-me, pois, pensar que o homem ainda tem possibilidades de se tornar humano.\u201d<\/i><\/p>\n<p>Eug\u00eanio de Andrade<\/p>\n<p>&nbsp;<\/p>\n<p><b>Gratuito<\/b><\/p>\n<p>Regidos pelo amor \u00e0 m\u00fasica, os componentes do Clube da Bossa Nova, com o apoio do Sesc, continuam com atividades cada vez mais apreciadas pelo p\u00fablico. No pr\u00f3ximo s\u00e1bado, \u00e0s 11h30, realizar\u00e3o o evento Palco aberto, para dar oportunidade a todos que t\u00eam vontade de pisar em um palco e cantar. O ambiente intimista favorece. Quem quiser executar alguma m\u00fasica com seu instrumento ou declamar poesia tamb\u00e9m ter\u00e1 espa\u00e7o.<\/p>\n<p>&nbsp;<\/p>\n<p><b>Para cantar<\/b><\/p>\n<p>A inscri\u00e7\u00e3o pode ser feita pelo site www.clubedabossanova.com ou pelo E-mail clubedabossa@gmail.com. Endere\u00e7o: SCS, Quadra 2, Ed. Presidente Dutra (Pr\u00e9dio do Sesc), T\u00e9rreo \u2014Teatro Silvio Barbato.<\/p>\n<p>&nbsp;<\/p>\n<p><b>Apraz\u00edvel<\/b><\/p>\n<p>Marcos Freire, diretor do Centro de Refer\u00eancia em Pr\u00e1ticas Integrativas em Sa\u00fade, \u00fanico no DF, recebeu o governador para a reinaugura\u00e7\u00e3o do espa\u00e7o. Acupuntura, homeopatia, psicologia, programa de fitoterapia e plantas medicinais, tai chi chuan e v\u00e1rias outras atividades. Marcos Freire descreve o local em toda a trajet\u00f3ria: do pioneirismo \u00e0 refer\u00eancia.<\/p>\n<p>&nbsp;<\/p>\n<p><b>No ponto<\/b><\/p>\n<p>Se algum vendedor se aventurar em ficar em frente ao ponto de \u00f4nibus perto do Pal\u00e1cio do Planalto corre o risco de a pol\u00edcia passar e recolher tudo. Dia desses, um homem foi rendido ali mesmo e teve o carro roubado. Os ladr\u00f5es n\u00e3o tiveram o mesmo tratamento en\u00e9rgico recebido pelos trabalhadores. A reclama\u00e7\u00e3o foi desabafo de uma mulher enquanto esperava o \u00f4nibus.<\/p>\n<p>&nbsp;<\/p>\n<p><b>Hist\u00f3ria de Bras\u00edlia<\/b><\/p>\n<p>O servi\u00e7o distribu\u00eddo com a rubrica do capit\u00e3o Montezuma, no Rio, d\u00e1 dois telegramas, um de Montevid\u00e9u e outro de Pequim, quando se sabe que essa ag\u00eancia n\u00e3o atua no exterior. O de Montevid\u00e9u diz que possivelmente Luiz Carlos Prestes assumir\u00e1 o comando das mil\u00edcias do Rio Grande do Sul para conduzir \u201ca posse de Jo\u00e3o Goulart na presid\u00eancia do Brasil\u201d. (Publicado em 5\/9\/1961)<\/p>\n<\/div>\n","protected":false},"excerpt":{"rendered":"<p>Desde 1960 aricunha@dabr.com.br com Circe Cunha \/\/ circecunha.df@dabr.com.br \u00c9 pelas m\u00e3os do jardineiro que a primavera vem \u201cQuando vier a primavera, \/ Se eu j\u00e1 estiver morto,\/As flores florir\u00e3o da mesma maneira \/ E as \u00e1rvores n\u00e3o ser\u00e3o menos verdes que na primavera passada. \/ A realidade n\u00e3o precisa de mim.\u201d No poema de Alberto Caeiro, heter\u00f4nimo de Fernando Pessoa, [&hellip;]<\/p>\n","protected":false},"author":34,"featured_media":0,"comment_status":"open","ping_status":"closed","sticky":false,"template":"","format":"standard","meta":{"footnotes":""},"categories":[23],"tags":[67],"class_list":["post-7744","post","type-post","status-publish","format-standard","hentry","category-integra","tag-brasilia-historiadebrasilia-aricunha-circecunha-mamfil"],"_links":{"self":[{"href":"https:\/\/blogs.correiobraziliense.com.br\/aricunha\/wp-json\/wp\/v2\/posts\/7744","targetHints":{"allow":["GET"]}}],"collection":[{"href":"https:\/\/blogs.correiobraziliense.com.br\/aricunha\/wp-json\/wp\/v2\/posts"}],"about":[{"href":"https:\/\/blogs.correiobraziliense.com.br\/aricunha\/wp-json\/wp\/v2\/types\/post"}],"author":[{"embeddable":true,"href":"https:\/\/blogs.correiobraziliense.com.br\/aricunha\/wp-json\/wp\/v2\/users\/34"}],"replies":[{"embeddable":true,"href":"https:\/\/blogs.correiobraziliense.com.br\/aricunha\/wp-json\/wp\/v2\/comments?post=7744"}],"version-history":[{"count":1,"href":"https:\/\/blogs.correiobraziliense.com.br\/aricunha\/wp-json\/wp\/v2\/posts\/7744\/revisions"}],"predecessor-version":[{"id":7745,"href":"https:\/\/blogs.correiobraziliense.com.br\/aricunha\/wp-json\/wp\/v2\/posts\/7744\/revisions\/7745"}],"wp:attachment":[{"href":"https:\/\/blogs.correiobraziliense.com.br\/aricunha\/wp-json\/wp\/v2\/media?parent=7744"}],"wp:term":[{"taxonomy":"category","embeddable":true,"href":"https:\/\/blogs.correiobraziliense.com.br\/aricunha\/wp-json\/wp\/v2\/categories?post=7744"},{"taxonomy":"post_tag","embeddable":true,"href":"https:\/\/blogs.correiobraziliense.com.br\/aricunha\/wp-json\/wp\/v2\/tags?post=7744"}],"curies":[{"name":"wp","href":"https:\/\/api.w.org\/{rel}","templated":true}]}}