{"id":7737,"date":"2016-05-07T02:11:55","date_gmt":"2016-05-07T05:11:55","guid":{"rendered":"https:\/\/blogs.correiobraziliense.com.br\/aricunha\/?p=7737"},"modified":"2016-05-12T11:21:24","modified_gmt":"2016-05-12T14:21:24","slug":"questao-de-democracia","status":"publish","type":"post","link":"https:\/\/blogs.correiobraziliense.com.br\/aricunha\/questao-de-democracia\/","title":{"rendered":"Quest\u00e3o de democracia"},"content":{"rendered":"<p style=\"font: 14px\/19.2px 'Lucida Sans Unicode', 'Lucida Grande', sans-serif;margin: 0px 0px 1em;padding: 0px;color: #000000;text-indent: 0px;letter-spacing: normal;background-color: #ffffff\"><i>Desde 1960<\/i><\/p>\n<p style=\"font: 14px\/19.2px 'Lucida Sans Unicode', 'Lucida Grande', sans-serif;margin: 0px 0px 1em;padding: 0px;color: #000000;text-indent: 0px;letter-spacing: normal;background-color: #ffffff\">aricunha@dabr.com.br<\/p>\n<p style=\"font: 14px\/19.2px 'Lucida Sans Unicode', 'Lucida Grande', sans-serif;margin: 0px 0px 1em;padding: 0px;color: #000000;text-indent: 0px;letter-spacing: normal;background-color: #ffffff\">com Circe Cunha \/\/ circecunha@outlook.com e MAMFIL<\/p>\n<p>Com a decis\u00e3o un\u00e2nime e hist\u00f3rica do Supremo Tribunal Federal, afastando Eduardo Cunha (PMDB-RJ) da Presid\u00eancia da C\u00e2mara dos Deputados, o fen\u00f4meno da judicializa\u00e7\u00e3o da pol\u00edtica, bafejado nesse caso pelo h\u00e1lito poderoso do clamor p\u00fablico, ganhou novo e potencial ingrediente, dentro do j\u00e1 tumultuado governo. Identificados como os principais pilares do Estado, os poderes Executivo, Legislativo e Judici\u00e1rio v\u00eam se estranhando desde a retomada da democracia, ganhando maior turbul\u00eancia ap\u00f3s a instala\u00e7\u00e3o do Partido dos Trabalhadores no Pal\u00e1cio do Planalto.<\/p>\n<div id=\"blocoClipA\">\n<p>Na \u00e2nsia de estabelecer a maior bancada de apoio que o dinheiro pode comprar, Lula, sua turma e sua sucessora montaram amplo e generoso balc\u00e3o de neg\u00f3cios na Casa Civil, inovando e elevando as artimanhas da coopta\u00e7\u00e3o ao n\u00edvel de arte pol\u00edtica. Foi a partir dessa criteriosa sistematiza\u00e7\u00e3o criminosa de arrebanhar ades\u00f5es no Congresso, pelo Executivo, que os pilares da Rep\u00fablica come\u00e7aram a apresentar o que os engenheiros chamam de fadiga estrutural.<\/p>\n<p>Ao abalar as colunas mestras do Estado, restou ao Poder Judici\u00e1rio entrar de sola na querela, at\u00e9 mesmo para n\u00e3o so\u00e7obrar com o colapso de todo o arcabou\u00e7o institucional do pa\u00eds. O jogo pol\u00edtico pela acomoda\u00e7\u00e3o das diversas frentes ideol\u00f3gicas no comando do pa\u00eds, algo comum na maioria das democracias do Ocidente, foi rebaixado e degredado ao ponto mais abismal, resultando da\u00ed a mais absurda descaracteriza\u00e7\u00e3o dos poderes republicanos, transformando-os em nicho de lobistas e traficantes de negociatas.<\/p>\n<p>A rigor, o Executivo, para usar um eufemismo, seduziu, viciou e descaminhou o Legislativo. Por sua vez, vendo o escancarar da porteira do Estado, o parlamento, \u00e0 exce\u00e7\u00e3o de alguns membros da oposi\u00e7\u00e3o, se entregou de corpo e alma ao festim, virando as costas para a \u00e9tica e enchendo os bolsos de muitos com dinheiro surrupiado dos cidad\u00e3os que os al\u00e7aram ao mandato.<\/p>\n<p>A aproxima\u00e7\u00e3o e a simbiose continuada dos ritos pol\u00edticos com o mundo do crime resultaram, at\u00e9 agora, na condena\u00e7\u00e3o e na pris\u00e3o de parte das principais lideran\u00e7as deste governo. A outra parte, inclu\u00eddos a\u00ed muitos apoiadores, s\u00f3 se encontra ainda em liberdade por conta do discriminat\u00f3rio e odioso foro privilegiado.<\/p>\n<p>O STF transformado, por for\u00e7a do ineditismo, de Corte Constitucional em Corte de Arbitragem de Crimes Comuns, mesmo composta em grande parte por indica\u00e7\u00e3o dos governos petistas, se viu for\u00e7ado a desembainhar a espada de Themis sobre a cabe\u00e7a dos antigos patronos, evitando que a outra espada, a de D\u00e2mocles, sobreviesse sobre a pr\u00f3pria cabe\u00e7a. Se existe hoje um pilar mestre que sustente, de fato, o Estado Republicano, esse est\u00e1 alicer\u00e7ado firmemente no apoio massivo das ruas. \u00c9 gra\u00e7as a essa sustenta\u00e7\u00e3o vinda espontaneamente da popula\u00e7\u00e3o que o Estado ainda n\u00e3o desabou de vez.<\/p>\n<p>&nbsp;<\/p>\n<p><b>A frase que foi pronunciada<\/b><\/p>\n<p><i>\u201cA alegria est\u00e1 na luta, na tentativa, no sofrimento envolvido e n\u00e3o na vit\u00f3ria propriamente dita.\u201d<\/i><\/p>\n<p>Mahatma Gandhi<\/p>\n<p>&nbsp;<\/p>\n<p><b>Nota 10<\/b><\/p>\n<p>\u00c9 preciso que algu\u00e9m fa\u00e7a uma homenagem a Jo\u00e3o Brito. Fot\u00f3grafo do GDF h\u00e1 d\u00e9cadas, ele j\u00e1 viu de tudo nessa cidade. \u00a0Bem-humorado, sorridente, de fino e f\u00e1cil trato. Est\u00e3o feitos o registro e o reconhecimento ao trabalho.<\/p>\n<p>&nbsp;<\/p>\n<p><b>A desejar<\/b><\/p>\n<p>Ouvidoria do Lago Norte deixa a desejar. Apesar da aten\u00e7\u00e3o no atendimento, n\u00e3o h\u00e1 respostas nem solu\u00e7\u00f5es para as demandas.<\/p>\n<p>&nbsp;<\/p>\n<p><b>Voo de t\u00e1xi<\/b><\/p>\n<p>Com a maior frota de helic\u00f3ptero do pa\u00eds, S\u00e3o Paulo conta com o servi\u00e7o de Uber a\u00e9reo. O empres\u00e1rio da FlyHelo, Hadrien Royal explicou a ousadia: \u201cLan\u00e7ar esse servi\u00e7o agora, neste momento de crise, \u00e9 uma oportunidade quando estamos falando de economia compartilhada\u201d.<\/p>\n<p>&nbsp;<\/p>\n<p><b>Experi\u00eancia<\/b><\/p>\n<p>Mais uma inova\u00e7\u00e3o do governador Rodrigo Rollemberg. Uma lista tr\u00edplice para escolher o diretor do Zool\u00f3gico. As inscri\u00e7\u00f5es est\u00e3o abertas e o nome ser\u00e1 escolhido at\u00e9 30 de junho.<\/p>\n<p>&nbsp;<\/p>\n<p><b>Hist\u00f3ria de Bras\u00edlia<\/b><\/p>\n<p>A Ag\u00eancia Nacional est\u00e1 completamente desvirtuada de suas finalidades, obedecendo a orienta\u00e7\u00e3o que n\u00e3o merece cr\u00e9dito, forjando not\u00edcias contra advers\u00e1rios do governo. (Publicado em 5\/9\/1961)<\/p>\n<\/div>\n","protected":false},"excerpt":{"rendered":"<p>Desde 1960 aricunha@dabr.com.br com Circe Cunha \/\/ circecunha@outlook.com e MAMFIL Com a decis\u00e3o un\u00e2nime e hist\u00f3rica do Supremo Tribunal Federal, afastando Eduardo Cunha (PMDB-RJ) da Presid\u00eancia da C\u00e2mara dos Deputados, o fen\u00f4meno da judicializa\u00e7\u00e3o da pol\u00edtica, bafejado nesse caso pelo h\u00e1lito poderoso do clamor p\u00fablico, ganhou novo e potencial ingrediente, dentro do j\u00e1 tumultuado governo. Identificados como os principais pilares [&hellip;]<\/p>\n","protected":false},"author":34,"featured_media":0,"comment_status":"closed","ping_status":"closed","sticky":false,"template":"","format":"standard","meta":{"footnotes":""},"categories":[23],"tags":[],"class_list":["post-7737","post","type-post","status-publish","format-standard","hentry","category-integra"],"_links":{"self":[{"href":"https:\/\/blogs.correiobraziliense.com.br\/aricunha\/wp-json\/wp\/v2\/posts\/7737","targetHints":{"allow":["GET"]}}],"collection":[{"href":"https:\/\/blogs.correiobraziliense.com.br\/aricunha\/wp-json\/wp\/v2\/posts"}],"about":[{"href":"https:\/\/blogs.correiobraziliense.com.br\/aricunha\/wp-json\/wp\/v2\/types\/post"}],"author":[{"embeddable":true,"href":"https:\/\/blogs.correiobraziliense.com.br\/aricunha\/wp-json\/wp\/v2\/users\/34"}],"replies":[{"embeddable":true,"href":"https:\/\/blogs.correiobraziliense.com.br\/aricunha\/wp-json\/wp\/v2\/comments?post=7737"}],"version-history":[{"count":1,"href":"https:\/\/blogs.correiobraziliense.com.br\/aricunha\/wp-json\/wp\/v2\/posts\/7737\/revisions"}],"predecessor-version":[{"id":7738,"href":"https:\/\/blogs.correiobraziliense.com.br\/aricunha\/wp-json\/wp\/v2\/posts\/7737\/revisions\/7738"}],"wp:attachment":[{"href":"https:\/\/blogs.correiobraziliense.com.br\/aricunha\/wp-json\/wp\/v2\/media?parent=7737"}],"wp:term":[{"taxonomy":"category","embeddable":true,"href":"https:\/\/blogs.correiobraziliense.com.br\/aricunha\/wp-json\/wp\/v2\/categories?post=7737"},{"taxonomy":"post_tag","embeddable":true,"href":"https:\/\/blogs.correiobraziliense.com.br\/aricunha\/wp-json\/wp\/v2\/tags?post=7737"}],"curies":[{"name":"wp","href":"https:\/\/api.w.org\/{rel}","templated":true}]}}