{"id":7735,"date":"2016-05-06T00:03:21","date_gmt":"2016-05-06T03:03:21","guid":{"rendered":"https:\/\/blogs.correiobraziliense.com.br\/aricunha\/?p=7735"},"modified":"2016-05-06T09:04:44","modified_gmt":"2016-05-06T12:04:44","slug":"temer-e-os-sindicatos","status":"publish","type":"post","link":"https:\/\/blogs.correiobraziliense.com.br\/aricunha\/temer-e-os-sindicatos\/","title":{"rendered":"Temer e os sindicatos"},"content":{"rendered":"<p>Desde 1960<\/p>\n<p>aricunha@dabr.com.br<\/p>\n<p>com Circe Cunha \/\/ circecunha@gmail.com com MAMFIL<\/p>\n<p>&nbsp;<\/p>\n<p>Confirmado o afastamento da presidente Dilma, caber\u00e1, em algum momento, ao governo de Michel Temer \u2014 talvez antes mesmo de come\u00e7ar a implementar seu programa de administra\u00e7\u00e3o para o pa\u00eds \u2014 reformular alguns instrumentos de representa\u00e7\u00e3o dos trabalhadores, principalmente aqueles que atrelam o Estado \u00e0s entidades e \u00e0s centrais sindicais.<\/p>\n<p>Em outras palavras \u00e9 preciso p\u00f4r fim ao sindicalismo do tipo pelego, que, mesmo alimentado compulsoriamente por fartos recursos, de todos os brasileiros na ativa, consegue se manter na zona cinzenta da fiscaliza\u00e7\u00e3o, liberto que \u00e9 da presta\u00e7\u00e3o de contas.<\/p>\n<p>Esse verdadeiro complexo industrial, abrigando 10.123 sindicatos, arrancou dos cofres p\u00fablicos, via imposto sindical em 2015, R$ 3,1 bilh\u00f5es , que foram repassados \u00e0s respectivas federa\u00e7\u00f5es e confedera\u00e7\u00f5es espalhadas por todo o pa\u00eds.<\/p>\n<p>Foi somente a partir de agosto do ano passado, depois de longos anos de briga na Justi\u00e7a, que o Minist\u00e9rio do Trabalho e Emprego divulgou o montante repassado aos sindicatos que at\u00e9 ent\u00e3o eram protegidos pelo sigilo banc\u00e1rio. Persiste, no entanto, o ritual da presta\u00e7\u00e3o de contas, comum aos demais mortais da Rep\u00fablica, j\u00e1 que essas entidades adotam o modelo duvidoso da autofiscaliza\u00e7\u00e3o dos recursos obtidos.<\/p>\n<p>Esse controle absoluto sobre a movimenta\u00e7\u00e3o de milh\u00f5es tem propiciado, al\u00e9m de abertura de dezenas de novos sindicatos a cada semestre, um dom\u00ednio, cada vez maior, por determinados e poderosos grupos internos, que passam a gerir a entidade por tempo indefinido, formando cl\u00e3s de dirigentes, ricos e totalmente alheios aos reais interesses dos trabalhadores. Essa aristocracia sindical ganhou vigor, sem par, na \u00faltima d\u00e9cada, principalmente ao se constituir como franja do Partido dos Trabalhadores.<\/p>\n<p>Fazer oposi\u00e7\u00e3o, nas viciadas elei\u00e7\u00f5es para o comando dos sindicatos, \u00e9 correr risco de atentado e morte. H\u00e1 anos, a pol\u00edcia investiga diversos casos de sindicalistas mortos em situa\u00e7\u00e3o para l\u00e1 de suspeita, depois de desafiar as lideran\u00e7as encasteladas na dire\u00e7\u00e3o. Legalizados no Brasil a partir de 1824, os sindicatos pouco evolu\u00edram desde ent\u00e3o, sendo que, em muitos casos, regrediram aos tempos feudais, colocando sob suas asas apenas aqueles que se curvam e aceitam a situa\u00e7\u00e3o de servo e protegido desses novos senhores.<\/p>\n<p>Para se ter uma ideia, o Sindicato dos Empregados do Com\u00e9rcio do Rio de Janeiro \u00e9 comandado com m\u00e3o de ferro pela fam\u00edlia Mata Roma h\u00e1 quase meio s\u00e9culo, sendo sua dire\u00e7\u00e3o passada de pai para filho, num regime de hereditariedade e suserania digna da era feudal. O ex-ministro do Trabalho Almir Pazzianotto costumava dizer que: \u201co que faz os sindicalistas tomarem atitudes irrespons\u00e1veis \u00e9 o imposto sindical e a estabilidade que eles gozam. Ningu\u00e9m se sindicaliza. Como o sindicalista tem sua fonte de renda garantida, n\u00e3o se preocupa com o mercado de trabalho. Hoje, no Brasil, poucos s\u00e3o t\u00e3o privilegiados quanto essa elite sindical, que n\u00e3o quer perder os seus privil\u00e9gios\u201d. Essa ser\u00e1, sem d\u00favida, a maior pedra no caminho do novo governo. Remov\u00ea-la talvez se constitua em quest\u00e3o de sobreviv\u00eancia para os trabalhadores e para o pr\u00f3prio Michel Temer.<\/p>\n<p>A frase que foi pronunciada<\/p>\n<p>\u201cExige muito de ti e espera pouco dos outros. Assim, evitar\u00e1s muitos aborrecimentos.\u201d<\/p>\n<p>Conf\u00facio<\/p>\n<p>Ao p\u00fablico<\/p>\n<p>Est\u00e1 na lente do Judici\u00e1rio o Primeiro Grau de Jurisdi\u00e7\u00e3o. O objetivo \u00e9 ouvir representantes de diversos seguimentos do Poder Judici\u00e1rio para melhorar o servi\u00e7o prestado pelas unidades judici\u00e1rias da chamada porta de entrada e de sa\u00edda da Justi\u00e7a.<\/p>\n<p>Estrela<\/p>\n<p>Guardem este nome: Darc Brasil. Por enquanto, a coluna s\u00f3 pode revelar que se trata de uma cantora do Coral do Senado.<\/p>\n<p>Oto<\/p>\n<p>Resid\u00eancia do HUB conquista nota m\u00e1xima em avalia\u00e7\u00e3o. O grau foi dado pela Associa\u00e7\u00e3o Brasileira de Otorrinolaringologia e Cirurgia C\u00e9rvicofacial, que considerou infraestrutura, corpo docente e discente, forma\u00e7\u00e3o e pesquisa para avaliar.<\/p>\n<p>Novidade<\/p>\n<p>Em breve, o Brasil poder\u00e1 contar com a EmbrapaTec. A proposta foi feita pelo Minist\u00e9rio da Agricultura. O governo encaminhou o projeto de lei ao Congresso. A proposta \u00e9 que a EmbrapaTec comercialize tecnologia, produtos e servi\u00e7os.<\/p>\n<p>Mudan\u00e7as<\/p>\n<p>Novas regras do C\u00f3digo de Processo Civil geram discuss\u00f5es no Supremo Tribunal Federal. Todos os debates s\u00e3o enriquecedores. As mudan\u00e7as, constitucionais. Agora, \u00e9 seguir os novos tr\u00e2mites, prazos e exig\u00eancias.<\/p>\n<p>Hist\u00f3ria de Bras\u00edlia<\/p>\n<p>Pena que esta express\u00e3o tenha sido usada por um governador, que devia conhecer a capital federal, para n\u00e3o demonstrar de p\u00fablico pouco caso pelas coisas do seu pa\u00eds. (Publicado em 5\/9\/1961)<\/p>\n","protected":false},"excerpt":{"rendered":"<p>Desde 1960 aricunha@dabr.com.br com Circe Cunha \/\/ circecunha@gmail.com com MAMFIL &nbsp; Confirmado o afastamento da presidente Dilma, caber\u00e1, em algum momento, ao governo de Michel Temer \u2014 talvez antes mesmo de come\u00e7ar a implementar seu programa de administra\u00e7\u00e3o para o pa\u00eds \u2014 reformular alguns instrumentos de representa\u00e7\u00e3o dos trabalhadores, principalmente aqueles que atrelam o Estado \u00e0s entidades e \u00e0s centrais [&hellip;]<\/p>\n","protected":false},"author":34,"featured_media":0,"comment_status":"open","ping_status":"closed","sticky":false,"template":"","format":"standard","meta":{"footnotes":""},"categories":[23],"tags":[],"class_list":["post-7735","post","type-post","status-publish","format-standard","hentry","category-integra"],"_links":{"self":[{"href":"https:\/\/blogs.correiobraziliense.com.br\/aricunha\/wp-json\/wp\/v2\/posts\/7735","targetHints":{"allow":["GET"]}}],"collection":[{"href":"https:\/\/blogs.correiobraziliense.com.br\/aricunha\/wp-json\/wp\/v2\/posts"}],"about":[{"href":"https:\/\/blogs.correiobraziliense.com.br\/aricunha\/wp-json\/wp\/v2\/types\/post"}],"author":[{"embeddable":true,"href":"https:\/\/blogs.correiobraziliense.com.br\/aricunha\/wp-json\/wp\/v2\/users\/34"}],"replies":[{"embeddable":true,"href":"https:\/\/blogs.correiobraziliense.com.br\/aricunha\/wp-json\/wp\/v2\/comments?post=7735"}],"version-history":[{"count":1,"href":"https:\/\/blogs.correiobraziliense.com.br\/aricunha\/wp-json\/wp\/v2\/posts\/7735\/revisions"}],"predecessor-version":[{"id":7736,"href":"https:\/\/blogs.correiobraziliense.com.br\/aricunha\/wp-json\/wp\/v2\/posts\/7735\/revisions\/7736"}],"wp:attachment":[{"href":"https:\/\/blogs.correiobraziliense.com.br\/aricunha\/wp-json\/wp\/v2\/media?parent=7735"}],"wp:term":[{"taxonomy":"category","embeddable":true,"href":"https:\/\/blogs.correiobraziliense.com.br\/aricunha\/wp-json\/wp\/v2\/categories?post=7735"},{"taxonomy":"post_tag","embeddable":true,"href":"https:\/\/blogs.correiobraziliense.com.br\/aricunha\/wp-json\/wp\/v2\/tags?post=7735"}],"curies":[{"name":"wp","href":"https:\/\/api.w.org\/{rel}","templated":true}]}}