{"id":7730,"date":"2016-05-04T02:58:00","date_gmt":"2016-05-04T05:58:00","guid":{"rendered":"https:\/\/blogs.correiobraziliense.com.br\/aricunha\/?p=7730"},"modified":"2016-05-06T08:59:00","modified_gmt":"2016-05-06T11:59:00","slug":"agenda-minima-2","status":"publish","type":"post","link":"https:\/\/blogs.correiobraziliense.com.br\/aricunha\/agenda-minima-2\/","title":{"rendered":"Agenda m\u00ednima"},"content":{"rendered":"<p>Desde 1960<\/p>\n<p>aricunha@dabr.com.br<\/p>\n<p>com Circe Cunha \/\/ circecunha.df@dabr.com.br e MAMFIL<\/p>\n<p>&nbsp;<\/p>\n<p>Sobram candidatos a cargos no futuro governo Temer. Da mesma forma, sobram propostas de reajustes na economia e retomada do crescimento. No lado pr\u00e1tico, o que se tem de fato \u00e9 escassez de tempo para implementar tantas e necess\u00e1rias mudan\u00e7as. O tempo age contra o governo do vice-presidente, ao impor pressa nas a\u00e7\u00f5es e for\u00e7ar medidas a\u00e7odadas. O problema \u00e9 como costurar, num mesmo tecido, uma variedade de reformas urgentes e d\u00edspares.<\/p>\n<p>No jogo de xadrez pol\u00edtico, onde cada estrat\u00e9gia demanda tempo de racioc\u00ednio e tempo de a\u00e7\u00e3o, montar uma equipe mais ou menos uniforme e de bom n\u00edvel administrativo \u00e9 tarefa das mais \u00e1rduas. Outro problema com a escassez de tempo \u00e9 que n\u00e3o d\u00e1 para testar pessoas e m\u00e9todos. Talvez esse seja o motivo pelo qual Michel Temer vem ensaiando nomes j\u00e1 bem conhecidos para sua equipe.<\/p>\n<p>O que parece pesar neste novo gabinete \u00e9 que nele aparecem figuras que est\u00e3o na al\u00e7a de mira da Justi\u00e7a, principalmente da Opera\u00e7\u00e3o Lava-Jato. Outro fator complicador para o novo governo \u00e9 o PT, que, mesmo antes de sair, aderiu \u00e0 estrat\u00e9gia de guerrilha, minando o campo da administra\u00e7\u00e3o p\u00fablica para dificultar a vida dos novos ocupantes do Pal\u00e1cio do Planalto.<\/p>\n<p>S\u00f3 no Brasil, um governo que se despede ousaria, em pleno funcionamento das institui\u00e7\u00f5es, estabelecer t\u00e1tica antipatri\u00f3tica de quinta-coluna, para sabotar n\u00e3o um inimigo real, mas o pr\u00f3prio pa\u00eds. A confirmar as den\u00fancias de que o moribundo governo Dilma vem agindo para apagar seus rastros na administra\u00e7\u00e3o, estar\u00e1 configurado n\u00e3o apenas mais um crime, mas um verdadeiro atentado, dado o estado de pen\u00faria em que muitos brasileiros se encontram hoje.<\/p>\n<p>O exemplo dado pelo PSDB, entregando uma agenda m\u00ednima de 15 pontos ao governo que entra, demonstra maturidade pol\u00edtica e compromisso com o pa\u00eds. Da mesma forma, parcela significativa da popula\u00e7\u00e3o \u2014 do empresariado e de v\u00e1rios setores sociais, incluindo parte importante da m\u00eddia profissional \u2014 tem dado demonstra\u00e7\u00f5es claras de esperan\u00e7a no governo Temer. Essa confian\u00e7a depositada no governo que chega \u00e9 comum entre as partes que ainda n\u00e3o se conhecem. Do mesmo jeito que \u00e9 conferida, \u00e9 retirada.<\/p>\n<p>Mais do que ningu\u00e9m, Temer sabe que as condi\u00e7\u00f5es em que assumir\u00e1 a Presid\u00eancia s\u00e3o extraordinariamente delicadas e sui generis, com a economia arrasada e com mais de 11 milh\u00f5es de desempregados. Os dias de boa vida de vice, ficaram para tr\u00e1s. Se antes se queixava de ostracismo e de ficar \u00e0 margem das decis\u00f5es de governo, desta vez, experimentar\u00e1 o que \u00e9 ficar diuturnamente no foco dos holofotes, sendo o centro das aten\u00e7\u00f5es e da esperan\u00e7a de milh\u00f5es de brasileiros ansiosos por dias melhores.<\/p>\n<p>A frase que foi pronunciada:<\/p>\n<p>\u201cO car\u00e1ter \u00e9 o produto da s\u00e9rie de atos dos quais se \u00e9 o princ\u00edpio.\u201d<\/p>\n<p>Arist\u00f3teles<\/p>\n<p>Medo<\/p>\n<p>Ruth Ara\u00fajo de Azevedo, da Associa\u00e7\u00e3o Comercial do DF, envia \u00e0 coluna um pedido de socorro e um aviso \u00e0s autoridades. Nas quadras comerciais e residenciais do Plano Piloto, comerciantes e moradores est\u00e3o vivendo momentos de medo, p\u00e2nico e inseguran\u00e7a com os constantes assaltos que ocorrem na regi\u00e3o, apesar da boa vontade de Pol\u00edcia Militar. Lojas s\u00e3o assaltadas em plena luz do dia e os moradores est\u00e3o preocupados com a situa\u00e7\u00e3o, pois os marginais s\u00e3o de uma ousadia que transparece a certeza da falta de puni\u00e7\u00e3o.<\/p>\n<p>Inseguran\u00e7a<\/p>\n<p>Uma loja foi assaltada na 307 Sul e o propriet\u00e1rio, Henrique Cartaxo, pediu socorro \u00e0 Associa\u00e7\u00e3o Comercial do DF. O presidente, Cleber Pires, agiu imediatamente e solicitou \u00e0 Assessoria Jur\u00eddica que encontre mecanismos perante o GDF e a Justi\u00e7a do Distrito Federal \u2014 em especial, da Secretaria de Seguran\u00e7a P\u00fablica \u2014 para que esses fatos n\u00e3o venham mais a ocorrer, pois assustam funcion\u00e1rios, moradores e todo o setor produtivo da capital federal, causando um esfriamento no com\u00e9rcio dessas quadras e impostos deixam de ser arrecadados pela falta de vendas.<\/p>\n<p>Foco fora do alvo<\/p>\n<p>Para complicar mais o problema, a Ag\u00eancia de Fiscaliza\u00e7\u00e3o do Distrito Federal (Agefis) acabou de notificar todos os lojistas para que retirem imediatamente as grades de prote\u00e7\u00e3o num prazo de cinco dias, uma vez que elas ferem as normas do Instituto do Patrim\u00f4nio Hist\u00f3rico e Art\u00edstico Nacional (Iphan), sem, entretanto, oferecer alternativas para que comerciantes e moradores se protejam contra a a\u00e7\u00e3o da bandidagem, de traficantes de drogas e moradores de rua.<\/p>\n<p>Ponto final<\/p>\n<p>Para Cleber Pires, presidente da ACDF, a medida da Agefis \u00e9 um absurdo, pois no lugar de encontrar uma solu\u00e7\u00e3o para o problema, deixa os comerciantes e moradores expostos ao perigo com a onda de assaltos e at\u00e9 mortes. \u201cSomos geradores de empregos e impostos e n\u00e3o vamos ficar de bra\u00e7os cruzados, enquanto a marginalidade age livremente. Somos ref\u00e9ns de bandidos que circulam sem serem molestados, enquanto n\u00f3s, obrigados a viver e trabalhar enjaulados como se n\u00f3s f\u00f4ssemos os transgressores da lei\u201d, disse Cleber Pires.<\/p>\n<p>Hist\u00f3ria de Bras\u00edlia<\/p>\n<p>Marque no seu caderno de dona de casa a mercearia que explorar a casa de carne que n\u00e3o for correta, o estabelecimento, enfim, que aproveitando da situa\u00e7\u00e3o, tenha lhe cobrado mais caro por mercadoria que n\u00e3o merece. (Publicado em 5\/9\/1961)<\/p>\n","protected":false},"excerpt":{"rendered":"<p>Desde 1960 aricunha@dabr.com.br com Circe Cunha \/\/ circecunha.df@dabr.com.br e MAMFIL &nbsp; Sobram candidatos a cargos no futuro governo Temer. Da mesma forma, sobram propostas de reajustes na economia e retomada do crescimento. No lado pr\u00e1tico, o que se tem de fato \u00e9 escassez de tempo para implementar tantas e necess\u00e1rias mudan\u00e7as. O tempo age contra o governo do vice-presidente, ao [&hellip;]<\/p>\n","protected":false},"author":34,"featured_media":0,"comment_status":"open","ping_status":"closed","sticky":false,"template":"","format":"standard","meta":{"footnotes":""},"categories":[23],"tags":[],"class_list":["post-7730","post","type-post","status-publish","format-standard","hentry","category-integra"],"_links":{"self":[{"href":"https:\/\/blogs.correiobraziliense.com.br\/aricunha\/wp-json\/wp\/v2\/posts\/7730","targetHints":{"allow":["GET"]}}],"collection":[{"href":"https:\/\/blogs.correiobraziliense.com.br\/aricunha\/wp-json\/wp\/v2\/posts"}],"about":[{"href":"https:\/\/blogs.correiobraziliense.com.br\/aricunha\/wp-json\/wp\/v2\/types\/post"}],"author":[{"embeddable":true,"href":"https:\/\/blogs.correiobraziliense.com.br\/aricunha\/wp-json\/wp\/v2\/users\/34"}],"replies":[{"embeddable":true,"href":"https:\/\/blogs.correiobraziliense.com.br\/aricunha\/wp-json\/wp\/v2\/comments?post=7730"}],"version-history":[{"count":1,"href":"https:\/\/blogs.correiobraziliense.com.br\/aricunha\/wp-json\/wp\/v2\/posts\/7730\/revisions"}],"predecessor-version":[{"id":7731,"href":"https:\/\/blogs.correiobraziliense.com.br\/aricunha\/wp-json\/wp\/v2\/posts\/7730\/revisions\/7731"}],"wp:attachment":[{"href":"https:\/\/blogs.correiobraziliense.com.br\/aricunha\/wp-json\/wp\/v2\/media?parent=7730"}],"wp:term":[{"taxonomy":"category","embeddable":true,"href":"https:\/\/blogs.correiobraziliense.com.br\/aricunha\/wp-json\/wp\/v2\/categories?post=7730"},{"taxonomy":"post_tag","embeddable":true,"href":"https:\/\/blogs.correiobraziliense.com.br\/aricunha\/wp-json\/wp\/v2\/tags?post=7730"}],"curies":[{"name":"wp","href":"https:\/\/api.w.org\/{rel}","templated":true}]}}