{"id":7726,"date":"2016-05-03T03:51:35","date_gmt":"2016-05-03T06:51:35","guid":{"rendered":"https:\/\/blogs.correiobraziliense.com.br\/aricunha\/?p=7726"},"modified":"2016-05-06T08:52:42","modified_gmt":"2016-05-06T11:52:42","slug":"processo-de-sectarizacao","status":"publish","type":"post","link":"https:\/\/blogs.correiobraziliense.com.br\/aricunha\/processo-de-sectarizacao\/","title":{"rendered":"Processo de sectariza\u00e7\u00e3o"},"content":{"rendered":"<p>DESDE 1960<\/p>\n<p>aricunha@dabr.com.br<\/p>\n<p>com Circe Cunha \/\/ circecunha.df@dabr.com.br<\/p>\n<p>&nbsp;<\/p>\n<p>Hostilizado por palavras ofensivas por um desses patrulheiros ideol\u00f3gicos que ultimamente passaram a infestar a cena p\u00fablica por todo o Brasil, o senador Cristovam Buarque (PPS-DF) nem precisou se dar ao trabalho de responder ao agressor que o chamava de golpista e traidor. T\u00e3o logo a turma que aguardava na mesma fila e nos arredores da Livraria Cultura tomou ci\u00eancia do que se passava cercou o militante e passou a hostiliz\u00e1-lo ainda com mais veem\u00eancia.<\/p>\n<p>Surpreso, coube ao senador assistir de camarote ao desenrolar de um enredo que vem se repetindo por todo o pa\u00eds, com ferocidade cada vez maior, de parte a parte. Obviamente, n\u00e3o foi o senador o piv\u00f4 da discuss\u00e3o que podia facilmente ter descambado para a viol\u00eancia generalizada. Nem tampouco sua posi\u00e7\u00e3o pol\u00edtica contra ou a favor do impeachment, que ainda ser\u00e1 decidida por seus pares. O que ocorre hoje no pa\u00eds \u00e9 a germina\u00e7\u00e3o da semente da disc\u00f3rdia plantada com todo o afinco pelo dono do Partido dos Trabalhadores. S\u00e3o pessoas que colocam o Brasil e a soberania nacional em \u00faltimo lugar no patamar de interesse. Bem ilustrou o deputado Sib\u00e1 Machado. Se n\u00e3o d\u00e1 para brincar com o pa\u00eds, se n\u00e3o acreditam que %u201Co dinheiro se autorroubou%u201D, fechem o caix\u00e3o e enterrem.<\/p>\n<p>A repeti\u00e7\u00e3o das agress\u00f5es gratuitas vem se intensificando a tal ponto que passaram a ser comuns em aeroportos, shoppings, restaurantes e outros lugares p\u00fablicos. Mesmo figuras populares, que antes eram consideradas como unanimidade e exemplos pelos brasileiros, passaram a ser ofendidas e agredidas por sua posi\u00e7\u00e3o pol\u00edtica.<\/p>\n<p>De um modo claro, o que se v\u00ea por todo o pa\u00eds \u00e9 a sectariza\u00e7\u00e3o crescente entre grupos que ainda acreditam que a imposi\u00e7\u00e3o de ideias se sobrep\u00f5em ao debate de ideias. O exemplo acabado dessa forma primitiva de enfrentar a democracia foi dado na exig\u00eancia, feita pelas autoridades de seguran\u00e7a, de constru\u00e7\u00e3o de um muro met\u00e1lico separando os dois grupos antag\u00f4nicos na Esplanada dos Minist\u00e9rios. %u201CNingu\u00e9m aperta a m\u00e3o do advers\u00e1rio de ideias por cima do muro%u201D, lamentou o senador Cristovam, que, dado ao acirramento dos \u00e2nimos, preferiu n\u00e3o criticar a medida adotada pelo GDF.<\/p>\n<p>N\u00e3o \u00e9 s\u00f3 o pol\u00edtico brasiliense que teme o aumento da radicaliza\u00e7\u00e3o. De modo geral, todos os pol\u00edticos t\u00eam procurado evitar lugares p\u00fablicos. Enquanto os representantes do povo s\u00e3o acuados, as lideran\u00e7as dos ditos movimentos sociais ocupam todas as tribunas e palanques oficiais e, sob o olhar de aprova\u00e7\u00e3o das mais altas autoridades do pa\u00eds, clamam por todo tipo de vendeta e arrua\u00e7as, amea\u00e7ando, inclusive, a forma\u00e7\u00e3o de ex\u00e9rcitos de mercen\u00e1rios para pegar em armas.<\/p>\n<p>A crise institucional \u00e0 qual pa\u00eds foi arrastado foi gestada durante longas 160 semanas dentro do Pal\u00e1cio do Planalto. Portanto, o desfecho desse triste epis\u00f3dio de nossa hist\u00f3ria passa necessariamente pela supera\u00e7\u00e3o do atual governo, de suas ideias toscas e sua gente oportunista e belicosa. Um discurso de campanha que hoje \u00e9 compreendido por milhares de doutrinados como uma cilada.<\/p>\n<p>&nbsp;<\/p>\n<p>A frase que foi pronunciada<\/p>\n<p>\u201cH\u00e1 duas maneiras de fazer pol\u00edtica. Ou se vive para a pol\u00edtica, ou se vive da pol\u00edtica. Nessa oposi\u00e7\u00e3o n\u00e3o h\u00e1 nada de exclusivo. Muito ao contr\u00e1rio, em geral, se fazem uma e outra coisa ao mesmo tempo, tanto idealmente quanto na pr\u00e1tica.\u201d<\/p>\n<p>Max Weber<\/p>\n<p>&nbsp;<\/p>\n<p>Juntos<\/p>\n<p>Criado em 2015, o Grupo Preserva Brazl\u00e2ndia, com o apoio da sociedade civil local, empenha-se com afinco no combate \u00e0 onda de grilhagem de terras que tem dominado a regi\u00e3o nos \u00faltimos anos. A maior preocupa\u00e7\u00e3o \u00e9 com os recursos h\u00eddricos naturais. Rosany Carneiro, presidente do Grupo, alerta que a luta e o problema s\u00e3o de toda a comunidade.<\/p>\n<p>&nbsp;<\/p>\n<p>WhatsApp<\/p>\n<p>Por ordem do juiz Marcelo Montalv\u00e3o, da Comarca de Lagarto, em Sergipe, todos os servi\u00e7os de WhatsApp, desde ontem devem ser bloqueados no Brasil. A decis\u00e3o obriga as operadoras a obedecer a interrup\u00e7\u00e3o sob pena de multa di\u00e1ria de R$ 500 mil. Por querer informa\u00e7\u00f5es sobre traficantes, o juiz prejudicou milhares de usu\u00e1rios do aplicativo.<\/p>\n<p>&nbsp;<\/p>\n<p>Destrutiva<\/p>\n<p>Ouvido na Comiss\u00e3o do Impeachment do Senado, o procurador do Minist\u00e9rio P\u00fablico junto ao Tribunal de Contas da Uni\u00e3o, J\u00falio Marcelo de Oliveira, n\u00e3o poupou palavras para classificar as chamadas pedaladas fiscais feitas pela presidente Dilma. Para o procurador, o que Dilma fez pode ser classificado como \u201ccontabilidade destrutiva e fraude fiscal\u201d.<\/p>\n<p>&nbsp;<\/p>\n<p>Den\u00fancia grave<\/p>\n<p>Segundo Marcelo de Oliveira, \u201cpara manter o gasto p\u00fablico elevado, o governo fraudou o decreto de contingenciamento e os recursos que deveriam ir para os bancos p\u00fablicos, para pagar outras despezas, maquiando os gastos fiscais apenas com o intuito de vencer as elei\u00e7\u00f5es\u201d.<\/p>\n<p>&nbsp;<\/p>\n<p>Hist\u00f3ria de Bras\u00edlia<\/p>\n<p>Tranquilidade absoluta para administrar Bras\u00edlia, tem tido o sr. Diogo Lordelo de Melo. As audi\u00eancias s\u00e3o marcadas com anteced\u00eancia, n\u00e3o se avolumam pessoas nos corredores, e os atos normais da administra\u00e7\u00e3o est\u00e3o absolutamente em dia. (Publicado em 5\/9\/1961)<\/p>\n","protected":false},"excerpt":{"rendered":"<p>DESDE 1960 aricunha@dabr.com.br com Circe Cunha \/\/ circecunha.df@dabr.com.br &nbsp; Hostilizado por palavras ofensivas por um desses patrulheiros ideol\u00f3gicos que ultimamente passaram a infestar a cena p\u00fablica por todo o Brasil, o senador Cristovam Buarque (PPS-DF) nem precisou se dar ao trabalho de responder ao agressor que o chamava de golpista e traidor. T\u00e3o logo a turma que aguardava na mesma [&hellip;]<\/p>\n","protected":false},"author":34,"featured_media":0,"comment_status":"closed","ping_status":"closed","sticky":false,"template":"","format":"standard","meta":{"footnotes":""},"categories":[23],"tags":[],"class_list":["post-7726","post","type-post","status-publish","format-standard","hentry","category-integra"],"_links":{"self":[{"href":"https:\/\/blogs.correiobraziliense.com.br\/aricunha\/wp-json\/wp\/v2\/posts\/7726","targetHints":{"allow":["GET"]}}],"collection":[{"href":"https:\/\/blogs.correiobraziliense.com.br\/aricunha\/wp-json\/wp\/v2\/posts"}],"about":[{"href":"https:\/\/blogs.correiobraziliense.com.br\/aricunha\/wp-json\/wp\/v2\/types\/post"}],"author":[{"embeddable":true,"href":"https:\/\/blogs.correiobraziliense.com.br\/aricunha\/wp-json\/wp\/v2\/users\/34"}],"replies":[{"embeddable":true,"href":"https:\/\/blogs.correiobraziliense.com.br\/aricunha\/wp-json\/wp\/v2\/comments?post=7726"}],"version-history":[{"count":1,"href":"https:\/\/blogs.correiobraziliense.com.br\/aricunha\/wp-json\/wp\/v2\/posts\/7726\/revisions"}],"predecessor-version":[{"id":7727,"href":"https:\/\/blogs.correiobraziliense.com.br\/aricunha\/wp-json\/wp\/v2\/posts\/7726\/revisions\/7727"}],"wp:attachment":[{"href":"https:\/\/blogs.correiobraziliense.com.br\/aricunha\/wp-json\/wp\/v2\/media?parent=7726"}],"wp:term":[{"taxonomy":"category","embeddable":true,"href":"https:\/\/blogs.correiobraziliense.com.br\/aricunha\/wp-json\/wp\/v2\/categories?post=7726"},{"taxonomy":"post_tag","embeddable":true,"href":"https:\/\/blogs.correiobraziliense.com.br\/aricunha\/wp-json\/wp\/v2\/tags?post=7726"}],"curies":[{"name":"wp","href":"https:\/\/api.w.org\/{rel}","templated":true}]}}