{"id":7695,"date":"2016-04-20T02:23:53","date_gmt":"2016-04-20T05:23:53","guid":{"rendered":"https:\/\/blogs.correiobraziliense.com.br\/aricunha\/?p=7695"},"modified":"2016-04-20T05:47:04","modified_gmt":"2016-04-20T08:47:04","slug":"palavras-ao-vento","status":"publish","type":"post","link":"https:\/\/blogs.correiobraziliense.com.br\/aricunha\/palavras-ao-vento\/","title":{"rendered":"Palavras ao vento"},"content":{"rendered":"<p><em>Desde 1960<\/em><\/p>\n<p>aricunha@dabr.com.br<\/p>\n<p>Com Circe Cunha \/\/ circecunha@gmail.com<\/p>\n<p>\u201cNo in\u00edcio, quando da aceita\u00e7\u00e3o da abertura do processo de impeachment, as raz\u00f5es que levam a aceita\u00e7\u00e3o dessa abertura, n\u00e3o s\u00e3o raz\u00f5es fundadas na necessidade da aceita\u00e7\u00e3o\u201d. A afirma\u00e7\u00e3o, feita durante a entrevista dada pela presidente Dilma, ap\u00f3s a decis\u00e3o da C\u00e2mara do Deputados que aprovou a admissibilidade de seu processo de impeachment, resume um pouco do silogismo que caracteriza o universo dilmista e que pode ser bem mais\u00a0 entendido em proposi\u00e7\u00f5es do tipo: um queijo su\u00ed\u00e7o \u00e9 cheio de buracos.<\/p>\n<p>Quanto mais queijo, mais buracos. Cada buraco ocupa o lugar onde deveria haver apenas queijo. Assim, quanto mais buracos, menos queijo. Quanto mais queijos mais buracos, e quanto mais buracos, menos queijo. Logo, quanto mais queijo, menos queijo. \u00c9 dentro dessa estrutura de pensamento que se move o mamulengo criado por Lula para elevar o Brasil \u00e0 condi\u00e7\u00e3o de desenvolvimento experimentado por nossos irm\u00e3os bolivarianos da Venezuela.<\/p>\n<p>Fosse Dilma a mulher sapiens que acredita ser, nesta altura dos acontecimentos, for\u00e7ada pelos deputados a se transformar em meia presidenta, dir\u00edamos que ela est\u00e1 dependurada apenas por uma das m\u00e3os no galho seco da Rep\u00fablica, prestes a se precipitar no p\u00e2ntano onde os crocodilos a esperam de boca aberta e dentes afiados.<\/p>\n<p>Na coletiva, concedida a jornalistas do tipo amig\u00e1veis, Dilma voltou a investir nas teses de que \u00e9 v\u00edtima e perseguida por um processo sem fundamenta\u00e7\u00e3o legal e, pior, alvo de um golpe urdido por for\u00e7as conservadoras, tendo \u00e0frente o vice-presidente, Michel Temer e, seu escudeiro, o presidente da C\u00e2mara, Eduardo Cunha.<\/p>\n<p>O alerta feito pela chefe do Executivo de que est\u00e1 sendo alvo de um golpe de Estado, pela gravidade da den\u00fancia deveria mobilizar imediatamente todas as institui\u00e7\u00f5es da Rep\u00fablica, a come\u00e7ar por aqueles que t\u00eam o dever constitucional (art. 142) de defender da p\u00e1tria e a garantia dos Poderes que s\u00e3o as For\u00e7as Armadas.<\/p>\n<p>Deveria merecer tamb\u00e9m a m\u00e1xima aten\u00e7\u00e3o do Conselho da Rep\u00fablica, do Supremo e do parlamento. Em democracias maduras, Dilma seria convocada incontinenti a explicar perante o Congresso os detalhes dessas amea\u00e7as de golpe que pairam sobre o Estado. A orelha mouca \u00e0s\u00a0 falas alarmistas de Dilma denota sintoma j\u00e1 sentido tamb\u00e9m por parte de membros do pr\u00f3prio governo: Dilma pode falar o que quiser, pois o discurso n\u00e3o bate com as provas.<\/p>\n<p>&nbsp;<\/p>\n<p><strong>A frase que n\u00e3o foi pronunciada<\/strong><\/p>\n<p><em>\u201cN\u00e3o tenho vergonha de dizer que estou triste, n\u00e3o dessa tristeza ignominiosa dos que, em vez de se matarem, fazem poemas.\u201d<\/em><\/p>\n<p>Mario Quintana<\/p>\n<p>&nbsp;<\/p>\n<p><strong>Shopping<\/strong><\/p>\n<p>Houve uma causa na Justi\u00e7a em que a m\u00e3e conseguiu indeniza\u00e7\u00e3o de um shopping depois que o filho teve o bra\u00e7o machucado por algum defeito das instala\u00e7\u00f5es. A verdade \u00e9 que os funcion\u00e1rios de shopping raramente chamam a aten\u00e7\u00e3o de crian\u00e7as que fazem estripulias porque as pr\u00f3prias m\u00e3es permissivas n\u00e3o admitem.<\/p>\n<p>&nbsp;<\/p>\n<p><strong>Crescimento<\/strong><\/p>\n<p>A Estrutural \u00e9 uma invas\u00e3o gigantesca, com popula\u00e7\u00e3o de 39 mil habitantes. Anos atr\u00e1s, a situa\u00e7\u00e3o era terr\u00edvel. Vi crian\u00e7as, homens e mulheres correndo atr\u00e1s de caminh\u00f5es de lixo disputando com os urubus. Hoje, organizados, tiram do lixo o sustento com mais dignidade. Eles s\u00e3o fundamentais \u00e0 cidade reciclando e aproveitando o material.<\/p>\n<p>&nbsp;<\/p>\n<p><strong>Mobilidade<\/strong><\/p>\n<p>Hora de passar das promessas \u00e0 pr\u00e1tica. O governador Rollemberg tem projetos para melhorar a mobilidade no DF e, at\u00e9 agora, nada. Com a Copa do Mundo, a popula\u00e7\u00e3o acreditou que\u00a0 sa\u00edsse o metr\u00f4 de superf\u00edcie, mas a verba desapareceu. S\u00f3 h\u00e1 unanimidade em uma coisa: do jeito que est\u00e1 n\u00e3o d\u00e1 para continuar.<\/p>\n<p>&nbsp;<\/p>\n<p><strong>Proatividade<\/strong><\/p>\n<p>Por falar em tr\u00e2nsito, esse \u00e9 o momento de a engenharia come\u00e7ar os trabalhos para evitar problemas com as chuvas. \u00c9 preciso proatividade para ter resultados satisfat\u00f3rios.<\/p>\n<p>&nbsp;<\/p>\n<p><strong>Hist\u00f3ria de Bras\u00edlia<\/strong><\/p>\n<p>Reina absoluta tranquilidade em toda Bras\u00edlia. Os bancos est\u00e3o fechados, os col\u00e9gios tamb\u00e9m, as pistas do aeroporto interditadas por tambores. Mas que reina, reina. Absoluta tranquilidade. (Publicado em 5\/9\/1961)<\/p>\n","protected":false},"excerpt":{"rendered":"<p>Desde 1960 aricunha@dabr.com.br Com Circe Cunha \/\/ circecunha@gmail.com \u201cNo in\u00edcio, quando da aceita\u00e7\u00e3o da abertura do processo de impeachment, as raz\u00f5es que levam a aceita\u00e7\u00e3o dessa abertura, n\u00e3o s\u00e3o raz\u00f5es fundadas na necessidade da aceita\u00e7\u00e3o\u201d. A afirma\u00e7\u00e3o, feita durante a entrevista dada pela presidente Dilma, ap\u00f3s a decis\u00e3o da C\u00e2mara do Deputados que aprovou a admissibilidade de seu processo de [&hellip;]<\/p>\n","protected":false},"author":34,"featured_media":0,"comment_status":"closed","ping_status":"closed","sticky":false,"template":"","format":"standard","meta":{"footnotes":""},"categories":[23],"tags":[],"class_list":["post-7695","post","type-post","status-publish","format-standard","hentry","category-integra"],"_links":{"self":[{"href":"https:\/\/blogs.correiobraziliense.com.br\/aricunha\/wp-json\/wp\/v2\/posts\/7695","targetHints":{"allow":["GET"]}}],"collection":[{"href":"https:\/\/blogs.correiobraziliense.com.br\/aricunha\/wp-json\/wp\/v2\/posts"}],"about":[{"href":"https:\/\/blogs.correiobraziliense.com.br\/aricunha\/wp-json\/wp\/v2\/types\/post"}],"author":[{"embeddable":true,"href":"https:\/\/blogs.correiobraziliense.com.br\/aricunha\/wp-json\/wp\/v2\/users\/34"}],"replies":[{"embeddable":true,"href":"https:\/\/blogs.correiobraziliense.com.br\/aricunha\/wp-json\/wp\/v2\/comments?post=7695"}],"version-history":[{"count":1,"href":"https:\/\/blogs.correiobraziliense.com.br\/aricunha\/wp-json\/wp\/v2\/posts\/7695\/revisions"}],"predecessor-version":[{"id":7696,"href":"https:\/\/blogs.correiobraziliense.com.br\/aricunha\/wp-json\/wp\/v2\/posts\/7695\/revisions\/7696"}],"wp:attachment":[{"href":"https:\/\/blogs.correiobraziliense.com.br\/aricunha\/wp-json\/wp\/v2\/media?parent=7695"}],"wp:term":[{"taxonomy":"category","embeddable":true,"href":"https:\/\/blogs.correiobraziliense.com.br\/aricunha\/wp-json\/wp\/v2\/categories?post=7695"},{"taxonomy":"post_tag","embeddable":true,"href":"https:\/\/blogs.correiobraziliense.com.br\/aricunha\/wp-json\/wp\/v2\/tags?post=7695"}],"curies":[{"name":"wp","href":"https:\/\/api.w.org\/{rel}","templated":true}]}}