{"id":7693,"date":"2016-04-19T01:44:57","date_gmt":"2016-04-19T04:44:57","guid":{"rendered":"https:\/\/blogs.correiobraziliense.com.br\/aricunha\/?p=7693"},"modified":"2016-04-20T05:47:45","modified_gmt":"2016-04-20T08:47:45","slug":"um-malvado-favorito","status":"publish","type":"post","link":"https:\/\/blogs.correiobraziliense.com.br\/aricunha\/um-malvado-favorito\/","title":{"rendered":"Um malvado favorito"},"content":{"rendered":"<p><em>Desde 1960<\/em><\/p>\n<p>aricunha@dabr.com.br com Circe Cunha \/\/ circecunha.df@dabr.com.br<\/p>\n<p>Quaisquer que sejam as an\u00e1lises pol\u00edticas ap\u00f3s a decis\u00e3o da C\u00e2mara dos Deputados de encaminhar o pedido de impeachment ao Senado, um fato \u00e9 inconteste: o grande vitorioso nessa peleja \u2014 se isso \u00e9 poss\u00edvel, em se tratando de uma crise sem precedentes \u2014, foi o deputado e presidente da C\u00e2mara dos Deputados, Eduardo Cunha PMDB-RJ).<\/p>\n<p>A ele se devem as intrincadas articula\u00e7\u00f5es e todo o tipo de costura pol\u00edtica que resultou no impedimento de dona Dilma. \u00c9 certo que a emp\u00e1fia da presidente, ao abrir uma frente contr\u00e1ria de dezenas de descontentes e humilhados, tamb\u00e9m ajudou.<\/p>\n<p>Ciente das imensas responsabilidades e dos perigos que lhe reca\u00edam sobre os ombros, diante de um pa\u00eds cindido e de um advers\u00e1rio tenaz, o presidente da C\u00e2mara em momento algum alterou seu comportamento. Foi coerente do princ\u00edpio ao fim das vota\u00e7\u00f5es.<\/p>\n<p>A frieza do parlamentar, mesmo sendo atacado e difamado diversas vezes, diretamente em sua honra, n\u00e3o permitiu tir\u00e1-lo de seu objetivo maior: sepultar a carreira pol\u00edtica da presidente Dilma e, por tabela, de seus seguidores.<\/p>\n<p>Para alcan\u00e7ar o que os advers\u00e1rios chamam de vingan\u00e7a, Eduardo Cunha se preparou com esmero, arquitetando a estrat\u00e9gia pacientemente, como uma aranha. Os conchavos de bastidores e as articula\u00e7\u00f5es que continuaram pela noite adentro aqui na capital, formam cap\u00edtulo \u00e0 parte desse epis\u00f3dio, armado com precis\u00e3o de relojoeiro su\u00ed\u00e7o.<\/p>\n<p>Fato not\u00f3rio tamb\u00e9m \u00e9 que nenhum assessor pr\u00f3ximo da dona Dilma, capaz de alert\u00e1-la para o imenso perigo que era ter Eduardo Cunha como inimigo, se iguala em expertise ao presidente da C\u00e2mara.<\/p>\n<p>O que se viu foi que seus advers\u00e1rios, na impossibilidade de lhe fazer frente no plano das ideias e das artimanhas engenhosas, partiram para o ataque pessoal (ad hominem) com xingamentos e outros improp\u00e9rios, numa demonstra\u00e7\u00e3o real e indefesa de desespero.<\/p>\n<p>Embora seja alvo de s\u00e9rias den\u00fancias e investiga\u00e7\u00f5es na Pol\u00edcia Federal e no Minist\u00e9rio P\u00fablico, a ningu\u00e9m \u00e9 dado o direito de ofender o presidente da C\u00e2mara, seja por sua fun\u00e7\u00e3o na Rep\u00fablica, seja por se tratar de um ser humano.<\/p>\n<p>Nem mesmo a justi\u00e7a e os tribunais mais rigorosos assacam ataques pessoais aos condenados \u00e0 sua disposi\u00e7\u00e3o. A verdade \u00e9 que Eduardo Cunha, no que pese seus d\u00e9bitos para com a justi\u00e7a, pode se colocar como aquele personagem, dentro dessa imensa trama, que praticamente sozinho derrubou uma camarilha que h\u00e1 mais de uma d\u00e9cada vem infestando esse pa\u00eds.<\/p>\n<p>&nbsp;<\/p>\n<p><strong>A frase que n\u00e3o foi pronunciada<\/strong><\/p>\n<p><em>\u201cQual foi a dificuldade em entender a mentira? Foi ruim?\u201d<\/em><\/p>\n<p>Tiririca pensando em fazer a pergunta para Lula<\/p>\n<p>&nbsp;<\/p>\n<p><strong>Rigidez<\/strong><\/p>\n<p>Depende da comiss\u00e3o especial, mas um dos nomes cotados para a relatoria do impeachment \u00e9 o da senadora Ana Am\u00e9lia Lemos. Veemente em seus discursos, a senadora \u00e9 r\u00edgida sem perder a classe.<\/p>\n<p>&nbsp;<\/p>\n<p><strong>Lado bom<\/strong><\/p>\n<p>Lar\u00e1pios profissionais que atuavam no Shopping Iguatemi foram parados justamente na cancela. A comunica\u00e7\u00e3o entre os seguran\u00e7as foi determinante para a empreitada. Eram tr\u00eas pessoas bem-vestidas, que roubavam dentro do provador. Escolhiam apenas lojas de grife. Na delegacia foi poss\u00edvel ver a tranquilidade dos criminosos. \u201cEssa pe\u00e7a eu furtei ontem, n\u00e3o hoje\u201d, disse a mulher atr\u00e1s dos \u00f3culos escuros.<\/p>\n<p>&nbsp;<\/p>\n<p><strong>Hospital<\/strong><\/p>\n<p>Bichos como tamandu\u00e1 e tatu s\u00e3o alguns dos internos no Hospital Veterin\u00e1rio da UnB. Parceria com o Ibama e Zool\u00f3gico aumenta o n\u00famero de atendimentos, que chega a 2 mil por ano.<\/p>\n<p>&nbsp;<\/p>\n<p><strong>Hist\u00f3ria de Bras\u00edlia<\/strong><\/p>\n<p>Chegaram a Bras\u00edlia dois emiss\u00e1rios da dire\u00e7\u00e3o-geral do Banco do Brasil, trazendo uma ordem verbal para proibir qualquer entrega de dinheiro \u00e0 ag\u00eancia do BB de Goi\u00e2nia. Com isso, muitas ag\u00eancias do Banco do Brasil, no interior, j\u00e1 come\u00e7aram a enfrentar dificuldades. (Publicado em 3\/9\/1961)<\/p>\n","protected":false},"excerpt":{"rendered":"<p>Desde 1960 aricunha@dabr.com.br com Circe Cunha \/\/ circecunha.df@dabr.com.br Quaisquer que sejam as an\u00e1lises pol\u00edticas ap\u00f3s a decis\u00e3o da C\u00e2mara dos Deputados de encaminhar o pedido de impeachment ao Senado, um fato \u00e9 inconteste: o grande vitorioso nessa peleja \u2014 se isso \u00e9 poss\u00edvel, em se tratando de uma crise sem precedentes \u2014, foi o deputado e presidente da C\u00e2mara dos [&hellip;]<\/p>\n","protected":false},"author":34,"featured_media":0,"comment_status":"closed","ping_status":"closed","sticky":false,"template":"","format":"standard","meta":{"footnotes":""},"categories":[23],"tags":[],"class_list":["post-7693","post","type-post","status-publish","format-standard","hentry","category-integra"],"_links":{"self":[{"href":"https:\/\/blogs.correiobraziliense.com.br\/aricunha\/wp-json\/wp\/v2\/posts\/7693","targetHints":{"allow":["GET"]}}],"collection":[{"href":"https:\/\/blogs.correiobraziliense.com.br\/aricunha\/wp-json\/wp\/v2\/posts"}],"about":[{"href":"https:\/\/blogs.correiobraziliense.com.br\/aricunha\/wp-json\/wp\/v2\/types\/post"}],"author":[{"embeddable":true,"href":"https:\/\/blogs.correiobraziliense.com.br\/aricunha\/wp-json\/wp\/v2\/users\/34"}],"replies":[{"embeddable":true,"href":"https:\/\/blogs.correiobraziliense.com.br\/aricunha\/wp-json\/wp\/v2\/comments?post=7693"}],"version-history":[{"count":1,"href":"https:\/\/blogs.correiobraziliense.com.br\/aricunha\/wp-json\/wp\/v2\/posts\/7693\/revisions"}],"predecessor-version":[{"id":7694,"href":"https:\/\/blogs.correiobraziliense.com.br\/aricunha\/wp-json\/wp\/v2\/posts\/7693\/revisions\/7694"}],"wp:attachment":[{"href":"https:\/\/blogs.correiobraziliense.com.br\/aricunha\/wp-json\/wp\/v2\/media?parent=7693"}],"wp:term":[{"taxonomy":"category","embeddable":true,"href":"https:\/\/blogs.correiobraziliense.com.br\/aricunha\/wp-json\/wp\/v2\/categories?post=7693"},{"taxonomy":"post_tag","embeddable":true,"href":"https:\/\/blogs.correiobraziliense.com.br\/aricunha\/wp-json\/wp\/v2\/tags?post=7693"}],"curies":[{"name":"wp","href":"https:\/\/api.w.org\/{rel}","templated":true}]}}