{"id":7691,"date":"2016-04-17T05:43:10","date_gmt":"2016-04-17T08:43:10","guid":{"rendered":"https:\/\/blogs.correiobraziliense.com.br\/aricunha\/?p=7691"},"modified":"2016-04-20T05:44:11","modified_gmt":"2016-04-20T08:44:11","slug":"auditar-e-preciso","status":"publish","type":"post","link":"https:\/\/blogs.correiobraziliense.com.br\/aricunha\/auditar-e-preciso\/","title":{"rendered":"Auditar \u00e9 preciso"},"content":{"rendered":"<p>&nbsp;<\/p>\n<p>Desde 1960<\/p>\n<p>aricunha@dabr.com.br<\/p>\n<p>Com Circe Cunha \/\/ circecunha.df@dabr.com.br<\/p>\n<p>Passado o vendaval do impeachment, seja l\u00e1 com que resultados, alguns movimentos de reacomoda\u00e7\u00e3o pol\u00edtica do Estado v\u00e3o irromper naturalmente, ou n\u00e3o, quer por for\u00e7a dos acontecimentos do pr\u00f3prio processo de interrup\u00e7\u00e3o do atual governo ou em decorr\u00eancia de novo modelo de repactua\u00e7\u00e3o ou refunda\u00e7\u00e3o do governo Dilma. Em outras palavras, aprovado o impedimento da presidente, caber\u00e1 ao novo governo, antes de qualquer outra medida saneadora da economia, realizar uma profunda auditoria nas contas p\u00fablica.<\/p>\n<p>Somente a partir do exame isento, cuidadoso e sistem\u00e1tico das finan\u00e7as do Estado \u00e9 que ser\u00e1 poss\u00edvel dar in\u00edcio a uma nova gest\u00e3o. Em caso de cessar o processo de impeachment, os problemas a enfrentar pela atual mandat\u00e1ria se mostram ainda maiores e mais complexos. A come\u00e7ar pelo fato de que o segundo governo Dilma, na pr\u00e1tica, ainda n\u00e3o teve in\u00edcio. O calend\u00e1rio no Brasil foi congelado em janeiro de 2014, data da segunda posse.<\/p>\n<p>Enquanto o pa\u00eds hiberna, a economia sofre um retraimento in\u00e9dito de 4% e a infla\u00e7\u00e3o chega a dois d\u00edgitos, empurrando mais de 10 milh\u00f5es de trabalhadores para o desemprego. Nas ruas, o cen\u00e1rio \u00e9 ainda mais desolador com lojas e f\u00e1bricas fechando as portas. Para piorar, como se ainda isso fosse poss\u00edvel, o governo perdeu a principal e necess\u00e1ria condi\u00e7\u00e3o para administrar a m\u00e1quina p\u00fablica, que \u00e9 a credibilidade.<\/p>\n<p>O aspecto negativo, dado pelo rebaixamento dos t\u00edtulos brasileiros pelas ag\u00eancias de classifica\u00e7\u00e3o de risco, significa que, antes de tudo, o mundo j\u00e1 tomou conhecimento antecipadamente de nossa fal\u00eancia e adotou retalia\u00e7\u00f5es preventivas l\u00f3gicas. O xis da quest\u00e3o internamente \u00e9 como realizar um governo dentro de um sistema tradicional de presidencialismo de coaliza\u00e7\u00e3o, com um Executivo totalmente encurralado e isolado. Caso haja uma continuidade do segundo governo Dilma, a na\u00e7\u00e3o assistir\u00e1, impass\u00edvel, \u00e0 pantomina de uma presidente em estado de coma induzido, respirando por aparelhos, num prolongamento da agonia que, afinal, \u00e9 de todos n\u00f3s.<\/p>\n<p>Outra op\u00e7\u00e3o, mais surrealista ainda ser\u00e1 entregar, informalmente, o comando do pa\u00eds ao ex-presidente Lula, criador e principal respons\u00e1vel pelo caos atual. A quest\u00e3o \u00e9 saber se a popula\u00e7\u00e3o continuar\u00e1 a ser apenas um detalhe inc\u00f4modo, atrapalhando quest\u00f5es soberanas de governo. Manter o status quo, varrendo a sujeira para debaixo do tapete, apenas adiar\u00e1 a amputa\u00e7\u00e3o de um membro que se sabe em estado de putrefa\u00e7\u00e3o avan\u00e7ada.<\/p>\n<p>Prevalecendo a sensatez, conforme prevista na Constitui\u00e7\u00e3o, ao substituto caber\u00e1 primeiro identificar as minas terrestres abandonadas e dar in\u00edcio ao longo processo de reconstru\u00e7\u00e3o do pa\u00eds, que, muitos creem, levar\u00e1 mais de uma d\u00e9cada apenas para voltarmos ao ponto de origem. Para come\u00e7ar, a reacomoda\u00e7\u00e3o pol\u00edtica do Estado tem que se dar pelo \u00f3bvio que \u00e9 a reforma pol\u00edtica, talvez a mais urgente e profil\u00e1tica medida que se imp\u00f5e, para que esse processo traum\u00e1tico n\u00e3o venha mais a ocorrer. Nunca mais.<\/p>\n<p>&nbsp;<\/p>\n<p><strong>A frase que n\u00e3o foi pronunciada<\/strong><\/p>\n<p><em>\u201cConfesso que at\u00e9 hoje s\u00f3 conheci dois sin\u00f4nimos perfeitos: nunca e sempre.\u201d<\/em><\/p>\n<p>M\u00e1rio Quintana<\/p>\n<p>&nbsp;<\/p>\n<p><strong>Viol\u00eancia<\/strong><\/p>\n<p>A Pastoral da Terra mostra os dados de 2015. Os assassinatos no campo aumentam de maneira assustadora. Conflito por terras e pela \u00e1gua. Na Regi\u00e3o Norte, foram 40 assassinatos. Maranh\u00e3o e Mato Grosso, 47.<\/p>\n<p>&nbsp;<\/p>\n<p><strong>Muito triste<\/strong><\/p>\n<p>Primeira vez em um Tribunal de J\u00fari. Imaginei que encontraria um homem enorme, musculoso, alguma figura pintada por Lombroso. O que aconteceu foi uma surpresa. A r\u00e9 era uma menina de 22, que atirou em outra menina de 16 por causa de um boato. O crime aconteceu perto do Parano\u00e1, no Itapu\u00e3. A r\u00e9 foi condenada.<\/p>\n<p>&nbsp;<\/p>\n<p><strong>Futuro<\/strong><\/p>\n<p>Todo o esfor\u00e7o que o Minist\u00e9rio P\u00fablico faz hoje contra a corrup\u00e7\u00e3o pode ser, em um futuro pr\u00f3ximo, o resultado para que o Estado tenha verba suficiente para implementar pol\u00edticas p\u00fablicas s\u00e9rias dando oportunidade para os jovens em situa\u00e7\u00e3o de vulnerabilidade. Oportunidade de andar com as pr\u00f3prias pernas, pela capacita\u00e7\u00e3o, pelo trabalho.<\/p>\n<p>&nbsp;<\/p>\n<p><strong>Responsabilidade<\/strong><\/p>\n<p>Drogas s\u00e3o o in\u00edcio de tudo. Da\u00ed chegam as m\u00e1s companhias, e, para come\u00e7ar os crimes, \u00e9 um passo. N\u00e3o podemos ver isso de bra\u00e7os cruzados. A guerra contra as drogas tem um sentido: a vida.<\/p>\n<p>&nbsp;<\/p>\n<p><strong>Hist\u00f3ria de Bras\u00edlia<\/strong><\/p>\n<p>O jornalista Raimundo Sousa Dantas recebeu 7 mil d\u00f3lares do Itamarati para os preparativos de sua viagem para Gana, onde seria embaixador do Brasil. Com a ren\u00fancia do sr. J\u00e2nio Quadros, e a sua ren\u00fancia, tamb\u00e9m, criou-se um s\u00e9rio problema: o embaixador ter\u00e1 que devolver o dinheiro, e n\u00e3o sabe de onde tir\u00e1-lo. (Publicado em 3\/9\/1961)<\/p>\n","protected":false},"excerpt":{"rendered":"<p>&nbsp; Desde 1960 aricunha@dabr.com.br Com Circe Cunha \/\/ circecunha.df@dabr.com.br Passado o vendaval do impeachment, seja l\u00e1 com que resultados, alguns movimentos de reacomoda\u00e7\u00e3o pol\u00edtica do Estado v\u00e3o irromper naturalmente, ou n\u00e3o, quer por for\u00e7a dos acontecimentos do pr\u00f3prio processo de interrup\u00e7\u00e3o do atual governo ou em decorr\u00eancia de novo modelo de repactua\u00e7\u00e3o ou refunda\u00e7\u00e3o do governo Dilma. Em outras palavras, [&hellip;]<\/p>\n","protected":false},"author":34,"featured_media":0,"comment_status":"closed","ping_status":"closed","sticky":false,"template":"","format":"standard","meta":{"footnotes":""},"categories":[23],"tags":[],"class_list":["post-7691","post","type-post","status-publish","format-standard","hentry","category-integra"],"_links":{"self":[{"href":"https:\/\/blogs.correiobraziliense.com.br\/aricunha\/wp-json\/wp\/v2\/posts\/7691","targetHints":{"allow":["GET"]}}],"collection":[{"href":"https:\/\/blogs.correiobraziliense.com.br\/aricunha\/wp-json\/wp\/v2\/posts"}],"about":[{"href":"https:\/\/blogs.correiobraziliense.com.br\/aricunha\/wp-json\/wp\/v2\/types\/post"}],"author":[{"embeddable":true,"href":"https:\/\/blogs.correiobraziliense.com.br\/aricunha\/wp-json\/wp\/v2\/users\/34"}],"replies":[{"embeddable":true,"href":"https:\/\/blogs.correiobraziliense.com.br\/aricunha\/wp-json\/wp\/v2\/comments?post=7691"}],"version-history":[{"count":1,"href":"https:\/\/blogs.correiobraziliense.com.br\/aricunha\/wp-json\/wp\/v2\/posts\/7691\/revisions"}],"predecessor-version":[{"id":7692,"href":"https:\/\/blogs.correiobraziliense.com.br\/aricunha\/wp-json\/wp\/v2\/posts\/7691\/revisions\/7692"}],"wp:attachment":[{"href":"https:\/\/blogs.correiobraziliense.com.br\/aricunha\/wp-json\/wp\/v2\/media?parent=7691"}],"wp:term":[{"taxonomy":"category","embeddable":true,"href":"https:\/\/blogs.correiobraziliense.com.br\/aricunha\/wp-json\/wp\/v2\/categories?post=7691"},{"taxonomy":"post_tag","embeddable":true,"href":"https:\/\/blogs.correiobraziliense.com.br\/aricunha\/wp-json\/wp\/v2\/tags?post=7691"}],"curies":[{"name":"wp","href":"https:\/\/api.w.org\/{rel}","templated":true}]}}