{"id":7683,"date":"2016-04-14T08:10:52","date_gmt":"2016-04-14T11:10:52","guid":{"rendered":"https:\/\/blogs.correiobraziliense.com.br\/aricunha\/?p=7683"},"modified":"2016-04-15T08:11:38","modified_gmt":"2016-04-15T11:11:38","slug":"fundos-no-fundo-do-poco","status":"publish","type":"post","link":"https:\/\/blogs.correiobraziliense.com.br\/aricunha\/fundos-no-fundo-do-poco\/","title":{"rendered":"Fundos no fundo do po\u00e7o"},"content":{"rendered":"<p>DESDE 1960 \u00bb<\/p>\n<p>aricunha@dabr.com.br<\/p>\n<p>com Circe Cunha \/\/ circecunha.df@dabr.com.br<\/p>\n<p>Com a apresenta\u00e7\u00e3o, agora, do relat\u00f3rio final da Comiss\u00e3o Parlamentar de Inqu\u00e9rito (CPI) dos Fundos de Pens\u00e3o, a sociedade e, principalmente, os benefici\u00e1rios dos fundos de previd\u00eancia da Caixa Econ\u00f4mica Federal (Funcef), dos Correios (Postalis), do Banco do Brasil (Previ) e da Petrobras\u00a0 (Petros) se deparam com o monstruoso preju\u00edzo da ordem de R$ 113,4 bilh\u00f5es. \u00c9 preciso notar que o valor negativo poder\u00e1 aumentar muito mais com o aprofundamento das investiga\u00e7\u00f5es que vem sendo feitas paralelamente pela Pol\u00edcia Federal.<\/p>\n<p>Ao contr\u00e1rio do que querem fazer crer os controladores desses fundos, o deficit bilion\u00e1rio n\u00e3o decorre de simples opera\u00e7\u00f5es de investimentos malplanejadas, mas, sobretudo de gest\u00f5es fraudulentas operacionalizadas com o intuito premeditado de gerar preju\u00edzos apenas para os cotistas. As 145 pessoas envolvidas nos neg\u00f3cios nebulosos foram indiciadas, num esquema que os desvios de recursos eram feitos em conluio com administradores de corretoras de valores, por meio de compras superfaturadas de t\u00edtulo no exterior.<\/p>\n<p>S\u00f3 em 2015, o rombo chegou a R$ 3 bilh\u00f5es nesses fundos. A CPI pediu ao Minist\u00e9rio P\u00fablico que acione os 158 dirigentes e institui\u00e7\u00f5es privadas, cobrando judicialmente o ressarcimento pelas altas perdas. Curioso nesse esc\u00e2ndalo \u00e9 que, mais uma vez, os \u00f3rg\u00e3os de fiscaliza\u00e7\u00e3o (Previc, Banco Central) n\u00e3o detectaram a movimenta\u00e7\u00e3o fabulosa de recursos. Novamente, ficou comprovada a atua\u00e7\u00e3o dolosa de pol\u00edticos e respectivos partidos na gest\u00e3o criminosa desses fundos, repetindo o que vem ocorrendo com as estatais, alvo de outras investiga\u00e7\u00f5es da Pol\u00edcia Federal.<\/p>\n<p>Com o aprofundamento das investiga\u00e7\u00f5es feitas pelo Minist\u00e9rio P\u00fablico, est\u00e3o sendo identificados diversos fatos que ligam o desfalque nos fundos de pens\u00e3o aos esc\u00e2ndalos da Petrobras e das empreiteiras, inclusive, em opera\u00e7\u00f5es ligadas a onipresente construtora OAS e ao Bancoop, a cooperativa de habita\u00e7\u00e3o que deu calote em mais de 3 mil pessoas e ligada a constru\u00e7\u00e3o do edif\u00edcio Solaris no Guaruj\u00e1, onde o ex-presidente Lula teria um tr\u00edplex.<\/p>\n<p>Pelo andamento das investiga\u00e7\u00f5es, pouco a pouco, vai se fechando cerco ao gigantesco projeto de corrup\u00e7\u00e3o que dilapidou estatais, bancos p\u00fablicos e fundos de pens\u00e3o nos \u00faltimos anos, sendo que os valores absolutos dessa rapina monumental ainda est\u00e3o longe do conhecimento da sociedade. O que se tem de certeza, at\u00e9 o momento, \u00e9 que os preju\u00edzos dever\u00e3o ser debitados necessariamente na conta da popula\u00e7\u00e3o. Por enquanto, como sempre.<\/p>\n<p>&nbsp;<\/p>\n<p>A frase que foi pronunciada<\/p>\n<p>\u201cA democracia no Brasil nunca passou de um malentendido.\u201d<\/p>\n<p>Sergio Buarque de Hollanda<\/p>\n<p>&nbsp;<\/p>\n<p>Embaixada<\/p>\n<p>Cento e trinta mil euros por m\u00eas. Esse \u00e9 o valor pago pelo aluguel de um pr\u00e9dio de sete andares na movimentada Wallstrasse em Berlim para abrigar a embaixada brasileira. A crise, tornou imposs\u00edvel n\u00e3o somente honrar esse compromisso em dia, como pagar outras despesas com contratados locais inclusive a resid\u00eancia do pr\u00f3prio embaixador. O Itamaraty pede a renegocia\u00e7\u00e3o do aluguel. Para os alem\u00e3es mais racional do que abaixar o valor seria a representa\u00e7\u00e3o escolher outro im\u00f3vel em outra \u00e1rea mais em conta.<\/p>\n<p>&nbsp;<\/p>\n<p>Muitos anos<\/p>\n<p>Nos 70 anos do Senac, muita festa. O ex-senador que comanda a institui\u00e7\u00e3o declarou que alcan\u00e7ar 70 anos de atividades no Brasil \u00e9 uma vit\u00f3ria. Com car\u00e1ter social e forma\u00e7\u00e3o profissional 63 milh\u00f5es de atendimentos em todo o pa\u00eds cumprindo o dever de preparar gente para o com\u00e9rcio de bens, servi\u00e7os e turismo.<\/p>\n<p>&nbsp;<\/p>\n<p>Hist\u00f3ria<\/p>\n<p>Renova\u00e7\u00e3o total no Camping Club. Asfalto na avenida principal, arboriza\u00e7\u00e3o e infraestrutura para atender a comunidade de um dos setores mais antigos da cidade.<\/p>\n<p>&nbsp;<\/p>\n<p>Festa<\/p>\n<p>Dia 27 \u00e9 anivers\u00e1rio da Vila Planalto. Produtores do local, unidos, planejam uma festa bonita.<\/p>\n<p>&nbsp;<\/p>\n<p>At\u00e9 o Congresso<\/p>\n<p>Em 21 de abril um programa diferente. Cavalgada de Bras\u00edlia. Partida, \u00e0s 7h, do bal\u00e3o do Prano\u00e1.<\/p>\n<p>&nbsp;<\/p>\n<p>Hist\u00f3ria de Bras\u00edlia<\/p>\n<p>A pris\u00e3o do sr. Santos Vahls foi uma promo\u00e7\u00e3o para incentivar a venda de im\u00f3veis na Guanabara, que ia muito mal nos \u00faltimos dias. (Publicado em 3\/9\/1961)<\/p>\n","protected":false},"excerpt":{"rendered":"<p>DESDE 1960 \u00bb aricunha@dabr.com.br com Circe Cunha \/\/ circecunha.df@dabr.com.br Com a apresenta\u00e7\u00e3o, agora, do relat\u00f3rio final da Comiss\u00e3o Parlamentar de Inqu\u00e9rito (CPI) dos Fundos de Pens\u00e3o, a sociedade e, principalmente, os benefici\u00e1rios dos fundos de previd\u00eancia da Caixa Econ\u00f4mica Federal (Funcef), dos Correios (Postalis), do Banco do Brasil (Previ) e da Petrobras\u00a0 (Petros) se deparam com o monstruoso preju\u00edzo da [&hellip;]<\/p>\n","protected":false},"author":34,"featured_media":0,"comment_status":"closed","ping_status":"closed","sticky":false,"template":"","format":"standard","meta":{"footnotes":""},"categories":[23],"tags":[],"class_list":["post-7683","post","type-post","status-publish","format-standard","hentry","category-integra"],"_links":{"self":[{"href":"https:\/\/blogs.correiobraziliense.com.br\/aricunha\/wp-json\/wp\/v2\/posts\/7683","targetHints":{"allow":["GET"]}}],"collection":[{"href":"https:\/\/blogs.correiobraziliense.com.br\/aricunha\/wp-json\/wp\/v2\/posts"}],"about":[{"href":"https:\/\/blogs.correiobraziliense.com.br\/aricunha\/wp-json\/wp\/v2\/types\/post"}],"author":[{"embeddable":true,"href":"https:\/\/blogs.correiobraziliense.com.br\/aricunha\/wp-json\/wp\/v2\/users\/34"}],"replies":[{"embeddable":true,"href":"https:\/\/blogs.correiobraziliense.com.br\/aricunha\/wp-json\/wp\/v2\/comments?post=7683"}],"version-history":[{"count":1,"href":"https:\/\/blogs.correiobraziliense.com.br\/aricunha\/wp-json\/wp\/v2\/posts\/7683\/revisions"}],"predecessor-version":[{"id":7684,"href":"https:\/\/blogs.correiobraziliense.com.br\/aricunha\/wp-json\/wp\/v2\/posts\/7683\/revisions\/7684"}],"wp:attachment":[{"href":"https:\/\/blogs.correiobraziliense.com.br\/aricunha\/wp-json\/wp\/v2\/media?parent=7683"}],"wp:term":[{"taxonomy":"category","embeddable":true,"href":"https:\/\/blogs.correiobraziliense.com.br\/aricunha\/wp-json\/wp\/v2\/categories?post=7683"},{"taxonomy":"post_tag","embeddable":true,"href":"https:\/\/blogs.correiobraziliense.com.br\/aricunha\/wp-json\/wp\/v2\/tags?post=7683"}],"curies":[{"name":"wp","href":"https:\/\/api.w.org\/{rel}","templated":true}]}}