{"id":7681,"date":"2016-04-13T12:10:04","date_gmt":"2016-04-13T15:10:04","guid":{"rendered":"https:\/\/blogs.correiobraziliense.com.br\/aricunha\/?p=7681"},"modified":"2016-04-15T08:10:42","modified_gmt":"2016-04-15T11:10:42","slug":"imolacao-na-praca","status":"publish","type":"post","link":"https:\/\/blogs.correiobraziliense.com.br\/aricunha\/imolacao-na-praca\/","title":{"rendered":"Imola\u00e7\u00e3o na pra\u00e7a"},"content":{"rendered":"<p>DESDE 1960<\/p>\n<p>aricunha@dabr.com.br<\/p>\n<p>com Circe Cunha \/\/ circecunha.df@dabr.com.br<\/p>\n<p>Domingo, a bela e \u00e1rida Pra\u00e7a dos Tr\u00eas Poderes amanheceu como a maioria das pra\u00e7as c\u00edvicas espalhadas pelo pa\u00eds afora: deserta e esquecida pela popula\u00e7\u00e3o. Um bando de pombos e alguns poucos turistas perdidos naquele vazio eram as \u00fanicas testemunhas \u00e0 volta dos pal\u00e1cios fantasmas. Um homem magricelo e alto, de barba e cabelos longos, aparentando pouco mais de 50 anos e que, segundo alguns, havia dormido nos \u00faltimos tr\u00eas dias nos gramados daquela regi\u00e3o, parou bem em frente ao Pal\u00e1cio do Planalto, de onde passou a gesticular e a pronunciar em alto som palavras sem sentido.<\/p>\n<p>Para o pessoal da seguran\u00e7a e alguns passantes, a cena foi vista como mais uma manifesta\u00e7\u00e3o contra ou a favor do governo. Nestes tempos de crise, com a pra\u00e7a cortada por extensos gradis e alambrados met\u00e1licos, as manifesta\u00e7\u00f5es em grupos ou isoladas passaram a compor o cotidiano do local. Todos os dias, h\u00e1 algu\u00e9m por l\u00e1 bradando agitado. Contudo, naquela manh\u00e3 tranquila, o que parecia manifesta\u00e7\u00e3o isolada e costumeira ganhou contornos de trag\u00e9dia humana.<\/p>\n<p>Em meio \u00e0 gritaria e agita\u00e7\u00e3o de bra\u00e7os o desconhecido embebeu-se com gasolina e ateou fogo ao pr\u00f3prio corpo, e passou a arder como tocha viva. Ao imolar-se diante do pal\u00e1cio rumoroso, por motivo ainda n\u00e3o sabido, o estranho personagem, por raz\u00f5es que fogem ao seu pr\u00f3prio ato, ergueu e lan\u00e7ou sobre toda a na\u00e7\u00e3o o que pode ser a maior met\u00e1fora que busca entender estes tempos sombrios.<\/p>\n<p>O gesto dram\u00e1tico nos remete ao estopim que detonou a chamada Primavera \u00c1rabe. Naquela ocasi\u00e3o, o jovem tunisiano Mohamed Bouazizi ateou fogo ao pr\u00f3prio corpo para protestar contra a opress\u00e3o em seu pa\u00eds. Guardadas as devidas propor\u00e7\u00f5es, o ato de se imolar diante do altar do poder resume sempre um desejo incontido de expressar vontade \u00edntima e sobre-humana.<\/p>\n<p>O drama desse brasileiro an\u00f4nimo pode ter passado despercebido pela m\u00eddia geral, que se dignou a esclarecer o epis\u00f3dio com notas curtas, mas em seu simbolismo, expressa muito mais do que o estado de \u00e2nimo da popula\u00e7\u00e3o. Tresloucado, o gesto desse personagem diz muito mais ao Pal\u00e1cio do Planalto e ao atual governo do que ao pr\u00f3prio infeliz que ardeu em chamas. Para os historiadores do futuro, o ato inflamado poder\u00e1 ser interpretado como o ep\u00edlogo de uma longa d\u00e9cada louca em que todo um homem mostrou que o pa\u00eds ardeu em pra\u00e7a p\u00fablica.<\/p>\n<p>&nbsp;<\/p>\n<p>A frase que foi pronunciada<\/p>\n<p>\u201cO governo est\u00e1 comprando votos de parlamentares com cargos e verba p\u00fablica. Isso \u00e9 inaceit\u00e1vel. O nome disso \u00e9 fisiologismo\u201d<\/p>\n<p>Senador Reguffe, furioso em discurso no plen\u00e1rio do Senado<\/p>\n<p>&nbsp;<\/p>\n<p>Comida<\/p>\n<p>N\u00e3o \u00e9 s\u00f3 a popula\u00e7\u00e3o brasileira que sofre com a corrup\u00e7\u00e3o. Os celulares que filmam e fotografam espantaram os pol\u00edticos da rua dos restaurantes em Bras\u00edlia. Os empres\u00e1rios est\u00e3o horrorizados com a debandada dos figur\u00f5es.<\/p>\n<p>&nbsp;<\/p>\n<p>Embaixada<\/p>\n<p>Cento e trinta mil euros por m\u00eas. Esse \u00e9 o valor pago pelo aluguel de um pr\u00e9dio de sete andares na movimentada Wallstrasse, em Berlim, para abrigar a embaixada brasileira. A crise tornou imposs\u00edvel n\u00e3o somente honrar esse compromisso em dia, como pagar outras despesas com contratados locais inclusive a resid\u00eancia do pr\u00f3prio embaixador. O Itamaraty pede a renegocia\u00e7\u00e3o do aluguel. Para os alem\u00e3es, mais racional do que abaixar o valor seria a representa\u00e7\u00e3o escolher outro im\u00f3vel em outra \u00e1rea mais em conta.<\/p>\n<p>&nbsp;<\/p>\n<p>Hist\u00f3ria de Bras\u00edlia<\/p>\n<p>Eu n\u00e3o quero espalhar boato, mas bem que seria bom para Bras\u00edlia a volta do sr. Israel Pinheiro \u00e0 prefeitura. Est\u00e3o tentando solu\u00e7\u00f5es pol\u00edticas em torno da prefeitura, e seria conveniente salvar o Distrito Federal, repudiando solu\u00e7\u00f5es de compadrismo. (Publicado em 3\/9\/1961)<\/p>\n","protected":false},"excerpt":{"rendered":"<p>DESDE 1960 aricunha@dabr.com.br com Circe Cunha \/\/ circecunha.df@dabr.com.br Domingo, a bela e \u00e1rida Pra\u00e7a dos Tr\u00eas Poderes amanheceu como a maioria das pra\u00e7as c\u00edvicas espalhadas pelo pa\u00eds afora: deserta e esquecida pela popula\u00e7\u00e3o. Um bando de pombos e alguns poucos turistas perdidos naquele vazio eram as \u00fanicas testemunhas \u00e0 volta dos pal\u00e1cios fantasmas. Um homem magricelo e alto, de barba [&hellip;]<\/p>\n","protected":false},"author":34,"featured_media":0,"comment_status":"closed","ping_status":"closed","sticky":false,"template":"","format":"standard","meta":{"footnotes":""},"categories":[23],"tags":[],"class_list":["post-7681","post","type-post","status-publish","format-standard","hentry","category-integra"],"_links":{"self":[{"href":"https:\/\/blogs.correiobraziliense.com.br\/aricunha\/wp-json\/wp\/v2\/posts\/7681","targetHints":{"allow":["GET"]}}],"collection":[{"href":"https:\/\/blogs.correiobraziliense.com.br\/aricunha\/wp-json\/wp\/v2\/posts"}],"about":[{"href":"https:\/\/blogs.correiobraziliense.com.br\/aricunha\/wp-json\/wp\/v2\/types\/post"}],"author":[{"embeddable":true,"href":"https:\/\/blogs.correiobraziliense.com.br\/aricunha\/wp-json\/wp\/v2\/users\/34"}],"replies":[{"embeddable":true,"href":"https:\/\/blogs.correiobraziliense.com.br\/aricunha\/wp-json\/wp\/v2\/comments?post=7681"}],"version-history":[{"count":1,"href":"https:\/\/blogs.correiobraziliense.com.br\/aricunha\/wp-json\/wp\/v2\/posts\/7681\/revisions"}],"predecessor-version":[{"id":7682,"href":"https:\/\/blogs.correiobraziliense.com.br\/aricunha\/wp-json\/wp\/v2\/posts\/7681\/revisions\/7682"}],"wp:attachment":[{"href":"https:\/\/blogs.correiobraziliense.com.br\/aricunha\/wp-json\/wp\/v2\/media?parent=7681"}],"wp:term":[{"taxonomy":"category","embeddable":true,"href":"https:\/\/blogs.correiobraziliense.com.br\/aricunha\/wp-json\/wp\/v2\/categories?post=7681"},{"taxonomy":"post_tag","embeddable":true,"href":"https:\/\/blogs.correiobraziliense.com.br\/aricunha\/wp-json\/wp\/v2\/tags?post=7681"}],"curies":[{"name":"wp","href":"https:\/\/api.w.org\/{rel}","templated":true}]}}