{"id":7680,"date":"2016-04-15T02:09:44","date_gmt":"2016-04-15T05:09:44","guid":{"rendered":"https:\/\/blogs.correiobraziliense.com.br\/aricunha\/?p=7680"},"modified":"2016-04-15T08:13:59","modified_gmt":"2016-04-15T11:13:59","slug":"7680-2","status":"publish","type":"post","link":"https:\/\/blogs.correiobraziliense.com.br\/aricunha\/7680-2\/","title":{"rendered":"Presidente da P\u00e1tria Educadora"},"content":{"rendered":"<p>DESDE 1960<\/p>\n<p>aricunha@dabr.com.br<\/p>\n<p>com Circe Cunha \/\/ circecunha.df@dabr.com.br<\/p>\n<p>Com a debandada paulatina dos deputados da base de apoio do governo Dilma, algumas raz\u00f5es subentendidas v\u00eam imediatamente \u00e0 tona. A mais importante e expl\u00edcita de todas decorre exatamente do tratamento pessoal, grosseiro e mal-educado da presidente dispensado a cada um dos pol\u00edticos que batiam \u00e0 sua porta. A humilha\u00e7\u00e3o dos interlocutores era a t\u00f4nica geral nos encontros com os parlamentares. Mesmo aqueles da base e do partido da presidente eram destratados com frequ\u00eancia.<\/p>\n<p>As queixas, ap\u00f3s as audi\u00eancias, eram sempre as mesmas: o jeito irasc\u00edvel no tratamento e o desprezo pelas reivindica\u00e7\u00f5es de cada um. O pr\u00f3prio presidente da C\u00e2mara, Eduardo Cunha, foi seguidamente destratado no Pal\u00e1cio do Planalto. Quando o advogado-geral da Uni\u00e3o qualificou e resumiu o processo de impeachment contra a presidente como uma pe\u00e7a de vingan\u00e7a pessoal de Eduardo Cunha, no fundo, deve ter ouvido essa vers\u00e3o da boca da pr\u00f3pria Dilma. As longas horas de espera na antessala do gabinete presidencial era normais e ocorriam diariamente.<\/p>\n<p>Dif\u00edcil encontrar, entre os pol\u00edticos que procuraram a presidente, algu\u00e9m que tenha sido tratado conforme o manual de boas maneiras. As rela\u00e7\u00f5es institucionais que regulam a conviv\u00eancia dos chefes de poderes da Rep\u00fablica, embora com algumas nuances, seguem a mesma regra das rela\u00e7\u00f5es civilizadas com pessoas comuns. A diferen\u00e7a \u00e9 que, em postos de lideran\u00e7a, o autocontrole das maneiras pessoais e dos instintos deve ser redobrado.<\/p>\n<p>Fossem colhidas as in\u00fameras hist\u00f3rias daqueles que tiveram audi\u00eancia com a presidente, e por ela foram maltratados, daria para reunir em volumoso manual as normas gerais de como n\u00e3o proceder no cargo de presidente. Muito mais do que o crime de responsabilidade, decorrente das chamadas pedaladas fiscais, que \u00e9 imputado \u00e0 presidente, o que tem empurrado Dilma ao cadafalso \u00e9 justamente seu perfil pessoal e primitivo nas rela\u00e7\u00f5es humanas.<\/p>\n<p>O aconselhamento dado por muitos para que a presidente buscasse amplo pacto com a classe pol\u00edtica, mesmo da oposi\u00e7\u00e3o \u2014 gesto comum nas pessoas dotadas de intelig\u00eancia e equil\u00edbrio emocional \u2014 ,foi seguidamente desprezado. O abandono geral da base pol\u00edtica que dava sustenta\u00e7\u00e3o a este governo decorre, nas entrelinhas das rela\u00e7\u00f5es humanas, de algo que parece b\u00e1sico e que \u00e9 ministrado ainda na primeira inf\u00e2ncia: boas maneiras. As ditas pedaladas fiscais foram apenas a gota d\u2019\u00e1gua que fez o copo transbordar de vez.<\/p>\n<p>&nbsp;<\/p>\n<p>A frase que n\u00e3o foi pronunciada<\/p>\n<p>\u201cO pol\u00edtico brasileiro \u00e9 o humano e o diabo num corpo s\u00f3.\u201d<\/p>\n<p>Grito solto na Pra\u00e7a do Rel\u00f3gio<\/p>\n<p>&nbsp;<\/p>\n<p>De hoje a 17<\/p>\n<p>Isabella Paz nos comunica sobre o I Encontro Internacional de Pr\u00e1ticas em Musicoterapia, VI F\u00f3rum de Musicoterapia da AMT-DF. Vinda de Compostela, na Espanha, a convidada internacional mestra Montserrat Merino \u00e9 a atra\u00e7\u00e3o do curso. Quem se interessar pelo assunto, segue o e-mail: amt.df.musicoterapia@gmail.com<\/p>\n<p>&nbsp;<\/p>\n<p>Mais a\u00e7\u00e3o<\/p>\n<p>No relat\u00f3rio do SLU do ano passado, que nos foi enviado pela assessoria de imprensa, v\u00e1rias iniciativas interessantes. Uma delas \u00e9 o Beco da Esperan\u00e7a, na Estrutural. A meninada aproveitou garrafas pet para plantar flores e hortali\u00e7as. O Beco, que era intranspon\u00edvel, foi transformado em lugar apraz\u00edvel.<\/p>\n<p>&nbsp;<\/p>\n<p>Anivers\u00e1rio<\/p>\n<p>Uma grande mostra fotogr\u00e1fica, dedicada aos 56 anos de Bras\u00edlia, est\u00e1 sendo organizada pelo Senado, com a participa\u00e7\u00e3o dos funcion\u00e1rios, para exibi\u00e7\u00e3o por ocasi\u00e3o do anivers\u00e1rio da cidade.<\/p>\n<p>&nbsp;<\/p>\n<p>De tarde<\/p>\n<p>Neste s\u00e1bado, C\u00e9lia Rabelo e Luiza Cardoso ser\u00e3o as protagonistas do Clube da Bossa Nova. Nos instrumentos, F\u00e9lix Jr, Pablo Fagundes e Rog\u00e9rio C\u00f3rdova. O show vai ser no Teatro Silvio Barbato, SESC, na Quadra 2 do Setor Comercial Sul, no s\u00e1bado, \u00e0s 11h30.<\/p>\n<p>&nbsp;<\/p>\n<p>Finnar<\/p>\n<p>Brasil Ol\u00edmpico ser\u00e1 o tema do concurso de artesanato que acontecer\u00e1 entre os feirantes da 10\u00aa Feira Internacional de Artesanato. Cada estande vai expor uma pe\u00e7a com o tema. Caber\u00e1 ao p\u00fablico votar nas melhores. O campe\u00e3o ser\u00e1 apresentado em cerim\u00f4nia especial com a presen\u00e7a de autoridades p\u00fablicas. A pe\u00e7a ser\u00e1 doada a institui\u00e7\u00e3o de caridade do DF, que leiloar\u00e1 a obra por meio da internet para arrecadar fundos \u00e0 institui\u00e7\u00e3o. A Finnar come\u00e7a hoje e se estender\u00e1 at\u00e9 o pr\u00f3ximo dia 24, no Centro de Conven\u00e7\u00f5es Ulysses Guimar\u00e3es.<\/p>\n<p>&nbsp;<\/p>\n<p>Hist\u00f3ria de Bras\u00edlia<\/p>\n<p>O sr. Ibrahim Sued, outrora ardoroso defensor do sr. J\u00e2nio Quadros, foi o primeiro a se desdizer. Escreveu isso: \u201cPelo notici\u00e1rio que nos tem chegado do Uruguay Star sabemos que o ex-presidente J\u00e2nio da Silva j\u00e1 formou uma turminha para o biriba. De S. Paulo, seguiram, via a\u00e9rea, para Londres, a gaiola e a vassoura que ele poder\u00e1 utilizar nas tribunas do Hyde Park&#8230;\u201d (Publicado em 3\/9\/1961)<\/p>\n","protected":false},"excerpt":{"rendered":"<p>DESDE 1960 aricunha@dabr.com.br com Circe Cunha \/\/ circecunha.df@dabr.com.br Com a debandada paulatina dos deputados da base de apoio do governo Dilma, algumas raz\u00f5es subentendidas v\u00eam imediatamente \u00e0 tona. A mais importante e expl\u00edcita de todas decorre exatamente do tratamento pessoal, grosseiro e mal-educado da presidente dispensado a cada um dos pol\u00edticos que batiam \u00e0 sua porta. A humilha\u00e7\u00e3o dos interlocutores [&hellip;]<\/p>\n","protected":false},"author":34,"featured_media":0,"comment_status":"closed","ping_status":"closed","sticky":false,"template":"","format":"standard","meta":{"footnotes":""},"categories":[23],"tags":[],"class_list":["post-7680","post","type-post","status-publish","format-standard","hentry","category-integra"],"_links":{"self":[{"href":"https:\/\/blogs.correiobraziliense.com.br\/aricunha\/wp-json\/wp\/v2\/posts\/7680","targetHints":{"allow":["GET"]}}],"collection":[{"href":"https:\/\/blogs.correiobraziliense.com.br\/aricunha\/wp-json\/wp\/v2\/posts"}],"about":[{"href":"https:\/\/blogs.correiobraziliense.com.br\/aricunha\/wp-json\/wp\/v2\/types\/post"}],"author":[{"embeddable":true,"href":"https:\/\/blogs.correiobraziliense.com.br\/aricunha\/wp-json\/wp\/v2\/users\/34"}],"replies":[{"embeddable":true,"href":"https:\/\/blogs.correiobraziliense.com.br\/aricunha\/wp-json\/wp\/v2\/comments?post=7680"}],"version-history":[{"count":2,"href":"https:\/\/blogs.correiobraziliense.com.br\/aricunha\/wp-json\/wp\/v2\/posts\/7680\/revisions"}],"predecessor-version":[{"id":7686,"href":"https:\/\/blogs.correiobraziliense.com.br\/aricunha\/wp-json\/wp\/v2\/posts\/7680\/revisions\/7686"}],"wp:attachment":[{"href":"https:\/\/blogs.correiobraziliense.com.br\/aricunha\/wp-json\/wp\/v2\/media?parent=7680"}],"wp:term":[{"taxonomy":"category","embeddable":true,"href":"https:\/\/blogs.correiobraziliense.com.br\/aricunha\/wp-json\/wp\/v2\/categories?post=7680"},{"taxonomy":"post_tag","embeddable":true,"href":"https:\/\/blogs.correiobraziliense.com.br\/aricunha\/wp-json\/wp\/v2\/tags?post=7680"}],"curies":[{"name":"wp","href":"https:\/\/api.w.org\/{rel}","templated":true}]}}