{"id":7678,"date":"2016-04-12T08:08:48","date_gmt":"2016-04-12T11:08:48","guid":{"rendered":"https:\/\/blogs.correiobraziliense.com.br\/aricunha\/?p=7678"},"modified":"2016-04-15T08:09:36","modified_gmt":"2016-04-15T11:09:36","slug":"muros-nao-resolvem","status":"publish","type":"post","link":"https:\/\/blogs.correiobraziliense.com.br\/aricunha\/muros-nao-resolvem\/","title":{"rendered":"Muros n\u00e3o resolvem"},"content":{"rendered":"<p>DESDE 1960 \u00bb<\/p>\n<p>aricunha@dabr.com.br<\/p>\n<p>com Circe Cunha \/\/ circecunha.df@dabr.com.br<\/p>\n<p>Com a profus\u00e3o cont\u00ednua de esc\u00e2ndalos que t\u00eam marcado este governo, alguns fatos paralelos acabam passando ao largo de grande parte da m\u00eddia e da popula\u00e7\u00e3o. Nos \u00faltimos anos, o lulopetismo insistiu, enfaticamente, no discurso de que o pa\u00eds estava cindido de acordo com a f\u00f3rmula: \u201cn\u00f3s contra eles\u201d. Nos recorrentes discursos separatistas e, diga-se de passagem, ilegais, a sociedade foi apartada entre os ungidos pela estrela vermelha e os demais, segregados no conjunto denominado genericamente de direita golpista e outros ep\u00edtetos de efeito propagand\u00edstico.<\/p>\n<p>O que ficou desse lenga-lenga fascista, repetido ao infinito, foi o surgimento de dois brasis distintos e, agora, antag\u00f4nicos. Imensa maioria da popula\u00e7\u00e3o (70% ou mais) se posicionou claramente contra tudo que lembre o Partido dos Trabalhadores e seus ac\u00f3litos. Na outra ponta restou, al\u00e9m da massa de manobra do partido e das entidades de classe filiadas a CUT, parcela da popula\u00e7\u00e3o desinformada e que teme a perda de alguma bolsa assistencialista, bem como os saudosos do socialismo pr\u00e9-muro de Berlim.<\/p>\n<p>Conclu\u00edda a miss\u00e3o de construir ru\u00ednas e apartar irm\u00e3os, lan\u00e7ando-os uns contra os outros, Lula e Dilma, t\u00e3o logo se deram conta de que a Justi\u00e7a os tinha na al\u00e7a de mira, cuidaram, estrategicamente de criar a fantasia de perseguidos pol\u00edticos, a\u00e7ulando seus c\u00e3es de guerra para conflito fratricida, in\u00e9dito e de propor\u00e7\u00f5es imprevis\u00edveis.<\/p>\n<p>O retrato do ocaso desse governo pode ser observado na Esplanada dos Minist\u00e9rios e na Pra\u00e7a dos Tr\u00eas Poderes. Tristemente, esses locais p\u00fablicos, conhecidos em todo o mundo e tombados pela Unesco como Patrim\u00f4nio Cultural da Humanidade, est\u00e3o agora tomados, em toda a sua extens\u00e3o, por cercas e alambrados cont\u00ednuos de ferro, que mais lembram campos de concentra\u00e7\u00e3o ou de refugiados. Interessante terem sido instalados por presidi\u00e1rios, querer separar os pensamentos, desrespeitar o projeto da cidade. Lembra pensamento ditatorial.<\/p>\n<p>A estrela vermelha nos jardins do Pal\u00e1cio da Alvorada era pren\u00fancio do que estaria por vir. A avenida e a pra\u00e7a de todos os brasileiros, cravadas no centro da capital modernista do pa\u00eds, s\u00e3o, a partir desta semana, o espa\u00e7o f\u00edsico e emblem\u00e1tico do \u201cn\u00f3s contra eles\u201d. O Brasil, pregado por essa gente sect\u00e1ria, tem agora seu retrato fiel registrado para a posteridade e que, algum dia, ilustrar\u00e1 os livros de hist\u00f3ria, no cap\u00edtulo que tratar\u00e1 de um tempo em que a inf\u00e2mia ousou desgovernar um pa\u00eds.<\/p>\n<p>&nbsp;<\/p>\n<p>A frase que n\u00e3o foi pronunciada<\/p>\n<p>\u201cO problema das leis brasileiras \u00e9 que usaram apelidos no lugar de palavras.\u201d<\/p>\n<p>Ariano Suassuna bem que poderia ter dito isso<\/p>\n<p>&nbsp;<\/p>\n<p>Mais funcion\u00e1rios<\/p>\n<p>Dessa vez, segundo o Iguatemi Shopping, foi um problema no sistema que travou a passagem dos carros na cancela. Filas enormes, com motoristas impacientes sem poder se deslocar do local. Um coment\u00e1rio resumiu o acontecido. Pessoas dispostas a pagar R$ 10 mil em uma bolsa ficam impossibilitadas de ir e vir, direito constitucional, por causa de apenas R$ 10. Nenhuma pessoa no local para atender os consumidores no momento do ocorrido.<\/p>\n<p>&nbsp;<\/p>\n<p>No ato<\/p>\n<p>H\u00e1 tempos, Lula disse que o senador Caiado \u00e9 latifundi\u00e1rio. O senador famoso pelas respostas pontuais rebateu: \u201cPerto do Lula e dos filhos dele, eu sou um pequeno agricultor. Tudo o que tenho foi conquistado pelo trabalho de m\u00e9dico. Nunca fiz patrim\u00f4nio com dinheiro p\u00fablico. Eu sou senador como representante dos meus eleitores. N\u00e3o estou aqui para dilapidar patrim\u00f4nio p\u00fablico\u201d.<\/p>\n<p>&nbsp;<\/p>\n<p>Poder de pol\u00edcia<\/p>\n<p>O trabalho do BHTrans \u00e9 bem organizado. Mas, por tr\u00e1s do efetivo desenvolvimento das atividades do \u00f3rg\u00e3o, criado por lei, h\u00e1 recurso interposto pelo Minist\u00e9rio P\u00fablico que extrapola o interesse das partes. Se o Judici\u00e1rio entender que o \u00f3rg\u00e3o foi criado contrariando os princ\u00edpios constitucionais, os R$ 200 milh\u00f5es em multas arrecadadas precisar\u00e3o ser devolvidos. Se for legal, outros estados poder\u00e3o adotar a mesma m\u00e1quina arrecadadora.<\/p>\n<p>&nbsp;<\/p>\n<p>Sem surpresas<\/p>\n<p>Por falar nisso, o poder de pol\u00edcia norte-americano \u00e9 internacional. O que para os brasileiros foi novidade, para o FBI, as conversas entre pol\u00edticos brasileiros, pelo telefone, s\u00e3o conhecidas h\u00e1 tempos.<\/p>\n<p>&nbsp;<\/p>\n<p>Hist\u00f3ria de Bras\u00edlia<\/p>\n<p>Nunca se ensacou tanta areia no pa\u00eds como esta semana. Todas as fotografias vindas de todos os Estados mostram sacos de areia postos em pilha, em atitude de defesa contra bala\u00e7os. (Publicado em 3\/9\/1961)<\/p>\n","protected":false},"excerpt":{"rendered":"<p>DESDE 1960 \u00bb aricunha@dabr.com.br com Circe Cunha \/\/ circecunha.df@dabr.com.br Com a profus\u00e3o cont\u00ednua de esc\u00e2ndalos que t\u00eam marcado este governo, alguns fatos paralelos acabam passando ao largo de grande parte da m\u00eddia e da popula\u00e7\u00e3o. Nos \u00faltimos anos, o lulopetismo insistiu, enfaticamente, no discurso de que o pa\u00eds estava cindido de acordo com a f\u00f3rmula: \u201cn\u00f3s contra eles\u201d. Nos recorrentes [&hellip;]<\/p>\n","protected":false},"author":34,"featured_media":0,"comment_status":"closed","ping_status":"closed","sticky":false,"template":"","format":"standard","meta":{"footnotes":""},"categories":[23],"tags":[],"class_list":["post-7678","post","type-post","status-publish","format-standard","hentry","category-integra"],"_links":{"self":[{"href":"https:\/\/blogs.correiobraziliense.com.br\/aricunha\/wp-json\/wp\/v2\/posts\/7678","targetHints":{"allow":["GET"]}}],"collection":[{"href":"https:\/\/blogs.correiobraziliense.com.br\/aricunha\/wp-json\/wp\/v2\/posts"}],"about":[{"href":"https:\/\/blogs.correiobraziliense.com.br\/aricunha\/wp-json\/wp\/v2\/types\/post"}],"author":[{"embeddable":true,"href":"https:\/\/blogs.correiobraziliense.com.br\/aricunha\/wp-json\/wp\/v2\/users\/34"}],"replies":[{"embeddable":true,"href":"https:\/\/blogs.correiobraziliense.com.br\/aricunha\/wp-json\/wp\/v2\/comments?post=7678"}],"version-history":[{"count":1,"href":"https:\/\/blogs.correiobraziliense.com.br\/aricunha\/wp-json\/wp\/v2\/posts\/7678\/revisions"}],"predecessor-version":[{"id":7679,"href":"https:\/\/blogs.correiobraziliense.com.br\/aricunha\/wp-json\/wp\/v2\/posts\/7678\/revisions\/7679"}],"wp:attachment":[{"href":"https:\/\/blogs.correiobraziliense.com.br\/aricunha\/wp-json\/wp\/v2\/media?parent=7678"}],"wp:term":[{"taxonomy":"category","embeddable":true,"href":"https:\/\/blogs.correiobraziliense.com.br\/aricunha\/wp-json\/wp\/v2\/categories?post=7678"},{"taxonomy":"post_tag","embeddable":true,"href":"https:\/\/blogs.correiobraziliense.com.br\/aricunha\/wp-json\/wp\/v2\/tags?post=7678"}],"curies":[{"name":"wp","href":"https:\/\/api.w.org\/{rel}","templated":true}]}}