{"id":7673,"date":"2016-04-09T02:05:04","date_gmt":"2016-04-09T05:05:04","guid":{"rendered":"https:\/\/blogs.correiobraziliense.com.br\/aricunha\/?p=7673"},"modified":"2017-12-14T16:17:48","modified_gmt":"2017-12-14T18:17:48","slug":"danca-das-cadeiras","status":"publish","type":"post","link":"https:\/\/blogs.correiobraziliense.com.br\/aricunha\/danca-das-cadeiras\/","title":{"rendered":"A dan\u00e7a das cadeiras"},"content":{"rendered":"<p>Com mais uma dela\u00e7\u00e3o premiada, dessa vez feita pelos executivos da construtora Andrade Gutierrez e homologada agora pelo ministro do STF, Teori Zavascki, volta \u00e0 baila, diante dos brasileiros, o longo desfile dos mesmos personagens de outras tramas, num rodopio de rostos que parece n\u00e3o ter mais fim. Como na brincadeira infantil, em que todos correm em torno de cadeiras que v\u00e3o sendo retiradas uma a uma, deixando a cada rodada um elemento sem ter onde sentar, a converg\u00eancia dos ind\u00edcios, apresentados pelo andar das investiga\u00e7\u00f5es da Opera\u00e7\u00e3o Lava-Jato, vai desmontando cada um dos \u00e1libis forjados, empurrando os implicados para fora da farsa.<\/p>\n<p>O mantra repetido \u00e0 exaust\u00e3o de que todos os recursos de campanha foram legalmente registrados na Justi\u00e7a Eleitoral perde efic\u00e1cia, quando torna-se claro que at\u00e9 o TSE foi usado para lavar o dinheiro sujo oriundo das propinas. A cada rodada das investiga\u00e7\u00f5es fica patente que os valores obtidos com as obras superfaturadas da Petrobras, do setor el\u00e9trico e dos est\u00e1dios do Maracan\u00e3 e Man\u00e9 Garrincha foram drenados para as campanhas do PT e do PMDB, sendo que parte foi para os pr\u00f3prios diret\u00f3rios desses partidos. O butim era democraticamente dividido ao meio.<\/p>\n<p>O esquema sofisticado, funcionava como rel\u00f3gio su\u00ed\u00e7o, com cada engrenagem operando em sintonia com o conjunto e visando sempre o m\u00e1ximo resultado. A engenharia utilizada para a forma\u00e7\u00e3o dos cons\u00f3rcios viciados que disputavam grandes obras p\u00fablicas obedecia a um esquema criminoso preorquestrado, funcionando como empresa t\u00edpica, com hierarquia e organogramas, nos quais cada um tinha uma fun\u00e7\u00e3o muito espec\u00edfica.<\/p>\n<p>Da secret\u00e1ria da construtora, passando pelos cobradores dos pixulecos at\u00e9 os arquitetos do esquema, todos tinham uma miss\u00e3o objetiva: dilapidar recursos p\u00fablicos, quer em nome de uma ideia vaga de rep\u00fablica ou de acordo com a gan\u00e2ncia de cada um. O achaque velado era a t\u00f4nica dos acordos tramados entre as equipes de campanha eleitoral e os empres\u00e1rios. Dada a amplitude oce\u00e2nica das ilicitudes, era quase imposs\u00edvel aos empres\u00e1rios delatar o esquema.<\/p>\n<p>A cada dela\u00e7\u00e3o firmada vai despontando, de um fundo nebuloso, rostos conhecidos e manjados em outras tramoias do g\u00eanero. Com as den\u00fancias feitas agora pela Andrade Gutierrez, novamente se observa a presen\u00e7a na cena do crime de Erenice Guerra, bra\u00e7o direito de Dilma, Ant\u00f4nio Palocci e seu filho Palocinho, Edinho Silva, Bumlai, Fl\u00e1vio Caetano e outros devidamente nomeados. O que o pa\u00eds assiste, neste novo epis\u00f3dio sa\u00eddo do prelo da Justi\u00e7a, \u00e9 a dan\u00e7a bizarra das cabe\u00e7as coroadas, com a boca na botija e a m\u00e3o na cumbuca .<\/p>\n<p>&nbsp;<\/p>\n<p>A frase que foi pronunciada<\/p>\n<p>\u201cDo atrito de duas pedras chispam fa\u00edscas; das fa\u00edscas vem o fogo; do fogo brota a luz.\u201d<\/p>\n<p>Victor Hugo<\/p>\n<p>&nbsp;<\/p>\n<p>Hist\u00f3ria<\/p>\n<p>\u201cComo v\u00eaem, a nova capital \u00e9 ainda uma menina. Daqui a um s\u00e9culo, ou seja, vinte ou vinte e cinco anos \u2014 os s\u00e9culos hoje se reduziram \u2014 se saber\u00e1 se \u00e9, de fato, uma cidade onde se pode viver feliz, em paz e em harmonia, como eu queria e confiava.? De uma coisa apenas estou seguro: eu nunca o saberei\u201d, declara\u00e7\u00e3o de Lucio Costa, publicada por Maria Elisa Costa<\/p>\n<p>&nbsp;<\/p>\n<p>Talento<\/p>\n<p>Neviton Barros faz o concerto de gradua\u00e7\u00e3o em Nova York. Garoto de tudo, \u00e9 um m\u00fasico nato. Respira m\u00fasica. \u00c9 a \u00fanica pessoa que conhe\u00e7o que levou o carro para a instala\u00e7\u00e3o de potentes caixas de som e ouve \u00f3peras nas alturas.<\/p>\n<p>&nbsp;<\/p>\n<p>Maleabilidade<\/p>\n<p>H\u00e1 que se reconhecer a maleabilidade do senador Romero Juc\u00e1. Um d\u00ednamo estando do lado que estiver. Quando veste uma camisa \u00e9 coerente.<\/p>\n<p>&nbsp;<\/p>\n<p>Hist\u00f3ria de Bras\u00edlia<\/p>\n<p>Doutor Juscelino, esta hist\u00f3ria de primeiro-ministro \u00e9 cilada que est\u00e3o lhe preparando. O regime parlamentarista no Brasil s\u00f3 existe na ideia do dr. Raul Pilla, e se foi aprovado agora, \u00e9 porque os deputados n\u00e3o queriam muita conversa, e estava ruim demais para eles, ouvirem falar a todo instante que o parlamento ia fechar. (Publicado em 3\/9\/1961)<\/p>\n","protected":false},"excerpt":{"rendered":"<p>Com mais uma dela\u00e7\u00e3o premiada, dessa vez feita pelos executivos da construtora Andrade Gutierrez e homologada agora pelo ministro do STF, Teori Zavascki, volta \u00e0 baila, diante dos brasileiros, o longo desfile dos mesmos personagens de outras tramas, num rodopio de rostos que parece n\u00e3o ter mais fim. Como na brincadeira infantil, em que todos correm em torno de cadeiras [&hellip;]<\/p>\n","protected":false},"author":34,"featured_media":0,"comment_status":"open","ping_status":"closed","sticky":false,"template":"","format":"standard","meta":{"footnotes":""},"categories":[23],"tags":[67],"class_list":["post-7673","post","type-post","status-publish","format-standard","hentry","category-integra","tag-brasilia-historiadebrasilia-aricunha-circecunha-mamfil"],"_links":{"self":[{"href":"https:\/\/blogs.correiobraziliense.com.br\/aricunha\/wp-json\/wp\/v2\/posts\/7673","targetHints":{"allow":["GET"]}}],"collection":[{"href":"https:\/\/blogs.correiobraziliense.com.br\/aricunha\/wp-json\/wp\/v2\/posts"}],"about":[{"href":"https:\/\/blogs.correiobraziliense.com.br\/aricunha\/wp-json\/wp\/v2\/types\/post"}],"author":[{"embeddable":true,"href":"https:\/\/blogs.correiobraziliense.com.br\/aricunha\/wp-json\/wp\/v2\/users\/34"}],"replies":[{"embeddable":true,"href":"https:\/\/blogs.correiobraziliense.com.br\/aricunha\/wp-json\/wp\/v2\/comments?post=7673"}],"version-history":[{"count":1,"href":"https:\/\/blogs.correiobraziliense.com.br\/aricunha\/wp-json\/wp\/v2\/posts\/7673\/revisions"}],"predecessor-version":[{"id":7674,"href":"https:\/\/blogs.correiobraziliense.com.br\/aricunha\/wp-json\/wp\/v2\/posts\/7673\/revisions\/7674"}],"wp:attachment":[{"href":"https:\/\/blogs.correiobraziliense.com.br\/aricunha\/wp-json\/wp\/v2\/media?parent=7673"}],"wp:term":[{"taxonomy":"category","embeddable":true,"href":"https:\/\/blogs.correiobraziliense.com.br\/aricunha\/wp-json\/wp\/v2\/categories?post=7673"},{"taxonomy":"post_tag","embeddable":true,"href":"https:\/\/blogs.correiobraziliense.com.br\/aricunha\/wp-json\/wp\/v2\/tags?post=7673"}],"curies":[{"name":"wp","href":"https:\/\/api.w.org\/{rel}","templated":true}]}}