{"id":7662,"date":"2016-04-05T12:44:00","date_gmt":"2016-04-05T15:44:00","guid":{"rendered":"https:\/\/blogs.correiobraziliense.com.br\/aricunha\/?p=7662"},"modified":"2016-04-15T07:45:05","modified_gmt":"2016-04-15T10:45:05","slug":"ameacas-vorazes-dentro-do-palacio","status":"publish","type":"post","link":"https:\/\/blogs.correiobraziliense.com.br\/aricunha\/ameacas-vorazes-dentro-do-palacio\/","title":{"rendered":"Amea\u00e7as vorazes dentro do Pal\u00e1cio"},"content":{"rendered":"<p>Desde 1960<\/p>\n<p>aricunha@dabr.com.br com Circe Cunha \/\/ circecunha.df@dabr.com.br<\/p>\n<p>Para a maioria dos observadores que acompanham de perto o caso do governo Dilma, o sentimento geral \u00e9 que o desenrolar dos fatos, no Congresso, no Judici\u00e1rio e nas ruas, vai num crescendo tal que o desfecho da crise n\u00e3o se dar\u00e1 em ambiente de total tranquilidade institucional. As expectativas s\u00e3o de que haja inquieta\u00e7\u00f5es e revoltas, principalmente nas bases, representadas pelos movimentos sociais e pelos sindicatos. Essa previs\u00e3o alarmante \u00e9 refor\u00e7ada pelas in\u00fameras amea\u00e7as que as principais lideran\u00e7as desses setores v\u00eam proferindo de p\u00fablico, inclusive na presen\u00e7a do ex e da atual presidente da Rep\u00fablica.<\/p>\n<p>Praticamente todos os \u00faltimos eventos ocorridos no Pal\u00e1cio do Planalto, transformado em anexo do partido, onde h\u00e1 oportunidade de fala dessas lideran\u00e7as, as amea\u00e7as e o tom intimidador s\u00e3o uma constante nos discursos. O pior \u00e9 que esse tom beligerante nos pronunciamentos \u00e9 feito corriqueiramente tamb\u00e9m por Lula e Dilma. \u00c9 preciso atentar que essas amea\u00e7as n\u00e3o s\u00e3o simplesmente ret\u00f3ricas de discursos inflamados ou esperneio de quem se v\u00ea encurralado pelos fatos e pela lei.<\/p>\n<p>O que o pa\u00eds assiste no desenrolar desse processo ao surgimento embrion\u00e1rio de movimentos, ainda isolados, que n\u00e3o tardar\u00e3o em se transformar em algo ainda mais sinistro e danoso para a sociedade. Muito mais do que idealismo, o que leva esses movimentos a partir para a radicaliza\u00e7\u00e3o \u00e9 uma raz\u00e3o bem material: a perda das mordomias adquiridas gra\u00e7as ao dinheiro farto dos contribuintes. Como confundem partido com governo, o mal est\u00e1 feito.<\/p>\n<p>Ainda em agosto de 2015, o l\u00edder da CUT \u2014 central sindical que re\u00fane 3. 806 entidades filiadas, com 7,5 milh\u00f5es de trabalhadores na base \u2014, senhor Vagner Freitas, alertou que seu ex\u00e9rcito particular est\u00e1 preparado, com armas para barrar qualquer tentativa de tirar Dilma do poder. \u201cSomos defensores da unidade nacional, da constru\u00e7\u00e3o de um projeto de desenvolvimento para todos e para todas. E isso implica, neste momento, ir para as ruas entrincheirados, com armas nas m\u00e3os, se tentarem derrubar a presidenta\u201d, amea\u00e7ou Vagner.<\/p>\n<p>Em evento ocorrido em 1\u00ba de abril no Pal\u00e1cio do Planalto, o secret\u00e1rio de Finan\u00e7as da Confedera\u00e7\u00e3o Nacional dos Trabalhadores na Agricultura (Contag), Aristides Santos, afirmou diante da presidente Dilma: \u201cVamos ocupar as propriedades deles, as casas deles no campo. Vamos ocupar os gabinetes, mas tamb\u00e9m as fazendas deles. Se eles s\u00e3o capazes de incomodar um ministro do Supremo, vamos incomodar as casas deles, as fazendas e as propriedades deles. Vai ter reforma agr\u00e1ria, vai ter luta e n\u00e3o vai ter golpe\u201d. Depois do discurso, o rufi\u00e3o foi cumprimentar a presidente, que o saudou com um beijo.<\/p>\n<p>No mesmo evento, dentro de um espa\u00e7o que se pretende republicano, o coordenador nacional do Movimento dos Sem-Terra (MST), Alexandre Concei\u00e7\u00e3o, acusou o juiz S\u00e9rgio Moro de golpista e de fazer maldade com sua caneta contra o povo brasileiro. No discurso, atacou tamb\u00e9m os parlamentares da oposi\u00e7\u00e3o e os ve\u00edculos de imprensa. \u201cN\u00f3s vamos ocupar as ruas\u201d, disse.<\/p>\n<p>O recurso em eleger inimigos aleat\u00f3rios \u00e9 conhecido desde sempre nas ditaduras em todo o mundo e aqui n\u00e3o \u00e9 diferente. A cartilha adotada n\u00e3o traz novidades. Desde que obrigou o presidente Lula a prestar depoimento na Pol\u00edcia Federal, o juiz S\u00e9rgio Moro virou alvo predileto desses movimentos. Em recente manifesta\u00e7\u00e3o, o presidente da CUT voltou a amea\u00e7ar o magistrado dizendo que \u201ciam se livrar do Moro\u201d, sem especificar de que modo. \u00c9 por essa e outras que os saudosistas ressentem a falta da antiga Lei de Seguran\u00e7a Nacional.<\/p>\n<p>&nbsp;<\/p>\n<p>A frase que n\u00e3o foi pronunciada<\/p>\n<p>\u201cQuando os mission\u00e1rios chegaram \u00e0 \u00c1frica, eles tinham a B\u00edblia, e n\u00f3s, a terra. Disseram-nos: \u2018Vamos rezar\u2019. Fechamos nossos olhos. Quando os abrimos, n\u00f3s \u00e9 que est\u00e1vamos com a B\u00edblia e eles com a terra.\u201d<\/p>\n<p>Desmond Tutu<\/p>\n<p>&nbsp;<\/p>\n<p>Dia de sol<\/p>\n<p>Rubaiyat lotado no s\u00e1bado. Presen\u00e7a do ministro Ayres Brito, sempre de bom humor e rodeado de amigos.<\/p>\n<p>&nbsp;<\/p>\n<p>Movimento<\/p>\n<p>Ali\u00e1s, o restaurante est\u00e1 impec\u00e1vel no tratamento com os clientes. Atenciosos, os funcion\u00e1rios s\u00e3o um exemplo do que \u00e9 a capacita\u00e7\u00e3o para o trabalho. O capricho do pessoal da cozinha \u00e9 insuper\u00e1vel.<\/p>\n<p>&nbsp;<\/p>\n<p>Contraste<\/p>\n<p>Nas lojas Americanas, perto do Big Box do Lago Norte, Dagoberto, de 9 anos, levava tapas dos seguran\u00e7as da redondeza. Revoltado porque o dinheirinho que ele juntou n\u00e3o dava para comprar o brinquedo que queria, arremessou um objeto contra o vidro da loja. Sem pol\u00edticas p\u00fablicas que aumentem a chance de a crian\u00e7ada sair da vulnerabilidade, o DF compromete o futuro da capital.<\/p>\n<p>&nbsp;<\/p>\n<p>Novidade<\/p>\n<p>O STJ firma entendimento sobre lei de improbidade para agentes pol\u00edticos. O argumento de serem os agentes pol\u00edticos provis\u00f3rios nos cargos que exercem \u00e9 muito fr\u00e1gil. Na verdade, esse deveria exatamente ser mais um motivo para que todos fossem enquadrados na Lei de Improbidade Administrativa.<\/p>\n<p>&nbsp;<\/p>\n<p>Hist\u00f3ria de Bras\u00edlia<\/p>\n<p>Duas palavras que irritam, enojam e contrariam: f\u00f3rmula, e conjuntura. Todo o mundo se apressa para apresentar uma \u201cf\u00f3rmula honrosa\u201d em virtude da \u201cconjuntura nacional\u201d. (Publicado em 3\/9\/1961)<\/p>\n","protected":false},"excerpt":{"rendered":"<p>Desde 1960 aricunha@dabr.com.br com Circe Cunha \/\/ circecunha.df@dabr.com.br Para a maioria dos observadores que acompanham de perto o caso do governo Dilma, o sentimento geral \u00e9 que o desenrolar dos fatos, no Congresso, no Judici\u00e1rio e nas ruas, vai num crescendo tal que o desfecho da crise n\u00e3o se dar\u00e1 em ambiente de total tranquilidade institucional. As expectativas s\u00e3o de [&hellip;]<\/p>\n","protected":false},"author":34,"featured_media":0,"comment_status":"closed","ping_status":"closed","sticky":false,"template":"","format":"standard","meta":{"footnotes":""},"categories":[23],"tags":[],"class_list":["post-7662","post","type-post","status-publish","format-standard","hentry","category-integra"],"_links":{"self":[{"href":"https:\/\/blogs.correiobraziliense.com.br\/aricunha\/wp-json\/wp\/v2\/posts\/7662","targetHints":{"allow":["GET"]}}],"collection":[{"href":"https:\/\/blogs.correiobraziliense.com.br\/aricunha\/wp-json\/wp\/v2\/posts"}],"about":[{"href":"https:\/\/blogs.correiobraziliense.com.br\/aricunha\/wp-json\/wp\/v2\/types\/post"}],"author":[{"embeddable":true,"href":"https:\/\/blogs.correiobraziliense.com.br\/aricunha\/wp-json\/wp\/v2\/users\/34"}],"replies":[{"embeddable":true,"href":"https:\/\/blogs.correiobraziliense.com.br\/aricunha\/wp-json\/wp\/v2\/comments?post=7662"}],"version-history":[{"count":1,"href":"https:\/\/blogs.correiobraziliense.com.br\/aricunha\/wp-json\/wp\/v2\/posts\/7662\/revisions"}],"predecessor-version":[{"id":7663,"href":"https:\/\/blogs.correiobraziliense.com.br\/aricunha\/wp-json\/wp\/v2\/posts\/7662\/revisions\/7663"}],"wp:attachment":[{"href":"https:\/\/blogs.correiobraziliense.com.br\/aricunha\/wp-json\/wp\/v2\/media?parent=7662"}],"wp:term":[{"taxonomy":"category","embeddable":true,"href":"https:\/\/blogs.correiobraziliense.com.br\/aricunha\/wp-json\/wp\/v2\/categories?post=7662"},{"taxonomy":"post_tag","embeddable":true,"href":"https:\/\/blogs.correiobraziliense.com.br\/aricunha\/wp-json\/wp\/v2\/tags?post=7662"}],"curies":[{"name":"wp","href":"https:\/\/api.w.org\/{rel}","templated":true}]}}