{"id":7659,"date":"2016-04-03T07:40:58","date_gmt":"2016-04-03T10:40:58","guid":{"rendered":"https:\/\/blogs.correiobraziliense.com.br\/aricunha\/?p=7659"},"modified":"2016-04-15T07:49:51","modified_gmt":"2016-04-15T10:49:51","slug":"coreografia-de-movimento-popular","status":"publish","type":"post","link":"https:\/\/blogs.correiobraziliense.com.br\/aricunha\/coreografia-de-movimento-popular\/","title":{"rendered":"Coreografia de movimento popular"},"content":{"rendered":"<p>ARI CUNHA &#8211; Visto, Lido e Ouvido<br \/>\nDesde 1960<\/p>\n<p>aricunha@dabr.com.br<\/p>\n<p>com Circe Cunha \/\/ circecunha.df@dabr.com.br<\/p>\n<p>Com a manifesta\u00e7\u00e3o organizada pelo PT e pela Central \u00danica dos Trabalhadores, cerca de 50 mil pessoas, de acordo com a Pol\u00edcia Militar, ocuparam a Esplanada dos Minist\u00e9rios em apoio \u00e0 presidente Dilma, contra o impeachment e contra o que chamam de movimento golpista. Se h\u00e1 uma coisa que funcione bem dentro do Partido dos Trabalhadores \u00e9 a sess\u00e3o de marketing, esp\u00e9cie de DIP (Departamento de Imprensa e Propaganda do Estado Novo).<\/p>\n<p>A data (31 de mar\u00e7o) foi escolhida com a inten\u00e7\u00e3o de estabelecer rela\u00e7\u00e3o entre o processo de impeachment, em curso, e o golpe militar ocorrido em 1964. Trata-se, obviamente, de falsifica\u00e7\u00e3o grosseira da hist\u00f3ria, visando confundir as pessoas mal-informadas. A bem da verdade, a pr\u00f3pria manifesta\u00e7\u00e3o \u00e9 uma farsa em si, do come\u00e7o ao fim \u2014 vazia de prop\u00f3sitos democr\u00e1ticos ou republicanos. A come\u00e7ar pelo processo de arregimenta\u00e7\u00e3o dos manifestantes, convocados a fazer figura\u00e7\u00e3o e n\u00famero, em troca de pagamentos, alimenta\u00e7\u00e3o, transporte, camisetas e outros itens.<\/p>\n<p>Os figurantes, todos vestidos de vermelho e portando bandeiras dos organizadores, representam, literalmente, a massa de manobra, usada para dar falso verniz de apoio popular a um governo que vai sendo desmontado pela a\u00e7\u00e3o da pol\u00edcia. A tentativa de fundir os efeitos de mera opera\u00e7\u00e3o policial, que, par e passo, vai desmanchando uma organiza\u00e7\u00e3o criminosa no poder, a um movimento dito golpista, semelhante ao ocorrido 52 anos atr\u00e1s, \u00e9, l\u00f3gico, cria\u00e7\u00e3o ficcional do pessoal de propaganda do partido.<\/p>\n<p>Pela insist\u00eancia com que buscam subverter a realidade crua dos fatos, melhor seria que essas manifesta\u00e7\u00f5es fossem agendadas para o 1\u00ba de abril, data reservada para o dia da mentira. Fossem retiradas as benesses e incentivos aos figurantes profissionais, a manifesta\u00e7\u00e3o seria drasticamente desidratada ou simplesmente desapareceria.<\/p>\n<p>O importante \u00e9 analisar o que est\u00e1 por tr\u00e1s dessas manifesta\u00e7\u00f5es e que n\u00e3o aparece nos cartazes exibidos pela massa. Na retaguarda dessas agita\u00e7\u00f5es ensaiadas, h\u00e1 n\u00edtida tentativa de mostrar para a opini\u00e3o p\u00fablica que o atual governo, seu partido e suas lideran\u00e7as, ainda contam com o apoio popular massivo, e qualquer tentativa de desconsiderar esse fato acirrar\u00e1 conflitos de toda ordem.<\/p>\n<p>N\u00e3o \u00e9 por outra raz\u00e3o que os ditos velados ou n\u00e3o s\u00e3o cada vez mais ouvidos em todo pa\u00eds. Nessa \u00faltima manifesta\u00e7\u00e3o, o presidente da CUT, Vagner Freitas, voltou a proferir amea\u00e7as: \u201cQuero ver qual \u00e9 o golpista que vai ter coragem de nos enfrentar.\u201d<\/p>\n<p>Na verdade, o que os dirigentes da CUT e da maioria dos sindicatos temem de fato \u00e9 que o advento de um governo s\u00e9rio venha a p\u00f4r fim na perniciosa rep\u00fablica sindical, azeitada com o dinheiro f\u00e1cil dos contribuintes. Se existe um fato verdadeiro nessas manifesta\u00e7\u00f5es e que a conecta ao fat\u00eddico ano de 1964, \u00e9 que tamb\u00e9m naquela ocasi\u00e3o, o hipersindicalismo amea\u00e7ava o Estado democr\u00e1tico e foi usado, naquela ocasi\u00e3o, com um dos motivos para interven\u00e7\u00e3o saneadora dos militares.<\/p>\n<p>&nbsp;<\/p>\n<p>A frase que n\u00e3o foi pronunciada<\/p>\n<p>\u201cO povo brasileiro n\u00e3o est\u00e1 na Constitui\u00e7\u00e3o Federal. Ele \u00e9 representado.\u201d<\/p>\n<p>P\u00e1gina solta ao vento<\/p>\n<p>&nbsp;<\/p>\n<p>Sofrimento<\/p>\n<p>Professores da Escola de M\u00fasica de Bras\u00edlia continuam sofrendo com a indefini\u00e7\u00e3o dos rumos. Os profissionais est\u00e3o tombando com AVC e problemas de depress\u00e3o.<\/p>\n<p>&nbsp;<\/p>\n<p>Palmas<\/p>\n<p>Reginaldo Marinho Bruno Steinbach Silva, a partir da pr\u00f3xima semana, ingressar\u00e1 no Kickante de financiamento coletivo e conseguir\u00e1 os recursos para fazer o prot\u00f3tipo da primeira constru\u00e7\u00e3o inteiramente transparente do mundo.<\/p>\n<p>&nbsp;<\/p>\n<p>Santo de casa<\/p>\n<p>S\u00e3o 16 anos desde que comemorou as primeiras medalhas de ouro conquistadas, sem nenhum apoio governamental, na 28th International Exhibition of Inventions of Geneva e na BBC Tomorrow\u2019s World Live, em Londres. O que \u00e9<\/p>\n<p>&nbsp;<\/p>\n<p>Essa inven\u00e7\u00e3o introduz dois novos paradigmas \u00e0 engenharia. Ser\u00e1 a primeira estrutura do mundo em resina pl\u00e1stica que ser\u00e1 incorporada \u00e0s outras modalidades estruturais conhecidas: de madeira, concreto e metal. Com ela, ser\u00e1 edificada a primeira constru\u00e7\u00e3o inteiramente transparente.<\/p>\n<p>&nbsp;<\/p>\n<p>Exportar \u00e9 o que importa<\/p>\n<p>O compromisso ambiental da tecnologia Construcell tem encantado v\u00e1rios pa\u00edses que levam a conserva\u00e7\u00e3o do ambiente a s\u00e9rio. O reconhecimento \u00e0 efici\u00eancia do trabalho do dr. Marinho vem desde a concep\u00e7\u00e3o do m\u00f3dulo que permite usar o pl\u00e1stico das garrafas PET descartadas na natureza, a possibilidade de instalar uma placa fotovoltaica em cada m\u00f3dulo, transformando a constru\u00e7\u00e3o em uma usina solar. Pena que nossos l\u00edderes governamentais n\u00e3o relevem o art. 219 da Constitui\u00e7\u00e3o Brasileira.<\/p>\n<p>&nbsp;<\/p>\n<p>Hist\u00f3ria de Bras\u00edlia<\/p>\n<p>A FAB realiza, no momento, em Bras\u00edlia, a Opera\u00e7\u00e3o Aeroporto, comandada pelo major Clipper. Cada empresa prepara uma rela\u00e7\u00e3o dos passageiros, assinalando os que s\u00e3o parlamentares e, no embarque, todos t\u00eam que apresentar carteira de identidade, inclusive os deputados, que o fazem sorrindo a maioria das vezes. (Publicado em 3\/9\/1961)<\/p>\n","protected":false},"excerpt":{"rendered":"<p>ARI CUNHA &#8211; Visto, Lido e Ouvido Desde 1960 aricunha@dabr.com.br com Circe Cunha \/\/ circecunha.df@dabr.com.br Com a manifesta\u00e7\u00e3o organizada pelo PT e pela Central \u00danica dos Trabalhadores, cerca de 50 mil pessoas, de acordo com a Pol\u00edcia Militar, ocuparam a Esplanada dos Minist\u00e9rios em apoio \u00e0 presidente Dilma, contra o impeachment e contra o que chamam de movimento golpista. Se [&hellip;]<\/p>\n","protected":false},"author":34,"featured_media":0,"comment_status":"closed","ping_status":"closed","sticky":false,"template":"","format":"standard","meta":{"footnotes":""},"categories":[23],"tags":[],"class_list":["post-7659","post","type-post","status-publish","format-standard","hentry","category-integra"],"_links":{"self":[{"href":"https:\/\/blogs.correiobraziliense.com.br\/aricunha\/wp-json\/wp\/v2\/posts\/7659","targetHints":{"allow":["GET"]}}],"collection":[{"href":"https:\/\/blogs.correiobraziliense.com.br\/aricunha\/wp-json\/wp\/v2\/posts"}],"about":[{"href":"https:\/\/blogs.correiobraziliense.com.br\/aricunha\/wp-json\/wp\/v2\/types\/post"}],"author":[{"embeddable":true,"href":"https:\/\/blogs.correiobraziliense.com.br\/aricunha\/wp-json\/wp\/v2\/users\/34"}],"replies":[{"embeddable":true,"href":"https:\/\/blogs.correiobraziliense.com.br\/aricunha\/wp-json\/wp\/v2\/comments?post=7659"}],"version-history":[{"count":2,"href":"https:\/\/blogs.correiobraziliense.com.br\/aricunha\/wp-json\/wp\/v2\/posts\/7659\/revisions"}],"predecessor-version":[{"id":7666,"href":"https:\/\/blogs.correiobraziliense.com.br\/aricunha\/wp-json\/wp\/v2\/posts\/7659\/revisions\/7666"}],"wp:attachment":[{"href":"https:\/\/blogs.correiobraziliense.com.br\/aricunha\/wp-json\/wp\/v2\/media?parent=7659"}],"wp:term":[{"taxonomy":"category","embeddable":true,"href":"https:\/\/blogs.correiobraziliense.com.br\/aricunha\/wp-json\/wp\/v2\/categories?post=7659"},{"taxonomy":"post_tag","embeddable":true,"href":"https:\/\/blogs.correiobraziliense.com.br\/aricunha\/wp-json\/wp\/v2\/tags?post=7659"}],"curies":[{"name":"wp","href":"https:\/\/api.w.org\/{rel}","templated":true}]}}