{"id":7657,"date":"2016-04-02T03:38:25","date_gmt":"2016-04-02T06:38:25","guid":{"rendered":"https:\/\/blogs.correiobraziliense.com.br\/aricunha\/?p=7657"},"modified":"2016-04-15T07:39:30","modified_gmt":"2016-04-15T10:39:30","slug":"fhc-nao-e-apenas-uma-crise-sao-varias","status":"publish","type":"post","link":"https:\/\/blogs.correiobraziliense.com.br\/aricunha\/fhc-nao-e-apenas-uma-crise-sao-varias\/","title":{"rendered":"FHC: N\u00e3o \u00e9 apenas uma crise, s\u00e3o v\u00e1rias."},"content":{"rendered":"<p>Desde 1960<\/p>\n<p>Em entrevista concedida a emissora de tev\u00ea, nessa quinta-feira, o ex-presidente Fernando Henrique Cardoso fez uma an\u00e1lise bastante l\u00facida do atual momento pol\u00edtico, a come\u00e7ar pela constata\u00e7\u00e3o de que o pa\u00eds vive n\u00e3o uma crise, mas v\u00e1rias. A entrevista foi ao ar exatamente na data que marca os 52 anos do golpe militar e no mesmo dia em que o governo arregimentou, segundo c\u00e1lculos da Pol\u00edcia Militar, 150 mil nas principais cidades brasileiras, contra o impeachment.<\/p>\n<p>Apontada por FHC, a primeira grande crise, \u00e9 de ordem econ\u00f4mica e decorre, segundo ele, de uma falsa avalia\u00e7\u00e3o das oscila\u00e7\u00f5es dos mercados internacionais (2006\/2007\/2008) e que levaram o governo a abandonar a pol\u00edtica de responsabilidade fiscal, que vinha seguindo com certo \u00eaxito, para, em seguida, adotar diretriz dentro chamada nova matriz econ\u00f4mica.<\/p>\n<p>\u201cNaquele momento houve um sinal que foi mal interpretado pelos que mandavam no Brasil. Dessa forma, as medidas de bom senso, que vinham sendo adotadas e que n\u00e3o obedeciam a nenhuma f\u00f3rmula neoliberal, j\u00e1 que as contas p\u00fablicas precisam ser organizadas e, at\u00e9 certo ponto controladas, foram postas de lado.<\/p>\n<p>Na avalia\u00e7\u00e3o de FHC, naquele momento houve falsa sensa\u00e7\u00e3o de que, com a oferta abundante de cr\u00e9dito tudo era poss\u00edvel. Foi nesse instante que teve in\u00edcio movimento de frouxid\u00e3o nas contas do Estado. Tamb\u00e9m a utiliza\u00e7\u00e3o exagerada do BNDES, como alavanca do crescimento, geraria problemas futuros, pois, segundo disse, uma superdosagem na utiliza\u00e7\u00e3o desse banco, como fonte de cr\u00e9dito, deu ao governo a falsa sensa\u00e7\u00e3o de ser todo-poderoso e que, portanto, podia tudo.<\/p>\n<p>A forma\u00e7\u00e3o do que chamou \u201can\u00e9is burocr\u00e1ticos\u201d, juntando setores do Estado e setores produtivos e que foi a base da nova matriz econ\u00f4mica, durou pouco e, quando isso come\u00e7ou a se desfazer, come\u00e7ou a crise do Brasil, agravada, disse, pela queda nos pre\u00e7os das commodities.<\/p>\n<p>Com a desilus\u00e3o no modelo, as classes empresariais e m\u00e9dia se retra\u00edram e houve o colapso daquela pol\u00edtica. FHC se mostrou surpreso com a rapidez com que o governo perdeu apoios na sociedade. \u201cN\u00e3o \u00e9 s\u00f3 quest\u00e3o de popularidade, mas, sobretudo, de credibilidade\u201d, afirmou o ex-presidente. Nesse quesito, avalia, come\u00e7a a haver n\u00e3o s\u00f3 uma crise de governabilidade, mas tamb\u00e9m de condu\u00e7\u00e3o do pr\u00f3prio processo pol\u00edtico.<\/p>\n<p>Basta observar a diferen\u00e7a do entusiasmo petista nas ruas. O PT de hoje \u00e9 bem diferente daquele PT onde ningu\u00e9m recebia um tost\u00e3o para agitar as bandeiras no per\u00edodo de disputa eleitoral. Os filiados ao partido eram espont\u00e2neos. Ningu\u00e9m via uma caravana de \u00f4nibus, com comida, uniforme e um dinheirinho distribu\u00eddo para agitarem a bandeira vermelha. O partido conseguiu convencer que n\u00e3o convence. Os sindicatos bem abastecidos financeiramente cuidam de recrutar os que \u201cacreditam\u201d no partido. (Nota do autor.)<\/p>\n<p>O que o pa\u00eds assiste hoje, segundo FHC, \u00e9 \u00e0 jun\u00e7\u00e3o das crises econ\u00f4mica, pol\u00edtica, e social, piorada ainda com a introdu\u00e7\u00e3o de uma crise de ordem moral escancarada, dada pela continuidade dos esc\u00e2ndalos de corrup\u00e7\u00e3o do mensal\u00e3o e petrol\u00e3o. \u00c9 muita crise junta, ressaltou o pol\u00edtico, lembrando que quando o sistema de presidencialismo de coaliz\u00e3o foi transformado e deformado para sistema presidencialista de coopta\u00e7\u00e3o pura e simples, o modelo fracassou por completo e com ele o atual governo.<\/p>\n<p>&nbsp;<\/p>\n<p>A frase que foi pronunciada:<\/p>\n<p>\u201cA democracia no Brasil foi sempre um lament\u00e1vel mal-entendido.\u201d<\/p>\n<p>S\u00e9rgio Buarque de Holanda, em Ra\u00edzes do Brasil<\/p>\n<p>&nbsp;<\/p>\n<p>Festa<\/p>\n<p>Merecida homenagem \u00e0 pianista Jaci Toffano feita pela Academia Jauense de Letras. Capitaneada por Dirceu Barbosa, o reconhecimento engrandece tamb\u00e9m Bras\u00edlia.<\/p>\n<p>&nbsp;<\/p>\n<p>Nosso abra\u00e7o<\/p>\n<p>Depois de um susto pregado pelo cora\u00e7\u00e3o, S\u00e9rvulo Esmeraldo volta ao brilhantismo das esculturas. Um galp\u00e3o \u00e9 pouco para abrigar tanta criatividade.<\/p>\n<p>&nbsp;<\/p>\n<p>Do bem<\/p>\n<p>Por falar em artistas, os tambores rufam iniciando o aquecimento. Louren\u00e7o de Bem comemora 60 anos de vida em 24 de abril, e 30 anos de atelier. A festa vai ser no atelier.<\/p>\n<p>&nbsp;<\/p>\n<p>Moral da hist\u00f3ria.<\/p>\n<p>N\u00e3o \u00e9 a revolu\u00e7\u00e3o que liberta, nem a for\u00e7a, nem a ideologia. O que liberta \u00e9 a verdade. Mensagem de Renata Cunha<\/p>\n<p>&nbsp;<\/p>\n<p>Nas ruas<\/p>\n<p>Um \u00f4nibus pela avenida com o adesivo rosa e letras garrafais: ASS\u00c9DIO ZERO NO \u00d4NIBUS \u2014 N\u00e3o tem desculpa. Ass\u00e9dio sexual \u00e9 crime. Denuncie. Ligue 180.<\/p>\n<p>&nbsp;<\/p>\n<p>Hist\u00f3ria de Bras\u00edlia<\/p>\n<p>O Servi\u00e7o Nacional de Telecomunica\u00e7\u00f5es distribuiu \u00e0 imprensa, h\u00e1 tr\u00eas dias, uma nota segundo a qual, estava se realizando um movimento de tropas rumo ao Rio Grande do Sul. N\u00f3s, naturalmente, n\u00e3o temos nada com isto, mas que tem, bem que podia perguntar onde est\u00e3o estas tropas, porque j\u00e1 faz tr\u00eas dias e n\u00e3o chegaram a Porto Alegre. (Publicado em 3\/9\/1961)<\/p>\n","protected":false},"excerpt":{"rendered":"<p>Desde 1960 Em entrevista concedida a emissora de tev\u00ea, nessa quinta-feira, o ex-presidente Fernando Henrique Cardoso fez uma an\u00e1lise bastante l\u00facida do atual momento pol\u00edtico, a come\u00e7ar pela constata\u00e7\u00e3o de que o pa\u00eds vive n\u00e3o uma crise, mas v\u00e1rias. A entrevista foi ao ar exatamente na data que marca os 52 anos do golpe militar e no mesmo dia em [&hellip;]<\/p>\n","protected":false},"author":34,"featured_media":0,"comment_status":"closed","ping_status":"closed","sticky":false,"template":"","format":"standard","meta":{"footnotes":""},"categories":[23],"tags":[],"class_list":["post-7657","post","type-post","status-publish","format-standard","hentry","category-integra"],"_links":{"self":[{"href":"https:\/\/blogs.correiobraziliense.com.br\/aricunha\/wp-json\/wp\/v2\/posts\/7657","targetHints":{"allow":["GET"]}}],"collection":[{"href":"https:\/\/blogs.correiobraziliense.com.br\/aricunha\/wp-json\/wp\/v2\/posts"}],"about":[{"href":"https:\/\/blogs.correiobraziliense.com.br\/aricunha\/wp-json\/wp\/v2\/types\/post"}],"author":[{"embeddable":true,"href":"https:\/\/blogs.correiobraziliense.com.br\/aricunha\/wp-json\/wp\/v2\/users\/34"}],"replies":[{"embeddable":true,"href":"https:\/\/blogs.correiobraziliense.com.br\/aricunha\/wp-json\/wp\/v2\/comments?post=7657"}],"version-history":[{"count":1,"href":"https:\/\/blogs.correiobraziliense.com.br\/aricunha\/wp-json\/wp\/v2\/posts\/7657\/revisions"}],"predecessor-version":[{"id":7658,"href":"https:\/\/blogs.correiobraziliense.com.br\/aricunha\/wp-json\/wp\/v2\/posts\/7657\/revisions\/7658"}],"wp:attachment":[{"href":"https:\/\/blogs.correiobraziliense.com.br\/aricunha\/wp-json\/wp\/v2\/media?parent=7657"}],"wp:term":[{"taxonomy":"category","embeddable":true,"href":"https:\/\/blogs.correiobraziliense.com.br\/aricunha\/wp-json\/wp\/v2\/categories?post=7657"},{"taxonomy":"post_tag","embeddable":true,"href":"https:\/\/blogs.correiobraziliense.com.br\/aricunha\/wp-json\/wp\/v2\/tags?post=7657"}],"curies":[{"name":"wp","href":"https:\/\/api.w.org\/{rel}","templated":true}]}}