{"id":7655,"date":"2016-04-01T04:37:10","date_gmt":"2016-04-01T07:37:10","guid":{"rendered":"https:\/\/blogs.correiobraziliense.com.br\/aricunha\/?p=7655"},"modified":"2016-04-15T07:38:04","modified_gmt":"2016-04-15T10:38:04","slug":"modelo-podre","status":"publish","type":"post","link":"https:\/\/blogs.correiobraziliense.com.br\/aricunha\/modelo-podre\/","title":{"rendered":"Modelo podre"},"content":{"rendered":"<p>Desde 1960<\/p>\n<p>aricunha@dabr.com.br<\/p>\n<p>com Circe Cunha \/\/ circecunha.df@dabr.com.br<\/p>\n<p>Com a instala\u00e7\u00e3o formal, na C\u00e2mara dos Deputados, do colegiado que analisa o processo de impeachment da presidente Dilma, o Brasil assiste, pela segunda vez, ao rito pol\u00edtico e desestabilizador da defenestra\u00e7\u00e3o de um chefe do Executivo, com todas as poss\u00edveis consequ\u00eancias que esse movimento sempre traz \u00e0 estabilidade democr\u00e1tica. Mais uma vez, a rep\u00fablica \u00e9 abalada por mecanismos extraordin\u00e1rios de emerg\u00eancia, que, em \u00faltima an\u00e1lise, paralisam o pa\u00eds, provocando s\u00e9rios abalos na estrutura econ\u00f4mica e social. A quest\u00e3o deveria merecer honesta abordagem por parte daqueles que cuidam do ordenamento jur\u00eddico e institucional do pa\u00eds.<\/p>\n<p>Como \u00e9 poss\u00edvel que, em pouco mais de duas d\u00e9cadas, os brasileiros se vejam \u00e0s voltas com o mesmo dilema do impeachment?\u00a0 Eis aqui uma quest\u00e3o de resposta simples, mas de dific\u00edlima solu\u00e7\u00e3o. A repeti\u00e7\u00e3o dessa hist\u00f3ria como trag\u00e9dia ou \u00f3pera bufa, deixa \u00e0 mostra certa teimosia burra, caracter\u00edstica, talvez, da nossa forma\u00e7\u00e3o hist\u00f3rica e cultural, de insistir no erro, na esperan\u00e7a de que desta vez d\u00ea certo. Por que ainda n\u00e3o nos livramos de crises como esta, j\u00e1 que conhecemos, por experi\u00eancia, o que nos levou at\u00e9 ela?<\/p>\n<p>Com a promulga\u00e7\u00e3o da Constitui\u00e7\u00e3o de 1988, restou aos legisladores a importante tarefa de cuidar da regulamenta\u00e7\u00e3o e do aperfei\u00e7oamento das muitas leis infraconstitucionais restantes. Entre esses institutos, ficou pendente conjunto de reformas vitais para o pa\u00eds e que nunca foi objeto sequer de aten\u00e7\u00e3o do Congresso. A mais importante dessas revis\u00f5es era justamente a reforma pol\u00edtica. Considerada a m\u00e3e de todas as reformas, por sua import\u00e2ncia no alicerce do Estado, a reforma pol\u00edtica, adiada sine die, seria rem\u00e9dio eficaz para crises desse tipo. No que diz respeito aos partidos, a inclus\u00e3o das cl\u00e1usulas de barreiras, que impossibilitaria o surgimento de tantas legendas de aluguel, seria o primeiro passo.<\/p>\n<p>Outras medidas, como o voto distrital, aproximando o eleito do eleitor e o instituto do recall, que possibilitaria a retirada do pol\u00edtico que contrariasse os interesses do eleitor, seriam tamb\u00e9m de grande significado para nosso ordenamento partid\u00e1rio. O sistema eleitoral tamb\u00e9m deve ser modificado, acabando, de vez, com as car\u00edssimas campanhas, movidas a milh\u00f5es de reais, com a possibilidade, inclusive, de lan\u00e7amento de candidatos sem partidos. S\u00f3 essa medida daria fim a antigo sistema pol\u00edtico plutocr\u00e1tico, em que prevalece o candidato endinheirado.<\/p>\n<p>O fechamento da m\u00e1quina p\u00fablica \u00e0 sanha dos pol\u00edticos, com a entrega de todos os cargos de import\u00e2ncia para concorrer \u00e0 disputa eleitoral, seria outra medida necess\u00e1ria para aperfei\u00e7oar nossa democracia. Muitos outros novos mecanismos deveriam ser introduzidos, mas, para isso, seria preciso come\u00e7ar, o mais rapidamente poss\u00edvel o processo de reforma pol\u00edtica, antes que um terceiro processo de impeachment venha a acontecer em breve.<\/p>\n<p>&nbsp;<\/p>\n<p>A frase que n\u00e3o foi pronunciada<\/p>\n<p>\u201cN\u00e3o reclame da manifesta\u00e7\u00e3o dos sindicatos. Voc\u00ea \u00e9 o maior financiador desse movimento.\u201d<\/p>\n<p>Manifestante<\/p>\n<p>&nbsp;<\/p>\n<p>Boa nova<\/p>\n<p>Enfim, a volta da Bilblioteca Demonstrativa Maria da Concei\u00e7\u00e3o Moreira Salles e do Escrit\u00f3rio de Direitos Autorais do DF. A iniciativa partiu do deputado distrital Roosevelt Vilela (PSB) em resposta a of\u00edcio expedido pelo Sindicato dos Escritores do DF (Sindescritores) pedindo ajuda referente aos dois assuntos.<\/p>\n<p>&nbsp;<\/p>\n<p>Atitude<\/p>\n<p>Participaram da reuni\u00e3o, que foi realizada no gabinete do parlamentar, o diretor do Livro, Leitura, Literatura e Biblioteca do Minist\u00e9rio da Cultura (DLLLB\/MinC), Volnei Can\u00f4nica, o presidente do Sindescritores-DF, Marcos Linhares, a chefe de gabinete do deputado Roosevet Vilela, Dayanne Tim\u00f3teo, al\u00e9m do pr\u00f3prio parlamentar.<\/p>\n<p>&nbsp;<\/p>\n<p>Futuro<\/p>\n<p>\u201cN\u00e3o ser\u00e1 apenas uma reabertura, como tamb\u00e9m faremos da BDB uma biblioteca de refer\u00eancia para o pa\u00eds todo. Acabo de voltar de viagem aos EUA para falar com parceiros da DLLLB\/MinC e estive numa biblioteca p\u00fablica nos moldes que pretendemos implementar em Bras\u00edlia\u201d, explicou Volnei Ca\u00f4nica.<\/p>\n<p>&nbsp;<\/p>\n<p>Chave de ouro<\/p>\n<p>O presidente do Sindescritores-DF, Marcos Linhares, mostrou-se satisfeito com o resultado da reuni\u00e3o e comemorou as informa\u00e7\u00f5es recebidas. \u201cAgradecemos o empenho do deputado Roosevelt Vilela por ter oportunizado o encontro assim como ao diretor do\u00a0 DLLLB\/MinC, Volnei Can\u00f4nica, pelas excelentes not\u00edcias. Tais reaberturas ser\u00e3o muito importantes n\u00e3o s\u00f3 para os escritores do DF, assim como para toda a comunidade.\u201d<\/p>\n<p>&nbsp;<\/p>\n<p>Hist\u00f3ria de Bras\u00edlia<\/p>\n<p>O Rep\u00f3rter Esso est\u00e1 cada vez pior. S\u00f3 d\u00e1 not\u00edcias que agradam aos censores. Com isto, est\u00e1 quase provado que as \u201cfor\u00e7as terr\u00edveis\u201d a que se referiu o sr. J\u00e2nio Quadros n\u00e3o s\u00e3o as americanas. (Publicado em 3\/9\/1961)<\/p>\n","protected":false},"excerpt":{"rendered":"<p>Desde 1960 aricunha@dabr.com.br com Circe Cunha \/\/ circecunha.df@dabr.com.br Com a instala\u00e7\u00e3o formal, na C\u00e2mara dos Deputados, do colegiado que analisa o processo de impeachment da presidente Dilma, o Brasil assiste, pela segunda vez, ao rito pol\u00edtico e desestabilizador da defenestra\u00e7\u00e3o de um chefe do Executivo, com todas as poss\u00edveis consequ\u00eancias que esse movimento sempre traz \u00e0 estabilidade democr\u00e1tica. Mais uma [&hellip;]<\/p>\n","protected":false},"author":34,"featured_media":0,"comment_status":"closed","ping_status":"closed","sticky":false,"template":"","format":"standard","meta":{"footnotes":""},"categories":[23],"tags":[],"class_list":["post-7655","post","type-post","status-publish","format-standard","hentry","category-integra"],"_links":{"self":[{"href":"https:\/\/blogs.correiobraziliense.com.br\/aricunha\/wp-json\/wp\/v2\/posts\/7655","targetHints":{"allow":["GET"]}}],"collection":[{"href":"https:\/\/blogs.correiobraziliense.com.br\/aricunha\/wp-json\/wp\/v2\/posts"}],"about":[{"href":"https:\/\/blogs.correiobraziliense.com.br\/aricunha\/wp-json\/wp\/v2\/types\/post"}],"author":[{"embeddable":true,"href":"https:\/\/blogs.correiobraziliense.com.br\/aricunha\/wp-json\/wp\/v2\/users\/34"}],"replies":[{"embeddable":true,"href":"https:\/\/blogs.correiobraziliense.com.br\/aricunha\/wp-json\/wp\/v2\/comments?post=7655"}],"version-history":[{"count":1,"href":"https:\/\/blogs.correiobraziliense.com.br\/aricunha\/wp-json\/wp\/v2\/posts\/7655\/revisions"}],"predecessor-version":[{"id":7656,"href":"https:\/\/blogs.correiobraziliense.com.br\/aricunha\/wp-json\/wp\/v2\/posts\/7655\/revisions\/7656"}],"wp:attachment":[{"href":"https:\/\/blogs.correiobraziliense.com.br\/aricunha\/wp-json\/wp\/v2\/media?parent=7655"}],"wp:term":[{"taxonomy":"category","embeddable":true,"href":"https:\/\/blogs.correiobraziliense.com.br\/aricunha\/wp-json\/wp\/v2\/categories?post=7655"},{"taxonomy":"post_tag","embeddable":true,"href":"https:\/\/blogs.correiobraziliense.com.br\/aricunha\/wp-json\/wp\/v2\/tags?post=7655"}],"curies":[{"name":"wp","href":"https:\/\/api.w.org\/{rel}","templated":true}]}}