{"id":7653,"date":"2016-03-31T01:22:52","date_gmt":"2016-03-31T04:22:52","guid":{"rendered":"https:\/\/blogs.correiobraziliense.com.br\/aricunha\/?p=7653"},"modified":"2016-04-15T07:36:51","modified_gmt":"2016-04-15T10:36:51","slug":"auditoria-ja","status":"publish","type":"post","link":"https:\/\/blogs.correiobraziliense.com.br\/aricunha\/auditoria-ja\/","title":{"rendered":"Auditoria j\u00e1!"},"content":{"rendered":"<p>DESDE 1960<\/p>\n<p>aricunha@dabr.com.br<\/p>\n<p>com Circe Cunha \/\/ circecunha.df@dabr.com.br<\/p>\n<p>No jogo pol\u00edtico, \u00e9 comum que partidos se utilizem e difundam estrat\u00e9gias que visam apenas confundir e iludir os oponentes. Como numa partida de cartas, a pol\u00edtica lan\u00e7a m\u00e3o do blefe e da simula\u00e7\u00e3o para preservar vantagens. Quem n\u00e3o consegue reconhecer, de cara, essas artimanhas acaba fazendo o jogo do concorrente, \u00e0s vezes sem se dar conta disso.<\/p>\n<p>No caso do movimento de impeachment da presidente Dilma, \u00e9 justamente isso o que vem ocorrendo. Ao reconhecer a for\u00e7a desse movimento, a c\u00fapula petista faz o jogo duplo para confundir as oposi\u00e7\u00f5es. De p\u00fablico, recha\u00e7a o impeachment, dizendo se tratar de golpe contra uma presidente democraticamente eleita com 50 milh\u00f5es de votos. Na intimidade, por\u00e9m, as lideran\u00e7as consideram que a destitui\u00e7\u00e3o constitucional da presidente vai p\u00f4r fim ao desgaste de um governo que, reconhecem, sempre atingiu o partido de forma negativa.<\/p>\n<p>De fato, a retirada de Dilma do caminho interessa mais ao partido do que \u00e0s oposi\u00e7\u00f5es. Em primeiro lugar, acreditam, tira a sigla dos holofotes e do protagonismo negativo, lan\u00e7ando-o de volta \u00e0 oposi\u00e7\u00e3o, seu lugar de origem e onde se movimenta como nenhum outro. Neste momento de crise, \u00e9 tudo o que o partido no poder quer. Catapultado de novo \u00e0 oposi\u00e7\u00e3o, vai lavar as m\u00e3os para a crise e, ao mesmo tempo, se colocar na posi\u00e7\u00e3o de v\u00edtima injusti\u00e7ada de um golpe no tapet\u00e3o.<\/p>\n<p>O derradeiro dia da presidente Dilma \u00e0 frente do Executivo marcar\u00e1 as primeiras horas no trabalho de renascimento do partido, livre agora do enfado da administra\u00e7\u00e3o do pa\u00eds. E, j\u00e1 no primeiro instante, do outro lado do balc\u00e3o, come\u00e7ar\u00e1 a difundir a vers\u00e3o de que a ru\u00edna econ\u00f4mica \u00e9 obra dos golpistas que sabotaram um governo popular.<\/p>\n<p>Lan\u00e7ar Dilma ao mar \u00e9 tudo o que resta agora para preservar um partido ca\u00eddo em desgra\u00e7a e, talvez, sua \u00faltima chance de sobreviver. Importante nessa jogada \u00e9 que novos ocupantes do Pal\u00e1cio do Planalto se acautelem das bombas deixadas para tr\u00e1s e providenciem, o quanto antes, uma auditoria internacional e isenta das contas do Estado, apresentando-as prontamente ao p\u00fablico. Depois \u00e9 s\u00f3 chamar um padre para benzer o lugar.<\/p>\n<p>&nbsp;<\/p>\n<p>A frase que n\u00e3o foi pronunciada<\/p>\n<p>\u201cQuando voc\u00ea vai fazer uma coisa\u00a0 certa, pode fazer de qualquer\u00a0 jeito. Mas, quando for errada,\u00a0 tem que fazer direitinho.\u201d<\/p>\n<p>Frase solta pela Pra\u00e7a dos Tr\u00eas Poderes<\/p>\n<p>&nbsp;<\/p>\n<p>Pardal<\/p>\n<p>Encampando a reclama\u00e7\u00e3o de outro leitor na coluna sobre a sanha arrecadat\u00f3ria, mais contribui\u00e7\u00e3o para o assunto tr\u00e2nsito em Bras\u00edlia. Diz Andr\u00e9 Felipe: \u201cSugiro que verifiquem um pardal localizado na BR-020, pr\u00f3ximo ao km 14 da via, no sentido Sobradinho-Bras\u00edlia, altura de bairro denominado Nova Dign\u00e9ia II\u201d.<\/p>\n<p>&nbsp;<\/p>\n<p>E continua<\/p>\n<p>\u201cColocaram uma lombada eletr\u00f4nica para redu\u00e7\u00e3o de velocidade calibrada para 40km\/h em uma BR, o que j\u00e1 n\u00e3o seria por si algo muito explic\u00e1vel. O problema, contudo, torna-se mais grave quando tal lombada foi colocada poucos metros depois de um retorno da estrada. Assim, quem sai do retorno preocupado com quem vem na estrada, acelerando para n\u00e3o atrapalhar o tr\u00e2nsito, fatalmente \u00e9 multado por uma lombada eletr\u00f4nica de 40 km\/h.\u201d<\/p>\n<p>&nbsp;<\/p>\n<p>Sugere<\/p>\n<p>\u201cAcredito que o lugar minimamente sensato para essa lombada seja, pelo menos, antes da sa\u00edda do retorno. Assim, os motoristas que j\u00e1 est\u00e3o na estrada reduzem a velocidade e quem sai do retorno tem seu ingresso na estrada facilitado. Da forma como est\u00e1, \u00e9 praticamente imposs\u00edvel sair do retorno preocupado com o tr\u00e2nsito e passar a menos de 40km\/h na lombada.\u201d<\/p>\n<p>&nbsp;<\/p>\n<p>Release<\/p>\n<p>\u201cVenham cantar, tocar algum instrumento ou declamar a convite do Clube da Bossa e do Sesc no pr\u00f3ximo s\u00e1bado, dia 2, \u00e0s 11h30, no Teatro do SESC situado na Quadra 2 do Setor Comercial Sul. Quem n\u00e3o quiser se apresentar poder\u00e1 vir assistir. A entrada \u00e9 franca.\u201d<\/p>\n<p>&nbsp;<\/p>\n<p>Hist\u00f3ria de Bras\u00edlia<\/p>\n<p>O rep\u00f3rter de um jornal uruguaio transmitindo notici\u00e1rio para seu pa\u00eds pela Cadeia da Legalidade informou que ontem \u00e0 tarde um avi\u00e3o da FAB sobrevoava Porto Alegre, soltando boletins com a portaria do ministro da Guerra, licenciando os cabos e sargentos do III Ex\u00e9rcito.(Publicado em 3\/9\/1961)<\/p>\n","protected":false},"excerpt":{"rendered":"<p>DESDE 1960 aricunha@dabr.com.br com Circe Cunha \/\/ circecunha.df@dabr.com.br No jogo pol\u00edtico, \u00e9 comum que partidos se utilizem e difundam estrat\u00e9gias que visam apenas confundir e iludir os oponentes. Como numa partida de cartas, a pol\u00edtica lan\u00e7a m\u00e3o do blefe e da simula\u00e7\u00e3o para preservar vantagens. Quem n\u00e3o consegue reconhecer, de cara, essas artimanhas acaba fazendo o jogo do concorrente, \u00e0s [&hellip;]<\/p>\n","protected":false},"author":34,"featured_media":0,"comment_status":"closed","ping_status":"closed","sticky":false,"template":"","format":"standard","meta":{"footnotes":""},"categories":[23],"tags":[],"class_list":["post-7653","post","type-post","status-publish","format-standard","hentry","category-integra"],"_links":{"self":[{"href":"https:\/\/blogs.correiobraziliense.com.br\/aricunha\/wp-json\/wp\/v2\/posts\/7653","targetHints":{"allow":["GET"]}}],"collection":[{"href":"https:\/\/blogs.correiobraziliense.com.br\/aricunha\/wp-json\/wp\/v2\/posts"}],"about":[{"href":"https:\/\/blogs.correiobraziliense.com.br\/aricunha\/wp-json\/wp\/v2\/types\/post"}],"author":[{"embeddable":true,"href":"https:\/\/blogs.correiobraziliense.com.br\/aricunha\/wp-json\/wp\/v2\/users\/34"}],"replies":[{"embeddable":true,"href":"https:\/\/blogs.correiobraziliense.com.br\/aricunha\/wp-json\/wp\/v2\/comments?post=7653"}],"version-history":[{"count":1,"href":"https:\/\/blogs.correiobraziliense.com.br\/aricunha\/wp-json\/wp\/v2\/posts\/7653\/revisions"}],"predecessor-version":[{"id":7654,"href":"https:\/\/blogs.correiobraziliense.com.br\/aricunha\/wp-json\/wp\/v2\/posts\/7653\/revisions\/7654"}],"wp:attachment":[{"href":"https:\/\/blogs.correiobraziliense.com.br\/aricunha\/wp-json\/wp\/v2\/media?parent=7653"}],"wp:term":[{"taxonomy":"category","embeddable":true,"href":"https:\/\/blogs.correiobraziliense.com.br\/aricunha\/wp-json\/wp\/v2\/categories?post=7653"},{"taxonomy":"post_tag","embeddable":true,"href":"https:\/\/blogs.correiobraziliense.com.br\/aricunha\/wp-json\/wp\/v2\/tags?post=7653"}],"curies":[{"name":"wp","href":"https:\/\/api.w.org\/{rel}","templated":true}]}}