{"id":7644,"date":"2016-03-27T02:23:09","date_gmt":"2016-03-27T05:23:09","guid":{"rendered":"https:\/\/blogs.correiobraziliense.com.br\/aricunha\/?p=7644"},"modified":"2016-04-15T07:24:39","modified_gmt":"2016-04-15T10:24:39","slug":"pascoa-que-nos-cabe","status":"publish","type":"post","link":"https:\/\/blogs.correiobraziliense.com.br\/aricunha\/pascoa-que-nos-cabe\/","title":{"rendered":"A P\u00e1scoa que nos cabe"},"content":{"rendered":"<p>Desde 1960<\/p>\n<p>aricunha@dabr.com.br<\/p>\n<p>com Circe Cunha \/\/ circecunha.df@dabr.com.br<\/p>\n<p>Como todo marco hist\u00f3rico ou religioso, a P\u00e1scoa tem um significado que oscila entre o mundo dos homens \u2014 com data, local e personagens identific\u00e1veis \u2014 e o mundo celeste, das coisas dos espirituais, do metaf\u00edsico e ligados \u00e0 f\u00e9.<\/p>\n<p>No mundo judaico, a P\u00e1scoa ou passagem relembra a longa fuga dos judeus do cativeiro babil\u00f4nico, possivelmente no ano de 1447 a.C. e que \u00e9 descrito no Antigo Testamento (\u00caxodo). Para os crist\u00e3os, a P\u00e1scoa simboliza um dos fundamentos de sua f\u00e9, que \u00e9 a ressurrei\u00e7\u00e3o de Jesus, ap\u00f3s ter sido barbaramente torturado e crucificado. Em ambas as tradi\u00e7\u00f5es, observa-se que o sentido de passagem estabelece tamb\u00e9m um sentido de supera\u00e7\u00e3o de um estado para outro patamar. Nas duas tradi\u00e7\u00f5es, a P\u00e1scoa \u00e9 tomada como uma alegoria que mostra o rito de passagem, como um obst\u00e1culo necess\u00e1rio a ser transposto.<\/p>\n<p>Para os judeus, foram necess\u00e1rios 40 anos vagando no deserto, at\u00e9 o momento em que Jeov\u00e1 estabelece com eles alian\u00e7a que \u00e9 firmada nas T\u00e1buas da Lei. Na hist\u00f3ria crist\u00e3, a passagem \u00e9 sinalizada por um obst\u00e1culo de 40 dias de jejum (Quaresma), durante o qual Jesus foi submetido a todo tipo de tenta\u00e7\u00e3o para se entregar ao mundo.<\/p>\n<p>Esses terr\u00edveis obst\u00e1culos foram superados gra\u00e7as n\u00e3o s\u00f3 ao predom\u00ednio da for\u00e7a do esp\u00edrito sobre a mat\u00e9ria, mas sobretudo pela certeza de que, al\u00e9m daqueles estorvos imediatos, havia Cana\u00e3, onde jorrariam leite e mel, ou a vida celeste e eterna.<\/p>\n<p>A maioria das religi\u00f5es do planeta pregam em comum a valoriza\u00e7\u00e3o do esp\u00edrito sobre a carne e a ren\u00fancia ao materialismo, que \u00e9 apontada por elas como obst\u00e1culo a ser passado para tr\u00e1s. O que a P\u00e1scoa relembra, a cada ano, na nossa tradi\u00e7\u00e3o judaico-crist\u00e3, \u00e9 que devemos ter como incentivo esses exemplos luminosos de supera\u00e7\u00e3o. Cada um, individualmente, e a sociedade, como um todo, podem e s\u00e3o capazes de transpor os obst\u00e1culos imediatos.<\/p>\n<p>&nbsp;<\/p>\n<p>A frase que n\u00e3o pronunciada<\/p>\n<p>\u201cPorquanto, o amor ao dinheiro \u00e9 a raiz de todos os males; e por causa dessa cobi\u00e7a, alguns se desviaram da f\u00e9 e se atormentaram em meio a muitos sofrimentos. Exorta\u00e7\u00f5es aos homens de Deus.\u201d<\/p>\n<p>1 Tim\u00f3teo 6:10<\/p>\n<p>&nbsp;<\/p>\n<p>L\u00e1 fora<\/p>\n<p>A CNN mostrou pessimismo sobre a organiza\u00e7\u00e3o dos Jogos no Rio de Janeiro e pontuou as preocupa\u00e7\u00f5es dos estrangeiros. Os protestos podem n\u00e3o ter acabado em agosto, mais de 1,5 milh\u00e3o de casos de zika em 2015, o problema da \u00e1gua contaminada em locais dos Jogos de Ver\u00e3o n\u00e3o foi sanado. Os organizadores esperavam uma venda melhor. Apesar de a presidente ter reunido jornalistas estrangeiros para esclarecimentos sobre a pol\u00edtica do Brasil, o material da CNN\u00a0 sugere que analistas acreditam que o impeachment de Rousseff ajudaria a recuperar a confian\u00e7a dos investidores na economia golpeada do pa\u00eds.<\/p>\n<p>&nbsp;<\/p>\n<p>Dono<\/p>\n<p>Quem gravou o presidente Obama dan\u00e7ando tango cortou todas as reprodu\u00e7\u00f5es da internet. Em v\u00e1rios sites, h\u00e1 um aviso que a reprodu\u00e7\u00e3o em outros websites foi proibida e remete ao YouTube.<\/p>\n<p>&nbsp;<\/p>\n<p>De olho<\/p>\n<p>Como as empresas de agrot\u00f3xicos est\u00e3o um pouco esquecidas em detrimento das construtoras que ganham propina para \u00ednfimas obras de saneamento b\u00e1sico, a ideia \u00e9 aproveitar a distra\u00e7\u00e3o popular para apresentar uma proposta em que os agrot\u00f3xicos sejam jogados por avi\u00f5es agr\u00edcolas para controle do mosquito da dengue. A ideia \u00e9 estapaf\u00fardia pela inefici\u00eancia do produto nesse combate e pela f\u00f3rmula cancer\u00edgena. Mas injetar\u00e1 uma fortuna para os fabricantes.<\/p>\n<p>&nbsp;<\/p>\n<p>Capelinha<\/p>\n<p>P\u00fablico impressionante no Morro da Capelinha. Mais de 50 mil pessoas participaram da encena\u00e7\u00e3o da ressurrei\u00e7\u00e3o de Cristo. Realmente emocionante.<\/p>\n<p>&nbsp;<\/p>\n<p>Hist\u00f3ria de Bras\u00edlia<\/p>\n<p>Enquanto o pa\u00eds pega fogo com a diverg\u00eancia de opini\u00f5es, o respons\u00e1vel pelo estado de coisas singra, placidamente, oceanos coloridos, no luxo de um \u201cUruguay Star\u201d. Enquanto isto, o povo devota-lhe o esquecimento, que \u00e9 o maior castigo. (Publicado em 2\/9\/1961)<\/p>\n<p>&nbsp;<\/p>\n","protected":false},"excerpt":{"rendered":"<p>Desde 1960 aricunha@dabr.com.br com Circe Cunha \/\/ circecunha.df@dabr.com.br Como todo marco hist\u00f3rico ou religioso, a P\u00e1scoa tem um significado que oscila entre o mundo dos homens \u2014 com data, local e personagens identific\u00e1veis \u2014 e o mundo celeste, das coisas dos espirituais, do metaf\u00edsico e ligados \u00e0 f\u00e9. No mundo judaico, a P\u00e1scoa ou passagem relembra a longa fuga dos [&hellip;]<\/p>\n","protected":false},"author":34,"featured_media":0,"comment_status":"closed","ping_status":"closed","sticky":false,"template":"","format":"standard","meta":{"footnotes":""},"categories":[23],"tags":[],"class_list":["post-7644","post","type-post","status-publish","format-standard","hentry","category-integra"],"_links":{"self":[{"href":"https:\/\/blogs.correiobraziliense.com.br\/aricunha\/wp-json\/wp\/v2\/posts\/7644","targetHints":{"allow":["GET"]}}],"collection":[{"href":"https:\/\/blogs.correiobraziliense.com.br\/aricunha\/wp-json\/wp\/v2\/posts"}],"about":[{"href":"https:\/\/blogs.correiobraziliense.com.br\/aricunha\/wp-json\/wp\/v2\/types\/post"}],"author":[{"embeddable":true,"href":"https:\/\/blogs.correiobraziliense.com.br\/aricunha\/wp-json\/wp\/v2\/users\/34"}],"replies":[{"embeddable":true,"href":"https:\/\/blogs.correiobraziliense.com.br\/aricunha\/wp-json\/wp\/v2\/comments?post=7644"}],"version-history":[{"count":1,"href":"https:\/\/blogs.correiobraziliense.com.br\/aricunha\/wp-json\/wp\/v2\/posts\/7644\/revisions"}],"predecessor-version":[{"id":7645,"href":"https:\/\/blogs.correiobraziliense.com.br\/aricunha\/wp-json\/wp\/v2\/posts\/7644\/revisions\/7645"}],"wp:attachment":[{"href":"https:\/\/blogs.correiobraziliense.com.br\/aricunha\/wp-json\/wp\/v2\/media?parent=7644"}],"wp:term":[{"taxonomy":"category","embeddable":true,"href":"https:\/\/blogs.correiobraziliense.com.br\/aricunha\/wp-json\/wp\/v2\/categories?post=7644"},{"taxonomy":"post_tag","embeddable":true,"href":"https:\/\/blogs.correiobraziliense.com.br\/aricunha\/wp-json\/wp\/v2\/tags?post=7644"}],"curies":[{"name":"wp","href":"https:\/\/api.w.org\/{rel}","templated":true}]}}