{"id":7642,"date":"2016-03-26T04:22:22","date_gmt":"2016-03-26T07:22:22","guid":{"rendered":"https:\/\/blogs.correiobraziliense.com.br\/aricunha\/?p=7642"},"modified":"2016-04-15T07:22:42","modified_gmt":"2016-04-15T10:22:42","slug":"itamaraty-itamaraty","status":"publish","type":"post","link":"https:\/\/blogs.correiobraziliense.com.br\/aricunha\/itamaraty-itamaraty\/","title":{"rendered":"Itamaraty, Itamaraty"},"content":{"rendered":"<p>Chega a ser espantosa a capacidade que este governo tem em produzir diariamente fatos negativos contra si. A m\u00e1quina de desastres do Executivo obedece a uma l\u00f3gica irracional presente desde a posse para o primeiro governo Lula e continua trabalhando a todo o vapor at\u00e9 hoje. Para a imprensa, eleita a inimiga da hora, a fabrica\u00e7\u00e3o do governo de factoides, como comunicar \u00e0s embaixadas de que o Brasil sofre um golpe, ajuda a encher as manchetes e os notici\u00e1rios. Para a popula\u00e7\u00e3o, trata-se de uma calamidade que lan\u00e7a o pa\u00eds, cada vez mais, no gueto do subdesenvolvimento permanente. Basta ver o estrago causado pelo propinoduto.<\/p>\n<p>Desta vez, o tiro no p\u00e9, como se ainda existissem p\u00e9s a serem atingidos, vem do Itamaraty. N\u00e3o bastassem as seguidas humilha\u00e7\u00f5es impostas por este governo \u00e0 Casa de Ruy Barbosa, transformada em anexo do Partido dos Trabalhadores para assuntos internacionais, a Secretaria de Rela\u00e7\u00f5es Exteriores do minist\u00e9rio (Sere), por meio do ministro Milton Rond\u00f3 Filho, antigo assessor do Movimento dos Trabalhadores Sem-Terra (MST) e ardente militante petista, resolveu enviar \u00e0s embaixadas brasileiras no exterior uma mensagem em que alerta para o risco de um golpe pol\u00edtico no Brasil.<\/p>\n<p>Na mensagem lun\u00e1tica, o ministro pediu que cada posto designasse um diplomata para dialogar com organiza\u00e7\u00f5es da sociedade civil local, esclarecendo o que vem ocorrendo por aqui e pedindo ades\u00e3o. \u201cN\u00f3s\u201d, diz a mensagem, \u201cos movimentos sindicais, sociais e populares do Brasil, componentes do Grupo Facilitador do Foro de Participa\u00e7\u00e3o Cidad\u00e3 da Unasul e do Mercosul denunciamos o processo reacion\u00e1rio que est\u00e1 em curso em nosso pa\u00eds contra o Estado Democr\u00e1tico de Direito. N\u00e3o ao Golpe. Nossa luta continua. Abong \u2014 Organiza\u00e7\u00e3o em Defesa dos Direitos e Bens Comuns.\u201d<\/p>\n<p>Para quem entende dos meandros do Itamaraty, principalmente sob este governo, n\u00e3o tem d\u00favidas de que o ministro Rond\u00f3 agiu por determina\u00e7\u00e3o e cobertura superior, dado a gravidade do conte\u00fado desse documento. Enquanto n\u00e3o se esclarecem, devidamente, esses fatos, ficam aqui mais uma prova, entre muitas, do engajamento pol\u00edtico-partid\u00e1rio dessa outrora importante institui\u00e7\u00e3o e uma evid\u00eancia a mais de sua decad\u00eancia e perda de credibilidade perante o mundo.<\/p>\n<p>&nbsp;<\/p>\n<p>A frase que n\u00e3o foi pronunciada<\/p>\n<p>\u201cH\u00e1 uma hermen\u00eautica entre n\u00f3s.\u201d<\/p>\n<p>Di\u00e1logo entre o subconsciente dos ju\u00edzes Moro e Zavascki<\/p>\n<p>&nbsp;<\/p>\n<p>Ru\u00eddo<\/p>\n<p>Enquanto a presidente Dilma d\u00e1 entrevista para rep\u00f3rteres estrangeiros, o jornal brit\u00e2nico escreve: \u201cMesmo que essa n\u00e3o tenha sido a inten\u00e7\u00e3o da presidente, esse seria o efeito. Esse foi o momento em que a presidente escolheu os interesses de sua tribo pol\u00edtica em vez da lei. Por isso, ela se tornou inapta a continuar sendo presidente\u201d.<\/p>\n<p>&nbsp;<\/p>\n<p>Revista Fortune<\/p>\n<p>A \u00fanica coisa que o juiz S\u00e9rgio Moro tem em comum com o PT \u00e9 o n\u00famero 13. Ele ficou em 13\u00ba lugar como um dos homens mais influentes do mundo. A a\u00e7\u00e3o anticorrup\u00e7\u00e3o foi a raz\u00e3o dessa proje\u00e7\u00e3o.<\/p>\n<p>&nbsp;<\/p>\n<p>Trombone<\/p>\n<p>Lentes voltadas para M\u00f4nica Moura. Com livre acesso aos pal\u00e1cios do Planalto e da Alvorada, a respons\u00e1vel pelas finan\u00e7as do marido sabe muito.<\/p>\n<p>&nbsp;<\/p>\n<p>Antagonista<\/p>\n<p>Adilson Dallari, em setembro de 2015, explicou na casa de H\u00e9lio Bicudo como o governo do PT viola a Constitui\u00e7\u00e3o ao defender, por exemplo, o sigilo sobre os empr\u00e9stimos do BNDES. Disse ele: \u201cQuem contrata com o poder p\u00fablico est\u00e1 abrindo m\u00e3o do sigilo, porque o princ\u00edpio constitucional \u00e9 o da publicidade. N\u00e3o se pode admitir neg\u00f3cio p\u00fablico sigiloso\u201d.<\/p>\n<p>&nbsp;<\/p>\n<p>Incr\u00edvel<\/p>\n<p>Quem disse que crian\u00e7a gosta de nhe-nhe-nh\u00e9m? Emmanuel Emiliano Fortes de Andrade vibrou com o troca-troca de livros na Banca da Concei\u00e7\u00e3o. O pai l\u00ea para ele, em m\u00e9dia, meia hora por dia em voz alta. Curiosidade: Emmanuel tem 4 meses de idade.<\/p>\n<p>&nbsp;<\/p>\n<p>Hist\u00f3ria de Bras\u00edlia<\/p>\n<p>H\u00e1, na C\u00e2mara, um homem que j\u00e1 se torna impertinente pelo seu trabalho incans\u00e1vel. Est\u00e1 \u00e0 beira da estafa, pelo esfor\u00e7o desenvolvido, mas \u00e9 para o povo, para o eleitor comum, o homem s\u00edmbolo de um Congresso. A defesa da Constitui\u00e7\u00e3o \u00e9 para ele um dogma e o trato para com as leis \u00e9 para ele uma devo\u00e7\u00e3o. Chamam-no de impertinente, combatem-no, mas que bom se todos os deputados tivessem a mesma consci\u00eancia do sr. Aur\u00e9lio Viana. (Publicado em 2\/9\/1961)<\/p>\n","protected":false},"excerpt":{"rendered":"<p>Chega a ser espantosa a capacidade que este governo tem em produzir diariamente fatos negativos contra si. A m\u00e1quina de desastres do Executivo obedece a uma l\u00f3gica irracional presente desde a posse para o primeiro governo Lula e continua trabalhando a todo o vapor at\u00e9 hoje. Para a imprensa, eleita a inimiga da hora, a fabrica\u00e7\u00e3o do governo de factoides, [&hellip;]<\/p>\n","protected":false},"author":34,"featured_media":0,"comment_status":"closed","ping_status":"closed","sticky":false,"template":"","format":"standard","meta":{"footnotes":""},"categories":[23],"tags":[],"class_list":["post-7642","post","type-post","status-publish","format-standard","hentry","category-integra"],"_links":{"self":[{"href":"https:\/\/blogs.correiobraziliense.com.br\/aricunha\/wp-json\/wp\/v2\/posts\/7642","targetHints":{"allow":["GET"]}}],"collection":[{"href":"https:\/\/blogs.correiobraziliense.com.br\/aricunha\/wp-json\/wp\/v2\/posts"}],"about":[{"href":"https:\/\/blogs.correiobraziliense.com.br\/aricunha\/wp-json\/wp\/v2\/types\/post"}],"author":[{"embeddable":true,"href":"https:\/\/blogs.correiobraziliense.com.br\/aricunha\/wp-json\/wp\/v2\/users\/34"}],"replies":[{"embeddable":true,"href":"https:\/\/blogs.correiobraziliense.com.br\/aricunha\/wp-json\/wp\/v2\/comments?post=7642"}],"version-history":[{"count":1,"href":"https:\/\/blogs.correiobraziliense.com.br\/aricunha\/wp-json\/wp\/v2\/posts\/7642\/revisions"}],"predecessor-version":[{"id":7643,"href":"https:\/\/blogs.correiobraziliense.com.br\/aricunha\/wp-json\/wp\/v2\/posts\/7642\/revisions\/7643"}],"wp:attachment":[{"href":"https:\/\/blogs.correiobraziliense.com.br\/aricunha\/wp-json\/wp\/v2\/media?parent=7642"}],"wp:term":[{"taxonomy":"category","embeddable":true,"href":"https:\/\/blogs.correiobraziliense.com.br\/aricunha\/wp-json\/wp\/v2\/categories?post=7642"},{"taxonomy":"post_tag","embeddable":true,"href":"https:\/\/blogs.correiobraziliense.com.br\/aricunha\/wp-json\/wp\/v2\/tags?post=7642"}],"curies":[{"name":"wp","href":"https:\/\/api.w.org\/{rel}","templated":true}]}}