{"id":7639,"date":"2016-03-25T03:36:10","date_gmt":"2016-03-25T06:36:10","guid":{"rendered":"https:\/\/blogs.correiobraziliense.com.br\/aricunha\/?p=7639"},"modified":"2016-04-15T07:17:38","modified_gmt":"2016-04-15T10:17:38","slug":"do-terceiro-andar","status":"publish","type":"post","link":"https:\/\/blogs.correiobraziliense.com.br\/aricunha\/do-terceiro-andar\/","title":{"rendered":"Do terceiro andar"},"content":{"rendered":"<p>Personalismo, que o dicion\u00e1rio traduz como atitude de que tem a si pr\u00f3prio como ponto de refer\u00eancia de tudo o que ocorre \u00e0 sua volta, adquiriu caracter\u00edsticas muito pr\u00f3prias entre n\u00f3s. Tomado fora do conceito de movimento ligado ao Humanismo de 1929, de Emmanuel Mounier, que busca conduzir o homem para a sua realiza\u00e7\u00e3o como pessoa, o que temos atualmente com o governo da presidente Dilma \u00e9 desvirtua\u00e7\u00e3o completa do conceito original, utilizado mais no sentido de voluntarismo, no qual a pessoa acredita que possa modificar o curso dos acontecimentos apenas por vontade pr\u00f3pria.<\/p>\n<p>O problema com o sistema presidencialista, nos moldes como ele \u00e9 concebido no Brasil, \u00e9 que as varia\u00e7\u00f5es de humor e personalidade dos chefes do Executivo possuem poder brutal de se irradiar para todo o governo, contaminado a m\u00e1quina p\u00fablica, que passa a operar segundo desejos e feelings do mandat\u00e1rio. Logicamente, isso n\u00e3o d\u00e1 certo, ainda mais quando esse posto passa a ser ocupado por algu\u00e9m de personalidade obtusa, incapaz de enxergar o mundo a sua volta.<\/p>\n<p>Essa limita\u00e7\u00e3o, somada \u00e0 falta de talento demonstrada por Dilma para comandar a administra\u00e7\u00e3o, levou-nos at\u00e9 aqui em abaixo. Para piorar a situa\u00e7\u00e3o, a presidente se encontra ref\u00e9m, por vontade pr\u00f3pria, de seu criador e de seu partido, um agrupamento de gente primitiva e extremamente perniciosa aos interesses da na\u00e7\u00e3o.<\/p>\n<p>Como n\u00e3o podia deixar de ser, nesse caso, Dilma transformou o Pal\u00e1cio do Planalto em bunker de sua trupe, de onde passa a fazer diariamente discursos inflamados e irrespons\u00e1veis, buscando desacreditar n\u00e3o s\u00f3 a Justi\u00e7a, como o parlamento e todos os que dela discordam.<\/p>\n<p>Fechada, cada vez mais em torno de um n\u00facleo formado de \u00e1ulicos oportunistas, e com um discurso que vai se assemelhando a grito de guerra, Dilma segue ao encontro do destino que tra\u00e7ou para si, arrastando todos, indistintamente, para seu ocaso. Na emin\u00eancia da hecatombe, Dilma acaricia displicente as cordas de sua lira louca, enquanto assiste impass\u00edvel, da janela no terceiro andar do seu Pal\u00e1cio, a um pa\u00eds que arde em chamas.<\/p>\n<p>&nbsp;<\/p>\n<p>A frase que n\u00e3o foi pronunciada<\/p>\n<p>\u201cO caixa da Petrobras \u00e9 nosso.\u201d<\/p>\n<p>Campanha flagrada<\/p>\n<p>&nbsp;<\/p>\n<p>Rigor<\/p>\n<p>\u00c9 preciso que a Secretaria da Sa\u00fade exija dos profissionais que a lavagem das m\u00e3os seja rigorosamente t\u00e9cnica. Hospitais e postos de sa\u00fade, principalmente na vacina\u00e7\u00e3o, a equipe \u00e9 completamente displicente na limpeza das m\u00e3os.<\/p>\n<p>&nbsp;<\/p>\n<p>Buraqueira<\/p>\n<p>Principalmente agora, durante cobran\u00e7a do IPVA, seria bom que os respons\u00e1veis pelo pavimento das estradas fizessem uma vistoria mais apurada. O que os cidad\u00e3os n\u00e3o aguentam mais \u00e9 pagarem impostos e n\u00e3o terem a contrapartida. Os buracos nas pistas, a cada chuva, acabam custando mais caro do que os impostos para a manuten\u00e7\u00e3o dos autom\u00f3veis.<\/p>\n<p>&nbsp;<\/p>\n<p>Desleixo<\/p>\n<p>No Trecho 8 da SMLN, uma empresa a servi\u00e7o da Caesb rasgou o asfalto para levar manilhas da RA do Parano\u00e1 at\u00e9 o Lago. Metade da pista, na entrada da quadra, era de asfalto, e hoje \u00e9 de terra. E fica por isso mesmo. Os moradores que pagam o IPTU mais caro da cidade que aguentem.<\/p>\n<p>&nbsp;<\/p>\n<p>Precificar<\/p>\n<p>Ocupando o terreno desde a funda\u00e7\u00e3o da cidade, o Lions Club recebeu apoio de Agaciel Maia para que permane\u00e7a no local. A Terracap quer leiloar a \u00e1rea. Talvez o pre\u00e7o do terreno valha o trabalho social que o Lions Club tem feito para contrabalan\u00e7ar a omiss\u00e3o do Estado.<\/p>\n<p>&nbsp;<\/p>\n<p>Atitude<\/p>\n<p>Por falar em social, a Action Aid, com sede no Rio de Janeiro, \u00e9 uma proposta interessante de caridade. A institui\u00e7\u00e3o tem o cadastro de crian\u00e7as que precisam de socorro, cuidados alimentares, carinho e aten\u00e7\u00e3o. Com R$ 50 por m\u00eas, a institui\u00e7\u00e3o repassa o que recebe dos apoiadores para uma crian\u00e7a, em especial, que tem endere\u00e7o e nome. Assim, voc\u00ea se comunica e pode at\u00e9 marcar um encontro. Nepal. Eti\u00f3pia, Z\u00e2mbia e tamb\u00e9m crian\u00e7as do Brasil s\u00e3o atendidas pela iniciativa. \u00c9 s\u00f3 ligar para 08009404420.<\/p>\n<p>&nbsp;<\/p>\n<p>Hist\u00f3ria de Bras\u00edlia<\/p>\n<p>N\u00e3o defendo o sr. Jango Goulart. Vemos, com tristeza, o tratamento que est\u00e1 sendo dado \u00e0 Constitui\u00e7\u00e3o, pela qual todos os deputados e senadores juraram. (Publicado em 2\/9\/1961)<\/p>\n<p>&nbsp;<\/p>\n","protected":false},"excerpt":{"rendered":"<p>Personalismo, que o dicion\u00e1rio traduz como atitude de que tem a si pr\u00f3prio como ponto de refer\u00eancia de tudo o que ocorre \u00e0 sua volta, adquiriu caracter\u00edsticas muito pr\u00f3prias entre n\u00f3s. Tomado fora do conceito de movimento ligado ao Humanismo de 1929, de Emmanuel Mounier, que busca conduzir o homem para a sua realiza\u00e7\u00e3o como pessoa, o que temos atualmente [&hellip;]<\/p>\n","protected":false},"author":34,"featured_media":0,"comment_status":"closed","ping_status":"closed","sticky":false,"template":"","format":"standard","meta":{"footnotes":""},"categories":[23],"tags":[],"class_list":["post-7639","post","type-post","status-publish","format-standard","hentry","category-integra"],"_links":{"self":[{"href":"https:\/\/blogs.correiobraziliense.com.br\/aricunha\/wp-json\/wp\/v2\/posts\/7639","targetHints":{"allow":["GET"]}}],"collection":[{"href":"https:\/\/blogs.correiobraziliense.com.br\/aricunha\/wp-json\/wp\/v2\/posts"}],"about":[{"href":"https:\/\/blogs.correiobraziliense.com.br\/aricunha\/wp-json\/wp\/v2\/types\/post"}],"author":[{"embeddable":true,"href":"https:\/\/blogs.correiobraziliense.com.br\/aricunha\/wp-json\/wp\/v2\/users\/34"}],"replies":[{"embeddable":true,"href":"https:\/\/blogs.correiobraziliense.com.br\/aricunha\/wp-json\/wp\/v2\/comments?post=7639"}],"version-history":[{"count":1,"href":"https:\/\/blogs.correiobraziliense.com.br\/aricunha\/wp-json\/wp\/v2\/posts\/7639\/revisions"}],"predecessor-version":[{"id":7640,"href":"https:\/\/blogs.correiobraziliense.com.br\/aricunha\/wp-json\/wp\/v2\/posts\/7639\/revisions\/7640"}],"wp:attachment":[{"href":"https:\/\/blogs.correiobraziliense.com.br\/aricunha\/wp-json\/wp\/v2\/media?parent=7639"}],"wp:term":[{"taxonomy":"category","embeddable":true,"href":"https:\/\/blogs.correiobraziliense.com.br\/aricunha\/wp-json\/wp\/v2\/categories?post=7639"},{"taxonomy":"post_tag","embeddable":true,"href":"https:\/\/blogs.correiobraziliense.com.br\/aricunha\/wp-json\/wp\/v2\/tags?post=7639"}],"curies":[{"name":"wp","href":"https:\/\/api.w.org\/{rel}","templated":true}]}}