{"id":7635,"date":"2016-03-24T01:09:00","date_gmt":"2016-03-24T04:09:00","guid":{"rendered":"https:\/\/blogs.correiobraziliense.com.br\/aricunha\/?p=7635"},"modified":"2016-04-15T07:11:59","modified_gmt":"2016-04-15T10:11:59","slug":"discurso","status":"publish","type":"post","link":"https:\/\/blogs.correiobraziliense.com.br\/aricunha\/discurso\/","title":{"rendered":"Discurso"},"content":{"rendered":"<p>Desde 1960\u00a0\u00a0\u00a0\u00a0\u00a0\u00a0\u00a0\u00a0\u00a0\u00a0\u00a0\u00a0\u00a0\u00a0\u00a0\u00a0\u00a0\u00a0\u00a0\u00a0\u00a0\u00a0\u00a0 aricunha@dabr.com.br<\/p>\n<p>com Circe Cunha \/\/ circecunha.df@dabr.com.br<\/p>\n<p>colaborador mamfil@outlook.com<\/p>\n<p>Um turista displicente, que adentrasse o Pal\u00e1cio do Planalto em meio \u00e0 solenidade em que os juristas petistas foram emprestar solidariedade \u00e0 presidente Dilma e ouvisse, por curiosidade, o discurso proferido em que a chefe do Executivo alertava para a imin\u00eancia de um golpe, com s\u00e9rios riscos para a ruptura democr\u00e1tica, com certeza pensaria estar em alguma outra republiqueta latino-americana, perdida em algum lugar do passado.<\/p>\n<p>Uma boa parcela da popula\u00e7\u00e3o brasileira j\u00e1 se habituou a considerar, nesses \u00faltimos anos, que nos discursos da presidente, aqueles previamente escritos e com in\u00edcio, meio e fim, uma parte \u00e9 composta por louva\u00e7\u00f5es a conquistas, outra se refere sempre ao papel que os pais da p\u00e1tria t\u00eam na reden\u00e7\u00e3o dos brasileiros e, da\u00ed, a import\u00e2ncia de mant\u00ea-los ad eternum no poder.<\/p>\n<p>A outra metade \u00e9 necessariamente formada por alertas e riscos para a continuidade do processo, caso a oposi\u00e7\u00e3o ou os discordantes venham a vencer as elei\u00e7\u00f5es. Em regra, esses discursos parecem escritos pelo pessoal de marketing, em colabora\u00e7\u00e3o com ficcionistas e outros art\u00edfices da literatura e da propaganda.<\/p>\n<p>A objetividade e a verdade dos fatos, com o reconhecimento dos erros de percurso do governo, s\u00e3o solenemente apagadas da fotografia oficial. Assim como s\u00e3o deixados de lado tamb\u00e9m quaisquer programas de governo de interesse da na\u00e7\u00e3o. Feitas as contas, o \u00faltimo discurso de Dilma \u00e9 tecido apenas com os fios invis\u00edveis da mentira, que busca dar roupagem a um governo que todos agora veem completamente nu.<\/p>\n<p>O problema com discursos com esse perfil \u00e9 que eles buscam recorrentemente a t\u00e1tica de apartar a sociedade em dois grupos antag\u00f4nicos, lan\u00e7ando uns contra os outros, sempre em proveito pr\u00f3prio. Os ataques \u00e0s institui\u00e7\u00f5es do Legislativo e do Judici\u00e1rio representam, isso sim, desservi\u00e7o \u00e0 democracia de consequ\u00eancias irrepar\u00e1veis. Ao afirmar ser necess\u00e1rio uma campanha pela legalidade, o que o governo deixa \u00e0 mostra \u00e9 seu desapre\u00e7o pelo que diz a Constitui\u00e7\u00e3o quanto aos mecanismos legais do processo de impeachment.<\/p>\n<p>Dizer que \u201ch\u00e1 uma ruptura institucional sendo forjada nos baixos por\u00f5es da pol\u00edtica\u201d, e que os di\u00e1logos gravados pela pol\u00edcia em que ela e o ex-presidente Lula, numa atitude flagrantemente antirrepublicana, tramam meios para obstruir a Justi\u00e7a, violam a seguran\u00e7a nacional, \u00e9 desrespeito \u00e0 nossa intelig\u00eancia e ao bom senso. Seria golpe se o governo e amigos tivessem cumprido a Constitui\u00e7\u00e3o e todas as leis ao exercer suas obriga\u00e7\u00f5es frente \u00e0 na\u00e7\u00e3o.<\/p>\n<p>O que esse governo hoje colhe n\u00e3o \u00e9 mais nem menos do que exatamente vem semeando nesses \u00faltimos anos. A presidente deveria dar gra\u00e7as aos c\u00e9us por n\u00e3o ter os \u00f3rg\u00e3os de investiga\u00e7\u00e3o gravado os di\u00e1logos mantidos entre ela e o ex-presidente Lula nos almo\u00e7os e jantares que ocorrem rotineiramente no Pal\u00e1cio da Alvorada sempre que h\u00e1 aumento da temperatura da crise. \u201cEu preferia n\u00e3o viver este momento\u201d, disse a presidente. Imaginem, ent\u00e3o, todos n\u00f3s?<\/p>\n<p>&nbsp;<\/p>\n<p>A frase que foi pronunciada<\/p>\n<p>\u201cDo rio que tudo arrasta se diz que \u00e9 violento. Mas ningu\u00e9m diz violentas as margens que o comprimem.\u201d<\/p>\n<p>Bertolt Brecht<\/p>\n<p>&nbsp;<\/p>\n<p>Educa\u00e7\u00e3o<\/p>\n<p>Aluno n\u00e3o tolera s\u00f3 ouvir sem participar. Da\u00ed o sucesso nas escolas que encampam a novidade. A crian\u00e7ada vibra com a oportunidade de fazer parte de projetos LabMakers. Trata-se de laborat\u00f3rio tecnol\u00f3gico, em que os pr\u00f3prios alunos criam projetos f\u00edsicos ou digitais. Espa\u00e7os tecnol\u00f3gicos que funcionam como laborat\u00f3rios que permitem aos estudantes criarem projetos f\u00edsicos ou digitais para que tenham novas e ricas oportunidades de aprendizado.<\/p>\n<p>&nbsp;<\/p>\n<p>Preven\u00e7\u00e3o<\/p>\n<p>Sem nunca ter enfrentado uma guerra, n\u00f3s os brasileiros n\u00e3o temos a cultura da economia. Mas, com as dificuldades mundiais, esse cen\u00e1rio vem mudando. A iniciativa de parlamentares para o combate ao desperd\u00edcio foi discutida em audi\u00eancia p\u00fablica na Comiss\u00e3o de Agricultura e Reforma Agr\u00e1ria.<\/p>\n<p>&nbsp;<\/p>\n<p>Sem fome<\/p>\n<p>Dois senadores solicitaram o debate. Senador Acir Guracz e Lasier Martins. O senador Ata\u00eddes Oliveira apresentou projeto de lei, dispondo que os estabelecimentos com mais de 200m\u00b2, que trabalhem com alimentos, firmem parcerias com institui\u00e7\u00f5es que se interessem pelas sobras. \u201cTemos no Brasil 26 milh\u00f5es de toneladas de alimentos que v\u00e3o, a cada ano, para o lixo. Sabemos que temos algo em torno de 7 milh\u00f5es de pessoas que passam fome no pa\u00eds, das quais 3,4 milh\u00f5es s\u00e3o crian\u00e7as, que poder\u00e3o ter comprometimento de seu aproveitamento escolar por causa da subnutri\u00e7\u00e3o\u201d, explica o senador Ata\u00eddes.<\/p>\n<p>&nbsp;<\/p>\n<p>Hist\u00f3ria de Bras\u00edlia<\/p>\n<p>A ideia geral, o pensamento do novo, \u00e9 no sentido de que o Congresso d\u00ea posse ao presidente Jango Goulart, e depois discuta a emenda parlamentarista. Tapar buraco na Constitui\u00e7\u00e3o para atender a interesses pol\u00edticos n\u00e3o \u00e9 fun\u00e7\u00e3o do poder que emana do povo. (Publicado em 2\/9\/1961)<\/p>\n","protected":false},"excerpt":{"rendered":"<p>Desde 1960\u00a0\u00a0\u00a0\u00a0\u00a0\u00a0\u00a0\u00a0\u00a0\u00a0\u00a0\u00a0\u00a0\u00a0\u00a0\u00a0\u00a0\u00a0\u00a0\u00a0\u00a0\u00a0\u00a0 aricunha@dabr.com.br com Circe Cunha \/\/ circecunha.df@dabr.com.br colaborador mamfil@outlook.com Um turista displicente, que adentrasse o Pal\u00e1cio do Planalto em meio \u00e0 solenidade em que os juristas petistas foram emprestar solidariedade \u00e0 presidente Dilma e ouvisse, por curiosidade, o discurso proferido em que a chefe do Executivo alertava para a imin\u00eancia de um golpe, com s\u00e9rios riscos para a ruptura [&hellip;]<\/p>\n","protected":false},"author":34,"featured_media":0,"comment_status":"closed","ping_status":"closed","sticky":false,"template":"","format":"standard","meta":{"footnotes":""},"categories":[23],"tags":[],"class_list":["post-7635","post","type-post","status-publish","format-standard","hentry","category-integra"],"_links":{"self":[{"href":"https:\/\/blogs.correiobraziliense.com.br\/aricunha\/wp-json\/wp\/v2\/posts\/7635","targetHints":{"allow":["GET"]}}],"collection":[{"href":"https:\/\/blogs.correiobraziliense.com.br\/aricunha\/wp-json\/wp\/v2\/posts"}],"about":[{"href":"https:\/\/blogs.correiobraziliense.com.br\/aricunha\/wp-json\/wp\/v2\/types\/post"}],"author":[{"embeddable":true,"href":"https:\/\/blogs.correiobraziliense.com.br\/aricunha\/wp-json\/wp\/v2\/users\/34"}],"replies":[{"embeddable":true,"href":"https:\/\/blogs.correiobraziliense.com.br\/aricunha\/wp-json\/wp\/v2\/comments?post=7635"}],"version-history":[{"count":2,"href":"https:\/\/blogs.correiobraziliense.com.br\/aricunha\/wp-json\/wp\/v2\/posts\/7635\/revisions"}],"predecessor-version":[{"id":7638,"href":"https:\/\/blogs.correiobraziliense.com.br\/aricunha\/wp-json\/wp\/v2\/posts\/7635\/revisions\/7638"}],"wp:attachment":[{"href":"https:\/\/blogs.correiobraziliense.com.br\/aricunha\/wp-json\/wp\/v2\/media?parent=7635"}],"wp:term":[{"taxonomy":"category","embeddable":true,"href":"https:\/\/blogs.correiobraziliense.com.br\/aricunha\/wp-json\/wp\/v2\/categories?post=7635"},{"taxonomy":"post_tag","embeddable":true,"href":"https:\/\/blogs.correiobraziliense.com.br\/aricunha\/wp-json\/wp\/v2\/tags?post=7635"}],"curies":[{"name":"wp","href":"https:\/\/api.w.org\/{rel}","templated":true}]}}