{"id":7588,"date":"2016-03-06T07:40:31","date_gmt":"2016-03-06T10:40:31","guid":{"rendered":"https:\/\/blogs.correiobraziliense.com.br\/aricunha\/?p=7588"},"modified":"2016-03-08T07:46:07","modified_gmt":"2016-03-08T10:46:07","slug":"minha-casa-minha-vida-e-alvo-de-milicias-e-do-crime-organizado","status":"publish","type":"post","link":"https:\/\/blogs.correiobraziliense.com.br\/aricunha\/minha-casa-minha-vida-e-alvo-de-milicias-e-do-crime-organizado\/","title":{"rendered":"Minha Casa Minha Vida \u00e9 alvo de mil\u00edcias e do crime organizado"},"content":{"rendered":"<p>Nos \u00faltimos tempos, o programa Minha Casa Minha Vida, do governo federal, tem sido alvo frequente de invas\u00f5es por parte de grupos identificados ora com mil\u00edcias policiais, ora com o crime organizado. Em ambos os casos, esses grupos miram fam\u00edlias indefesas, que ficam sob a mira dos criminosos. A inten\u00e7\u00e3o das fac\u00e7\u00f5es \u00e9, para a pol\u00edcia, marcar novos territ\u00f3rios nessas comunidades, integrando quem se alia e se submete e expulsando os contr\u00e1rios ou indiferentes.<\/p>\n<p>\u00c9 preciso notar que o fen\u00f4meno vem ocorrendo desde que foram entregues as primeiras unidades do programa e, at\u00e9 hoje, n\u00e3o houve investida efetiva dos \u00f3rg\u00e3os de seguran\u00e7a para livrar as comunidades do flagelo e das amea\u00e7as. Sem terem a quem recorrer, as fam\u00edlias desalojadas e amea\u00e7adas de morte preferem sair o quanto antes. Quem resiste \u00e9 morto. Os casos t\u00eam se multiplicado com rapidez preocupante. A situa\u00e7\u00e3o beira o surreal, com muitas localidades completamente dominadas pelos criminosos.<\/p>\n<p>O novo fil\u00e3o de lucros dos marginais em cima de fam\u00edlias de baixa renda cresce na medida em que as autoridades v\u00e3o abandonando esses locais \u00e0 pr\u00f3pria sorte. Os bandidos cobram ped\u00e1gios variados dos moradores, com valores muitas vezes superiores \u00e0 mensalidade paga pela propriedade. No Entorno do Distrito Federal, seis fam\u00edlias, expulsas por mil\u00edcias na cidade do Rio de Janeiro, est\u00e3o sendo assentadas provisoriamente pelo padre polon\u00eas Pedro Stepien.<\/p>\n<p>Pela ousadia de peitar os criminosos, o religioso vem sendo amea\u00e7ado de morte. Stepien faz o trabalhode modo solit\u00e1rio e n\u00e3o conta com o apoio das autoridades. Moradores do mais novo conjunto habitacional do programa Minha Casa Minha Vida no Parano\u00e1 tamb\u00e9m relatam casos de marginais que v\u00eam assustando as fam\u00edlias, expulsando e amea\u00e7ando pessoas que resistem. Para um programa que \u00e9 vitrine do governo, a a\u00e7\u00e3o livre dos marginais n\u00e3o tem explica\u00e7\u00e3o e n\u00e3o pode ser tolerada, sob pena de p\u00f4r a perder o projeto financiado com o dinheiro da popula\u00e7\u00e3o.<\/p>\n<p>&nbsp;<\/p>\n<p><b>A frase que n\u00e3o foi pronunciada<\/b><\/p>\n<p><i>\u201cSe quiseram matar a jararaca, n\u00e3o bateram na cabe\u00e7a. Bateram no rabo. A jararaca est\u00e1 viva. Como sempre esteve.\u201d<\/i><\/p>\n<p>Declara\u00e7\u00e3o de Lula durante a Opera\u00e7\u00e3o Aletheia<\/p>\n<p>&nbsp;<\/p>\n<p><b>Chegou<\/b><\/p>\n<p>FAB suspende decolagens simult\u00e2neas no Aeroporto de Bras\u00edlia por causa do risco de choque entre as aeronaves. Quando vinha de Fortaleza, dona Eva sempre dizia que haveria um dia em que o tr\u00e2nsito no c\u00e9u seria igual ao da Terra.<\/p>\n<p>&nbsp;<\/p>\n<p><b>Pioneiro<\/b><\/p>\n<p>Bela e justa a homenagem ao ministro do STF Marco Aur\u00e9lio Mello, que recebeu o Diploma Bertha Lutz por ter sido importante defensor da participa\u00e7\u00e3o da mulher na pol\u00edtica. Ele foi o primeiro homem a receber a comenda. O Conselho do Diploma Mulher-Cidad\u00e3 Bertha Lutz \u00e9 presidido pela senadora Simone Tebet (PMDB-MS) e composto por 15 senadores.<\/p>\n<p>&nbsp;<\/p>\n<p><b>Reconhecimento<\/b><\/p>\n<p>Tamb\u00e9m agraciadas: Ellen Gracie Northfleet, Lucia Regina Antony, Luiza Helena de Barros e Lia Luft.<\/p>\n<p>&nbsp;<\/p>\n<p><b>Projeto<\/b><\/p>\n<p>Por enquanto, n\u00e3o h\u00e1 legisla\u00e7\u00e3o trabalhista que determine o abono de faltas para atestado de acompanhamento de familiar em tratamento de sa\u00fade. Acordos e conven\u00e7\u00f5es coletivas mant\u00eam posi\u00e7\u00f5es mais ben\u00e9ficas para o trabalhador. O senador Flexa de Lima tem proposta sobre o assunto.<\/p>\n<p>&nbsp;<\/p>\n<p><b>Parceria<\/b><\/p>\n<p>Libras, a linguagem brasileira de sinais, \u00e9 disciplina disputad\u00edssima na UnB. S\u00e3o 375 alunos na lista de espera. Pessoal do Ryben\u00e1 poderia dar suporte \u00e0 universidade.<\/p>\n<p>&nbsp;<\/p>\n<p><b>Hist\u00f3ria de Bras\u00edlia<\/b><\/p>\n<p>A Rede da Legalidade est\u00e1 transmitindo nas seguintes frequ\u00eancias: 49 metros, 5.965 quilociclos; 31 metros, 9.731 quilociclos; ondas m\u00e9dias 680 quilociclos. Ainda em ondas m\u00e9dias, nas frequ\u00eancias de 720 a 780 quilociclos.(Publicado em 1\/9\/1961)<\/p>\n","protected":false},"excerpt":{"rendered":"<p>Nos \u00faltimos tempos, o programa Minha Casa Minha Vida, do governo federal, tem sido alvo frequente de invas\u00f5es por parte de grupos identificados ora com mil\u00edcias policiais, ora com o crime organizado. Em ambos os casos, esses grupos miram fam\u00edlias indefesas, que ficam sob a mira dos criminosos. A inten\u00e7\u00e3o das fac\u00e7\u00f5es \u00e9, para a pol\u00edcia, marcar novos territ\u00f3rios nessas [&hellip;]<\/p>\n","protected":false},"author":34,"featured_media":0,"comment_status":"closed","ping_status":"closed","sticky":false,"template":"","format":"standard","meta":{"footnotes":""},"categories":[23],"tags":[],"class_list":["post-7588","post","type-post","status-publish","format-standard","hentry","category-integra"],"_links":{"self":[{"href":"https:\/\/blogs.correiobraziliense.com.br\/aricunha\/wp-json\/wp\/v2\/posts\/7588","targetHints":{"allow":["GET"]}}],"collection":[{"href":"https:\/\/blogs.correiobraziliense.com.br\/aricunha\/wp-json\/wp\/v2\/posts"}],"about":[{"href":"https:\/\/blogs.correiobraziliense.com.br\/aricunha\/wp-json\/wp\/v2\/types\/post"}],"author":[{"embeddable":true,"href":"https:\/\/blogs.correiobraziliense.com.br\/aricunha\/wp-json\/wp\/v2\/users\/34"}],"replies":[{"embeddable":true,"href":"https:\/\/blogs.correiobraziliense.com.br\/aricunha\/wp-json\/wp\/v2\/comments?post=7588"}],"version-history":[{"count":1,"href":"https:\/\/blogs.correiobraziliense.com.br\/aricunha\/wp-json\/wp\/v2\/posts\/7588\/revisions"}],"predecessor-version":[{"id":7590,"href":"https:\/\/blogs.correiobraziliense.com.br\/aricunha\/wp-json\/wp\/v2\/posts\/7588\/revisions\/7590"}],"wp:attachment":[{"href":"https:\/\/blogs.correiobraziliense.com.br\/aricunha\/wp-json\/wp\/v2\/media?parent=7588"}],"wp:term":[{"taxonomy":"category","embeddable":true,"href":"https:\/\/blogs.correiobraziliense.com.br\/aricunha\/wp-json\/wp\/v2\/categories?post=7588"},{"taxonomy":"post_tag","embeddable":true,"href":"https:\/\/blogs.correiobraziliense.com.br\/aricunha\/wp-json\/wp\/v2\/tags?post=7588"}],"curies":[{"name":"wp","href":"https:\/\/api.w.org\/{rel}","templated":true}]}}