{"id":7571,"date":"2016-02-25T07:30:22","date_gmt":"2016-02-25T10:30:22","guid":{"rendered":"https:\/\/blogs.correiobraziliense.com.br\/aricunha\/?p=7571"},"modified":"2016-03-08T07:31:15","modified_gmt":"2016-03-08T10:31:15","slug":"infraestrutura-no-chao","status":"publish","type":"post","link":"https:\/\/blogs.correiobraziliense.com.br\/aricunha\/infraestrutura-no-chao\/","title":{"rendered":"Infraestrutura no ch\u00e3o"},"content":{"rendered":"<p>Quem ocupa cargo no Executivo sabe que administrar \u00e9, antes de tudo, ter disposi\u00e7\u00e3o para se tornar saco de pancada da popula\u00e7\u00e3o. Mesmo os gestores mais dedicados sofrem com o que chamam de ingratid\u00e3o perene da sociedade. Tamb\u00e9m, n\u00e3o \u00e9 para menos. Em uma sociedade em que os impostos arrancam, diretamente, mais de um ter\u00e7o da renda dos trabalhadores e, indiretamente, tomam o restante, embutido nas mais variadas formas de bens de consumo, cobrar a\u00e7\u00e3o do Estado \u00e9 mais do que uma obriga\u00e7\u00e3o, \u00e9 modo de exercer a cidadania.<\/p>\n<p>A crise econ\u00f4mica que atinge o pa\u00eds n\u00e3o poupa a capital. O encurtamento do dinheiro \u00e9 sentido em todos os servi\u00e7os p\u00fablicos da cidade, principalmente nos mais sens\u00edveis, como a sa\u00fade. O desabastecimento de produtos de uso hospitalar de primeira necessidade \u00e9 fato. Nos postos de sa\u00fade, a procura pelas vacinas contra difteria, t\u00e9tano e coqueluche (dTpa) tem sido em v\u00e3o.<\/p>\n<p>Para muitas gestantes, a op\u00e7\u00e3o tem sido buscar o medicamento em cl\u00ednicas particulares, nas quais os pre\u00e7os s\u00e3o mais do que o dobro da rede p\u00fablica. O mesmo ocorre com as vacinas imunizadoras contra a hepatite B, em falta na maioria dos postos. Nas cl\u00ednicas particulares,\u00a0 simples dose de vacina contra a meningite B chega a custar R$ 800. A culpa, segundo os m\u00e9dicos, \u00e9 do d\u00f3lar alto, j\u00e1 que esses medicamentos usam insumos importados.<\/p>\n<p>Dizem que a tend\u00eancia \u00e9 de que haja ainda mais aumentos. A subida na cota\u00e7\u00e3o da moeda norte-americana e da infla\u00e7\u00e3o, que s\u00f3 neste m\u00eas ficou em 1,4%, o maior desde 2003, \u00e9 a causa da disparada dos pre\u00e7os dos medicamentos, afetando basicamente a popula\u00e7\u00e3o de baixa renda.<\/p>\n<p>Se o caso \u00e9 cora\u00e7\u00e3o, a popula\u00e7\u00e3o j\u00e1 sabe que o Hospital de Base, refer\u00eancia em casos de cardiologia, est\u00e1 em colapso. De acordo com reportagem feita por Ot\u00e1vio Augusto e Camila Costa, do Correio, faltam enzimas card\u00edacas e marca-passos. Os exames de cardiologia n\u00e3o est\u00e3o sendo realizados.<\/p>\n<p>S\u00f3 no ano passado, a falta de recursos levou ao fechamento de 20 UTIs geral e pedi\u00e1tricas, al\u00e9m de 30 leitos das especialidades de neurologia, urologia, infectologia, pneumologia, gastroenterologia, endocrinologia, reumatologia, ginecologia oncol\u00f3gica, angiologia e mastologia, informa a reportagem. As causas da falta de infraestrutura na sa\u00fade p\u00fablica s\u00e3o m\u00faltiplas e decorrentes da crise profunda enfrentada pelo pa\u00eds. Mas, para a popula\u00e7\u00e3o, a corrup\u00e7\u00e3o end\u00eamica e a gest\u00e3o deficiente e sem rigor s\u00e3o as causas primeiras.<\/p>\n<p>&nbsp;<\/p>\n<p><strong>A frase que n\u00e3o foi pronunciada<\/strong><\/p>\n<p><em>\u201cA surra que a oposi\u00e7\u00e3o d\u00e1 no governo \u00e9 igualzinha a surra que a vov\u00f3 me d\u00e1. Com gravata de seda do vov\u00f4\u201d<\/em><\/p>\n<p>Jo\u00e3o Marcelo, entre a inf\u00e2ncia e as not\u00edcias<\/p>\n<p>&nbsp;<\/p>\n<p><strong>Enfim<\/strong><\/p>\n<p>Neste ano, o governo Rollemberg quer diminuir as filas na Rodovi\u00e1ria para a compra do passe estudantil. Basta preencher o cadastro no portal do DFTrans. A lista completa dos documentos necess\u00e1rios para a retirada do passes tamb\u00e9m est\u00e1 l\u00e1. Ao todo, s\u00e3o 54 viagens mensais.<\/p>\n<p>&nbsp;<\/p>\n<p><strong>Mudan\u00e7as<\/strong><\/p>\n<p>Family Hair \u00e9 sal\u00e3o bastante frequentado no Lago Norte. Acostumadas com a tranquilidade do local, as clientes levaram um susto e tanto. Um rapaz entrou no local, roubou todos os objetos poss\u00edveis, dinheiro e, da mesma maneira tranquila que entrou, saiu. Depois do ocorrido, funcion\u00e1rios da farm\u00e1cia disseram que tamb\u00e9m sofreram assalto \u00e0 m\u00e3o armada.<\/p>\n<p>&nbsp;<\/p>\n<p><strong>Brinquedo, n\u00e3o<\/strong><\/p>\n<p>Armas pesadas usadas por grupos criminosos foram encontradas em creche na regi\u00e3o metropolitana de Porto Alegre. Um homem estava guardando os artefatos nos fundos da escola quando foi preso em flagrante.<\/p>\n<p>&nbsp;<\/p>\n<p><strong>Na frente<\/strong><\/p>\n<p>Todas as possibilidades de tirar os primeiros lugares s\u00e3o dadas ao Brasil quando o assunto \u00e9 negativo. Educa\u00e7\u00e3o, grau de investimento, viol\u00eancia, c\u00e1rceres em estado prec\u00e1rio. Dessa vez o nosso pa\u00eds foi o \u00fanico do Brics rebaixado pelas tr\u00eas ag\u00eancias que avaliam o grau de investimento.<\/p>\n<p>&nbsp;<\/p>\n<p><strong>Hist\u00f3ria de Bras\u00edlia<\/strong><\/p>\n<p>Foram, igualmente, suspensos todos os voos para Porto Alegre e pa\u00edses do Prata, exce\u00e7\u00e3o feita aos voos de Boeing, que v\u00e3o at\u00e9 Buenos Aires, Montevid\u00e9u, entretanto, n\u00e3o est\u00e1 mais recebendo aparelhos da Varig. (Publicado em 1\u00ba\/9\/1961)<\/p>\n","protected":false},"excerpt":{"rendered":"<p>Quem ocupa cargo no Executivo sabe que administrar \u00e9, antes de tudo, ter disposi\u00e7\u00e3o para se tornar saco de pancada da popula\u00e7\u00e3o. Mesmo os gestores mais dedicados sofrem com o que chamam de ingratid\u00e3o perene da sociedade. Tamb\u00e9m, n\u00e3o \u00e9 para menos. Em uma sociedade em que os impostos arrancam, diretamente, mais de um ter\u00e7o da renda dos trabalhadores e, [&hellip;]<\/p>\n","protected":false},"author":34,"featured_media":0,"comment_status":"closed","ping_status":"closed","sticky":false,"template":"","format":"standard","meta":{"footnotes":""},"categories":[23],"tags":[],"class_list":["post-7571","post","type-post","status-publish","format-standard","hentry","category-integra"],"_links":{"self":[{"href":"https:\/\/blogs.correiobraziliense.com.br\/aricunha\/wp-json\/wp\/v2\/posts\/7571","targetHints":{"allow":["GET"]}}],"collection":[{"href":"https:\/\/blogs.correiobraziliense.com.br\/aricunha\/wp-json\/wp\/v2\/posts"}],"about":[{"href":"https:\/\/blogs.correiobraziliense.com.br\/aricunha\/wp-json\/wp\/v2\/types\/post"}],"author":[{"embeddable":true,"href":"https:\/\/blogs.correiobraziliense.com.br\/aricunha\/wp-json\/wp\/v2\/users\/34"}],"replies":[{"embeddable":true,"href":"https:\/\/blogs.correiobraziliense.com.br\/aricunha\/wp-json\/wp\/v2\/comments?post=7571"}],"version-history":[{"count":1,"href":"https:\/\/blogs.correiobraziliense.com.br\/aricunha\/wp-json\/wp\/v2\/posts\/7571\/revisions"}],"predecessor-version":[{"id":7572,"href":"https:\/\/blogs.correiobraziliense.com.br\/aricunha\/wp-json\/wp\/v2\/posts\/7571\/revisions\/7572"}],"wp:attachment":[{"href":"https:\/\/blogs.correiobraziliense.com.br\/aricunha\/wp-json\/wp\/v2\/media?parent=7571"}],"wp:term":[{"taxonomy":"category","embeddable":true,"href":"https:\/\/blogs.correiobraziliense.com.br\/aricunha\/wp-json\/wp\/v2\/categories?post=7571"},{"taxonomy":"post_tag","embeddable":true,"href":"https:\/\/blogs.correiobraziliense.com.br\/aricunha\/wp-json\/wp\/v2\/tags?post=7571"}],"curies":[{"name":"wp","href":"https:\/\/api.w.org\/{rel}","templated":true}]}}