{"id":7418,"date":"2016-01-12T12:14:05","date_gmt":"2016-01-12T14:14:05","guid":{"rendered":"https:\/\/blogs.correiobraziliense.com.br\/aricunha\/?p=7418"},"modified":"2016-01-12T12:14:05","modified_gmt":"2016-01-12T14:14:05","slug":"a-frase-que-nao-foi-pronunciada-19","status":"publish","type":"post","link":"https:\/\/blogs.correiobraziliense.com.br\/aricunha\/a-frase-que-nao-foi-pronunciada-19\/","title":{"rendered":"A frase que n\u00e3o foi pronunciada"},"content":{"rendered":"<p><i>\u201cEstamos entre a caneta e a espada.\u201d<\/i><\/p>\n<p>Algu\u00e9m vislumbrando o futuro do pa\u00eds quando viu que 104 alunos foram bem na reda\u00e7\u00e3o\u00a0do Enem e 53 mil tiraram nota zero<\/p>\n","protected":false},"excerpt":{"rendered":"<p>\u201cEstamos entre a caneta e a espada.\u201d Algu\u00e9m vislumbrando o futuro do pa\u00eds quando viu que 104 alunos foram bem na reda\u00e7\u00e3o\u00a0do Enem e 53 mil tiraram nota zero<\/p>\n","protected":false},"author":34,"featured_media":0,"comment_status":"closed","ping_status":"open","sticky":false,"template":"","format":"standard","meta":{"footnotes":""},"categories":[9],"tags":[],"class_list":["post-7418","post","type-post","status-publish","format-standard","hentry","category-frases"],"_links":{"self":[{"href":"https:\/\/blogs.correiobraziliense.com.br\/aricunha\/wp-json\/wp\/v2\/posts\/7418","targetHints":{"allow":["GET"]}}],"collection":[{"href":"https:\/\/blogs.correiobraziliense.com.br\/aricunha\/wp-json\/wp\/v2\/posts"}],"about":[{"href":"https:\/\/blogs.correiobraziliense.com.br\/aricunha\/wp-json\/wp\/v2\/types\/post"}],"author":[{"embeddable":true,"href":"https:\/\/blogs.correiobraziliense.com.br\/aricunha\/wp-json\/wp\/v2\/users\/34"}],"replies":[{"embeddable":true,"href":"https:\/\/blogs.correiobraziliense.com.br\/aricunha\/wp-json\/wp\/v2\/comments?post=7418"}],"version-history":[{"count":1,"href":"https:\/\/blogs.correiobraziliense.com.br\/aricunha\/wp-json\/wp\/v2\/posts\/7418\/revisions"}],"predecessor-version":[{"id":7419,"href":"https:\/\/blogs.correiobraziliense.com.br\/aricunha\/wp-json\/wp\/v2\/posts\/7418\/revisions\/7419"}],"wp:attachment":[{"href":"https:\/\/blogs.correiobraziliense.com.br\/aricunha\/wp-json\/wp\/v2\/media?parent=7418"}],"wp:term":[{"taxonomy":"category","embeddable":true,"href":"https:\/\/blogs.correiobraziliense.com.br\/aricunha\/wp-json\/wp\/v2\/categories?post=7418"},{"taxonomy":"post_tag","embeddable":true,"href":"https:\/\/blogs.correiobraziliense.com.br\/aricunha\/wp-json\/wp\/v2\/tags?post=7418"}],"curies":[{"name":"wp","href":"https:\/\/api.w.org\/{rel}","templated":true}]}}