{"id":28143,"date":"2026-09-02T09:16:05","date_gmt":"2026-09-02T12:16:05","guid":{"rendered":"https:\/\/blogs.correiobraziliense.com.br\/aricunha\/?p=28143"},"modified":"2026-09-02T09:16:05","modified_gmt":"2026-09-02T12:16:05","slug":"coro-sinfonico-comunitario-da-unb","status":"publish","type":"post","link":"https:\/\/blogs.correiobraziliense.com.br\/aricunha\/coro-sinfonico-comunitario-da-unb\/","title":{"rendered":"Coro Sinf\u00f4nico Comunit\u00e1rio da UnB"},"content":{"rendered":"\n<h1 class=\"wp-block-heading\"><\/h1>\n\n\n\n<p class=\"wp-block-paragraph\">Criado em 1991 pelo maestro David Junker, o CSC UnB nasceu como um laborat\u00f3rio. O maestro acreditava que pessoas de diferentes classes sociais, n\u00edveis de escolaridade e experi\u00eancias de vida, mesmo aquelas que jamais haviam lido uma partitura, seriam capazes de apreender e interpretar obras de Mozart, Bach, Beethoven, Vaughan Williams, entre tantos outros grandes compositores.<\/p>\n\n\n\n<p class=\"wp-block-paragraph\">Para testar sua hip\u00f3tese, bastava um ensaio, todas as quintas-feiras. Muitos colegas, por\u00e9m, duvidavam da ideia. Como costuma acontecer diante de uma proposta que rompe com o estabelecido, o ceticismo n\u00e3o faltou. Mas o resultado estava por vir.<\/p>\n\n\n\n<p class=\"wp-block-paragraph\">No primeiro acorde do ensaio final, maestro e cantores puderam constatar o que at\u00e9 ent\u00e3o era apenas uma hip\u00f3tese: David Junker estava certo. Pessoas sem forma\u00e7\u00e3o musical formal eram, sim, capazes de compreender, assimilar e dar vida a algumas das mais complexas obras do repert\u00f3rio coral.<\/p>\n\n\n\n<p class=\"wp-block-paragraph\">E assim forma mais de duas d\u00e9cadas formando cantores e p\u00fablico na cidade. <\/p>\n\n\n\n<p class=\"wp-block-paragraph\"><a href=\"https:\/\/youtu.be\/koWTE3fjypk\" data-type=\"link\" data-id=\"https:\/\/youtu.be\/koWTE3fjypk\">Confira aqui a primeira apresenta\u00e7\u00e3o do Coro Sinf\u00f4nico Comunit\u00e1rio da UnB.<\/a><\/p>\n\n\n\n<p class=\"wp-block-paragraph\">Forte abra\u00e7o,<\/p>\n\n\n\n<p class=\"wp-block-paragraph\">Circe Cunha<\/p>\n","protected":false},"excerpt":{"rendered":"<p>Criado em 1991 pelo maestro David Junker, o CSC UnB nasceu como um laborat\u00f3rio. O maestro acreditava que pessoas de diferentes classes sociais, n\u00edveis de escolaridade e experi\u00eancias de vida, mesmo aquelas que jamais haviam lido uma partitura, seriam capazes de apreender e interpretar obras de Mozart, Bach, Beethoven, Vaughan Williams, entre tantos outros grandes compositores. Para testar sua hip\u00f3tese, [&hellip;]<\/p>\n","protected":false},"author":34,"featured_media":0,"comment_status":"open","ping_status":"open","sticky":false,"template":"","format":"standard","meta":{"footnotes":""},"categories":[1],"tags":[],"class_list":["post-28143","post","type-post","status-publish","format-standard","hentry","category-integra-integra"],"_links":{"self":[{"href":"https:\/\/blogs.correiobraziliense.com.br\/aricunha\/wp-json\/wp\/v2\/posts\/28143","targetHints":{"allow":["GET"]}}],"collection":[{"href":"https:\/\/blogs.correiobraziliense.com.br\/aricunha\/wp-json\/wp\/v2\/posts"}],"about":[{"href":"https:\/\/blogs.correiobraziliense.com.br\/aricunha\/wp-json\/wp\/v2\/types\/post"}],"author":[{"embeddable":true,"href":"https:\/\/blogs.correiobraziliense.com.br\/aricunha\/wp-json\/wp\/v2\/users\/34"}],"replies":[{"embeddable":true,"href":"https:\/\/blogs.correiobraziliense.com.br\/aricunha\/wp-json\/wp\/v2\/comments?post=28143"}],"version-history":[{"count":1,"href":"https:\/\/blogs.correiobraziliense.com.br\/aricunha\/wp-json\/wp\/v2\/posts\/28143\/revisions"}],"predecessor-version":[{"id":28144,"href":"https:\/\/blogs.correiobraziliense.com.br\/aricunha\/wp-json\/wp\/v2\/posts\/28143\/revisions\/28144"}],"wp:attachment":[{"href":"https:\/\/blogs.correiobraziliense.com.br\/aricunha\/wp-json\/wp\/v2\/media?parent=28143"}],"wp:term":[{"taxonomy":"category","embeddable":true,"href":"https:\/\/blogs.correiobraziliense.com.br\/aricunha\/wp-json\/wp\/v2\/categories?post=28143"},{"taxonomy":"post_tag","embeddable":true,"href":"https:\/\/blogs.correiobraziliense.com.br\/aricunha\/wp-json\/wp\/v2\/tags?post=28143"}],"curies":[{"name":"wp","href":"https:\/\/api.w.org\/{rel}","templated":true}]}}